{"id":76187,"date":"2022-03-21T09:21:56","date_gmt":"2022-03-21T12:21:56","guid":{"rendered":"https:\/\/argentinaxp.com\/?post_type=blog&#038;p=76187"},"modified":"2022-03-21T09:21:56","modified_gmt":"2022-03-21T12:21:56","slug":"raquel-liberman-historia-de-una-mujer-que-fue-simbolo-de-la-lucha-contra-la-trata","status":"publish","type":"blog","link":"https:\/\/blog.argxp.com\/de\/blog\/raquel-liberman-historia-de-una-mujer-que-fue-simbolo-de-la-lucha-contra-la-trata\/","title":{"rendered":"Raquel Liberman: Geschichte einer Frau, die ein Symbol f\u00fcr den Kampf gegen den Menschenhandel war,"},"content":{"rendered":"<p class=\"wp-block-paragraph\"><strong>Raquel Liberman<\/strong> Sie starb 1935. Schilddr\u00fcsenkrebs hatte sie verschlungen. Er sprach nicht mehr. Die Qual war kurz, aber sehr schmerzhaft. Auch ihr Aussehen war vor ihrer Erkrankung nicht gut. Er war 35 Jahre alt, schien aber in den F\u00fcnfzigern zu sein. Er war ein ersch\u00f6pfter, gebrochener Mensch. Mit einer Vergangenheit, die sie nicht verlie\u00df, mit st\u00e4ndigem Schmerz, der sie durchlief. Sie war jedoch eine ruhige Frau. Er hatte gek\u00e4mpft, er hatte trotz widriger Umst\u00e4nde nicht aufgegeben und er hatte gewonnen. Allen Widrigkeiten zum Trotz.<\/p>\n\n\n\n<figure class=\"wp-block-gallery has-nested-images columns-default is-cropped wp-block-gallery-1 is-layout-flex wp-block-gallery-is-layout-flex\">\n<figure class=\"wp-block-image size-large\"><img decoding=\"async\" data-id=\"76189\" src=\"https:\/\/blog.argxp.com\/wp-content\/uploads\/2025\/05\/pasaporte-raquel-liberman.jpg\" alt=\"\" class=\"wp-image-76189\"\/><\/figure>\n\n\n\n<figure class=\"wp-block-image size-large\"><img decoding=\"async\" data-id=\"76191\" src=\"https:\/\/blog.argxp.com\/wp-content\/uploads\/2025\/05\/raquel-liberman-prostituta-800x450.jpg\" alt=\"\" class=\"wp-image-76191\"\/><\/figure>\n\n\n\n<figure class=\"wp-block-image size-large\"><img decoding=\"async\" data-id=\"76190\" src=\"https:\/\/blog.argxp.com\/wp-content\/uploads\/2025\/05\/tumba-raquel-liberman.jpg\" alt=\"\" class=\"wp-image-76190\"\/><\/figure>\n\n\n\n<figure class=\"wp-block-image size-large\"><img decoding=\"async\" data-id=\"76192\" src=\"https:\/\/blog.argxp.com\/wp-content\/uploads\/2025\/05\/zwi-migdal-800x533.png\" alt=\"\" class=\"wp-image-76192\"\/><\/figure>\n<\/figure>\n\n\n\n<p class=\"wp-block-paragraph\"><strong>Ruchla Laja Liberman<\/strong> Er wurde am 10. Juli 1900 in Berdichev, der heutigen Ukraine, geboren. Als Kind wanderte sie mit ihren Eltern nach Warschau aus, wo sie mehr als zwei Drittel ihres kurzen Lebens verbrachte. 1919 heiratete sie Yaacov Ferber und bekam im folgenden Jahr ihren ersten Sohn, Joshua. Als sie 1921 mit ihrem zweiten Kind schwanger war, wanderte ihr Mann auf der Suche nach Arbeit nach Argentinien aus. Aber seine letzten Jahre (und der Name, den er in diesen Jahren annahm) verschafften ihm Unsterblichkeit. Ihr Schicksal war es, unbemerkt zu bleiben, unterworfen zu werden, ein weiteres Opfer, wie so viele tausend andere. Aber sie weigerte sich, sie rebellierte. Und mit ungew\u00f6hnlichem Mut stand er seinen Ausbeutern gegen\u00fcber.<\/p>\n\n\n\n<p class=\"wp-block-paragraph\">Er inspirierte \u2013 mit vielen historischen Lizenzen \u2013 die Figur, die Eugenia La China Su\u00e1rez in Argentinien, dem Land der Liebe und Rache, spielte.<br \/>Zu Beginn des letzten Jahrhunderts war das Leben in Polen sehr hart. Hunger, N\u00f6te und Pogrome. F\u00fcr junge Juden schien jeder Weg verlockend, jedes andere Ziel auf der Welt bot Aufregung.<\/p>\n\n\n\n<p class=\"wp-block-paragraph\">Ruchla como tantas otras j\u00f3venes polacas jud\u00edas parti\u00f3 hacia Argentina buscando un futuro mejor, escapar a la miseria. Pero su historia no es igual a la de las dem\u00e1s. \u00abLa Polaca\u00bb emigr\u00f3 a la Argentina en 1922 junto a dos peque\u00f1os hijos -Josu\u00e9 de dos a\u00f1os y Mois\u00e9s de meses- para reunirse con su esposo, que la esperaba en la localidad bonaerense de Tapalqu\u00e9. Elke, la cu\u00f1ada de \u00abla Polaca\u00bb, era la madama de un burdel. \u00abNo se sabe si Raquel sab\u00eda de esto antes de llegar al pa\u00eds o si cre\u00eda que iba a trabajar ayudando a su marido, que era sastre, pero nunca hab\u00eda conseguido trabajo y viv\u00eda de su hermana.\u201d<\/p>\n\n\n\n<p class=\"wp-block-paragraph\">Kurz darauf starb Jacob an Tuberkulose. Ruchla, der bei seiner Ankunft in Argentinien den Namen annahm <strong>Raquel Liberman<\/strong>, (die Namen der Einwanderer wurden normalerweise spanischisiert) \u00fcberlie\u00df ihre Kinder der Obhut von Menschen aus Tapalqu\u00e9 und lie\u00df sich in Buenos Aires nieder, um ihren Lebensunterhalt zu verdienen. Prostitution, ein Markenzeichen der damaligen Zeit, war ein Weg, den man kaum ignorieren konnte.<br \/>Die Raufbolde zogen durch ganz Buenos Aires. Sie waren aller Herkunft. Italiener, Spanier, Franzosen, Juden. Die Organisation, die im Laufe der Zeit den gr\u00f6\u00dften Ruhm erlangte, war Zwi Migdal, polnisch-j\u00fcdischer Herkunft.<\/p>\n\n\n\n<p class=\"wp-block-paragraph\"><strong>Raquel Liberman<\/strong> Er arbeitete mehrere Jahre in den Bordellen von Zwi Migdal. Ihre Zustimmung war besser als die der anderen M\u00e4dchen. Er behielt einen gr\u00f6\u00dferen Prozentsatz. So konnte er sich seine Freiheit bald f\u00fcr $1.500 erkaufen.<\/p>\n\n\n\n<p class=\"wp-block-paragraph\">Er praktizierte alleine weiter. Sie heiratete Jos\u00e9 Korn, den viele f\u00fcr einen Gesandten der Zwi Migdal hielten, um sicherzustellen, dass sie erneut in ihre F\u00e4nge geriet. Niemand kann sich so einfach aus diesen Mafia-Verb\u00e4nden befreien. Dieser Mann hat Raquel betrogen. In einem betr\u00fcgerischen Man\u00f6ver erwarb er ein Haus in seinem Namen f\u00fcr 60.000 Pesos. Korn richtete in diesem Haus ein Bordell ein, wie es nicht anders sein k\u00f6nnte. Raquel stand wieder einmal vor dem Nichts. Und seine Suche nach Gerechtigkeit begann.<\/p>\n\n\n\n<p class=\"wp-block-paragraph\">Der Niedergang dieses Prostitutionsgesch\u00e4fts, das jedes Jahr Millionen einbrachte, begann mit diesem kleinen Betrug, den der geknackte Drei\u00dfigj\u00e4hrige nicht verzeihen wollte. Ehrgeiz und Straflosigkeit verloren den Zwi Migdal. Er begegnete einer entschlossenen Frau, die der Dem\u00fctigung \u00fcberdr\u00fcssig war, einem f\u00fcrstlichen Kommissar und einem Richter, der nicht der Versuchung der K\u00e4uflichkeit verfiel.<br \/><br \/>Raquel hatte das gleiche Schicksal wie die anderen Polen: Ihre Jugend den Raufbolden und Kunden zu schenken, vorzeitig alt zu werden, das Leben satt zu haben und durch eine J\u00fcngere ersetzt zu werden, vielleicht nur f\u00fcnf Jahre j\u00fcnger als sie, aber ohne die offensichtlichen Abnutzungserscheinungen, ohne die in sein Gesicht gemei\u00dfelte Sch\u00e4rfe der Niederlage, ohne die Spuren der Ausbeutung, die seinen K\u00f6rper zerfurchen.<\/p>\n\n\n\n<p class=\"wp-block-paragraph\">Die Frau verlangte ihr Geld. Dieses Geld war seine Unabh\u00e4ngigkeit. Das Paradoxe ist, dass es ihr gelungen ist, die Organisation der Raufbolde zu beenden und mit ihren Ersparnissen selbst eine Frau werden wollte. Sie h\u00f6rten nicht auf seine Bitten. Weder ihr Ex-Mann Korn noch die Direktoren des Zwi Migdal, zu denen sie ging. Dann meldete sie den Betrug, aber niemand glaubte, dass die Gerichte ihr zuh\u00f6ren w\u00fcrden. Wer w\u00fcrde einer polnischen Prostituierten Aufmerksamkeit schenken? Welche Art von Ermittlungen k\u00f6nnten sie mit rechtzeitigen Bestechungsgeldern nicht stoppen?<br \/>Kommissar Julio Alsogaray, ein Moralist und im Ruf, unbestechlich zu sein, h\u00f6rte Raquel zu und begann zu handeln: Er stand seit Jahren hinter der Organisation und stie\u00df immer auf die Mauer des Schweigens und der Komplizenschaft. Edel warnte Alsogaray Raquel vor den Risiken, die mit der Best\u00e4tigung ihrer Beschwerden einhergingen. Raquel entschied sich, vorw\u00e4rts zu gehen. Es fand ein Echo bei einem ehrlichen Richter, Richter Manuel Rodr\u00edguez Ocampo.<\/p>\n\n\n\n<p class=\"wp-block-paragraph\">Damit die Beschwerde Erfolg hatte, hat Raquel \u00fcber ihre Herkunft gelogen. Er wollte seine Kinder besch\u00fctzen. Er folgte einfach dem Drehbuch der Legende. Sie sagte, sie sei von einem betr\u00fcgerischen Heiratsantrag verf\u00fchrt worden und sei bei der Ausschiffung im Hafen entf\u00fchrt und zur Prostitution gezwungen worden.<\/p>\n\n\n\n<p class=\"wp-block-paragraph\">Como escribi\u00f3 Jorge Luis Borges sobre su Emma Zunz: \u00abLa historia era incre\u00edble, en efecto, pero se impuso a todos, porque sustancialmente era cierta. Verdadero era el tono, verdadero el pudor, verdadero el odio. Verdadero tambi\u00e9n era el ultraje que hab\u00eda padecido; solo eran falsas las circunstancias, la hora y uno o dos nombres propios.\u00bb<br \/><br \/>Raquel, que comenz\u00f3 solo reclamando su deuda, termin\u00f3 denunciando y describiendo el funcionamiento de la red criminal. La Zwi Migdal no pudo resistir el embate. El juez orden\u00f3 108 detenciones. La justicia de aquella \u00e9poca -en las v\u00edsperas de la llamada \u00abd\u00e9cada infame\u00bb-, a trav\u00e9s de la C\u00e1mara de Apelaciones, finalmente dej\u00f3 bajo el r\u00e9gimen de prisi\u00f3n preventiva a solamente tres miembros secundarios de la organizaci\u00f3n. Todos los dem\u00e1s, fueron liberados. Pero las circunstancias hicieron que el emporio de los rufianes fuera demolido.<br \/><br \/>Die \u00f6ffentliche Meinung wurde moralischer (1936 wurde Prostitution gesetzlich verboten: Raquel sah davon nie etwas, sie starb im Jahr zuvor). Die Schlagkraft der Nachrichten und die Sensationsgier gaben ihr eine gro\u00dfe Wirkung und auch der antisemitische Faktor beeinflusste sie. Wichtigere und etabliertere Prostitutionsnetzwerke wurden umgangen, weil sie zu anderen Gemeinschaften geh\u00f6rten.<br \/>Mit ihrer Beschwerde hatte Raquel den Untergang des Zwi Migdal herbeigef\u00fchrt. Es war sogar eine unbeabsichtigte Konsequenz. Jahrelang wurde die Geschichte der Reise, der betr\u00fcgerischen Ehe, der Betr\u00fcgerei ihrer Leichtgl\u00e4ubigkeit wiederholt.<\/p>\n\n\n\n<p class=\"wp-block-paragraph\">Irgendwann kehrte Raquel zu ihren Kindern zur\u00fcck und lebte noch ein paar Jahre in Buenos Aires. Berichten zufolge wollte er einen Reisepass f\u00fcr die R\u00fcckkehr nach Warschau bekommen, doch die Reise nach Polen fand nie statt. Einige Monate sp\u00e4ter, am 7. April 1935, wurde sie in das Krankenhaus Cosme Argerich eingeliefert, wo sie starb.<br \/>Seit seiner Ankunft in Buenos Aires waren dreizehn Jahre vergangen. Wenn diese R\u00fcckkehr nach Warschau nicht ruiniert worden w\u00e4re, w\u00e4ren Joseph und Moses in die F\u00e4nge des Nationalsozialismus geraten, der bereits \u00fcber Deutschland und insbesondere Polen hinwegfegte.<\/p>\n\n\n\n<p class=\"wp-block-paragraph\">Den Kindern blieben nur noch wenige Fotos von ihrer Mutter, auf denen sie gl\u00fccklich wirkte.<br \/>Diese Frau, die dem Elend in Polen entkam und auf der Suche nach M\u00f6glichkeiten hoffnungsvoll nach Argentinien reiste, fand hier Tod, Schmerz, Missbrauch und Ausbeutung. Doch auf ihre eigene Weise, allein, gegen eine ganze \u00c4ra, wurde sie ermutigt, zu k\u00e4mpfen, f\u00fcr das zu k\u00e4mpfen, was ihr geh\u00f6rte. Das ist sein Verm\u00e4chtnis, obwohl er leider nichts \u00fcber das Nationale Prophylaxegesetz erfahren w\u00fcrde, dessen Keim er war.<br \/><br \/>En 2015, cuando se cumplieron 80 a\u00f1os de su muerte, colocaron una placa en su honor en el cementerio de Avellaneda. Durante la D\u00e9cada Infame se dec\u00eda que ese era \u00abel lugar para enterrar prostitutas y proxenetas\u00bb. No se sabe d\u00f3nde est\u00e1 su tumba porque los libros de las parcelas est\u00e1n en Israel. Pero s\u00ed que est\u00e1 junto a Iacoov.<br \/><br \/>Su historia de valent\u00eda trascendi\u00f3 en el tiempo. Se escribieron otros libros sobre la Polaca. La Subsecretar\u00eda de Derechos Humanos y Pluralismo Cultural de la ciudad de Buenos Aires entrega cada a\u00f1o el \u00ab<strong>Raquel-Liberman-Preis<\/strong>\u00bb a todas las personas y organizaciones no gubernamentales comprometidas con la protecci\u00f3n y\/o promoci\u00f3n de los derechos de las mujeres sobrevivientes de situaciones de violencia\u00bb, seg\u00fan dice la p\u00e1gina oficial de la Ciudad.<\/p>\n\n\n\n<p class=\"wp-block-paragraph\">Ein dem Gesetzgeber von Porte\u00f1a vorgelegtes Projekt fordert den Namen von <strong>Raquel Liberman<\/strong> a la estaci\u00f3n Callao de la l\u00ednea D. La autora del proyecto, la legisladora de UCR-Evoluci\u00f3n Patricia Vischi dijo que \u00abnos pareci\u00f3 muy importante que fuera esta estaci\u00f3n del subte D porque la vida de <strong>Raquel Liberman<\/strong> se desarroll\u00f3 en esta zona, donde ella fue victimizada, pero tambi\u00e9n donde, cuando pudo recuperarse, pudo poner un comercio con mucho sacrificio para criar a sus hijos\u00bb.<br \/><br \/>Zusammenstellung von Texten aus: Infobae, La Naci\u00f3n. Mit den Nachrichtenleuten, Forscher an der Nationalbibliothek Jos\u00e9 Luis Scarsi. Myrtha Schalom zerst\u00f6rte in ihrem Buch La Polaca all diese Legenden mit einer beeindruckenden Forschungsarbeit.<\/p>","protected":false},"featured_media":76188,"template":"","blog-categoria":[43],"class_list":["post-76187","blog","type-blog","status-publish","has-post-thumbnail","hentry","blog-categoria-historia-e-historias"],"yoast_head":"<!-- This site is optimized with the Yoast SEO plugin v28.4 - https:\/\/yoast.com\/product\/yoast-seo-wordpress\/ -->\n<title>Raquel Liberman: Historia de una mujer s\u00edmbolo de la lucha contra la trata<\/title>\n<meta name=\"description\" content=\"La polaca Raquel Liberman: La ca\u00edda de la Zwi Migdal. V\u00edctima de trata que se rehus\u00f3, se rebel\u00f3 y con coraje se plant\u00f3 ante sus explotadores.\" \/>\n<meta name=\"robots\" content=\"noindex, follow, max-snippet:-1, max-image-preview:large, max-video-preview:-1\" \/>\n<meta property=\"og:locale\" content=\"de_DE\" \/>\n<meta property=\"og:type\" content=\"article\" \/>\n<meta property=\"og:title\" content=\"Raquel Liberman: Historia de una mujer s\u00edmbolo de la lucha contra la trata\" \/>\n<meta property=\"og:description\" content=\"La polaca Raquel Liberman: La ca\u00edda de la Zwi Migdal. V\u00edctima de trata que se rehus\u00f3, se rebel\u00f3 y con coraje se plant\u00f3 ante sus explotadores.\" \/>\n<meta property=\"og:url\" content=\"https:\/\/blog.argxp.com\/de\/blog\/raquel-liberman-historia-de-una-mujer-que-fue-simbolo-de-la-lucha-contra-la-trata\/\" \/>\n<meta property=\"og:site_name\" content=\"Blog\" \/>\n<meta name=\"twitter:card\" content=\"summary_large_image\" \/>\n<meta name=\"twitter:label1\" content=\"Gesch\u00e4tzte Lesezeit\" \/>\n\t<meta name=\"twitter:data1\" content=\"8\u00a0Minuten\" \/>\n<script type=\"application\/ld+json\" class=\"yoast-schema-graph\">{\"@context\":\"https:\\\/\\\/schema.org\",\"@graph\":[{\"@type\":\"WebPage\",\"@id\":\"https:\\\/\\\/blog.argxp.com\\\/zh\\\/%e5%8d%9a%e5%ae%a2\\\/raquel-liberman-historia-de-una-mujer-que-fue-simbolo-de-la-lucha-contra-la-trata\\\/\",\"url\":\"https:\\\/\\\/blog.argxp.com\\\/zh\\\/%e5%8d%9a%e5%ae%a2\\\/raquel-liberman-historia-de-una-mujer-que-fue-simbolo-de-la-lucha-contra-la-trata\\\/\",\"name\":\"Raquel Liberman: Historia de una mujer s\u00edmbolo de la lucha contra la trata\",\"isPartOf\":{\"@id\":\"http:\\\/\\\/blog.argxp.com\\\/#website\"},\"primaryImageOfPage\":{\"@id\":\"https:\\\/\\\/blog.argxp.com\\\/zh\\\/%e5%8d%9a%e5%ae%a2\\\/raquel-liberman-historia-de-una-mujer-que-fue-simbolo-de-la-lucha-contra-la-trata\\\/#primaryimage\"},\"image\":{\"@id\":\"https:\\\/\\\/blog.argxp.com\\\/zh\\\/%e5%8d%9a%e5%ae%a2\\\/raquel-liberman-historia-de-una-mujer-que-fue-simbolo-de-la-lucha-contra-la-trata\\\/#primaryimage\"},\"thumbnailUrl\":\"\",\"datePublished\":\"2022-03-21T12:21:56+00:00\",\"description\":\"La polaca Raquel Liberman: La ca\u00edda de la Zwi Migdal. V\u00edctima de trata que se rehus\u00f3, se rebel\u00f3 y con coraje se plant\u00f3 ante sus explotadores.\",\"breadcrumb\":{\"@id\":\"https:\\\/\\\/blog.argxp.com\\\/zh\\\/%e5%8d%9a%e5%ae%a2\\\/raquel-liberman-historia-de-una-mujer-que-fue-simbolo-de-la-lucha-contra-la-trata\\\/#breadcrumb\"},\"inLanguage\":\"de\",\"potentialAction\":[{\"@type\":\"ReadAction\",\"target\":[\"https:\\\/\\\/blog.argxp.com\\\/zh\\\/%e5%8d%9a%e5%ae%a2\\\/raquel-liberman-historia-de-una-mujer-que-fue-simbolo-de-la-lucha-contra-la-trata\\\/\"]}]},{\"@type\":\"ImageObject\",\"inLanguage\":\"de\",\"@id\":\"https:\\\/\\\/blog.argxp.com\\\/zh\\\/%e5%8d%9a%e5%ae%a2\\\/raquel-liberman-historia-de-una-mujer-que-fue-simbolo-de-la-lucha-contra-la-trata\\\/#primaryimage\",\"url\":\"\",\"contentUrl\":\"\"},{\"@type\":\"BreadcrumbList\",\"@id\":\"https:\\\/\\\/blog.argxp.com\\\/zh\\\/%e5%8d%9a%e5%ae%a2\\\/raquel-liberman-historia-de-una-mujer-que-fue-simbolo-de-la-lucha-contra-la-trata\\\/#breadcrumb\",\"itemListElement\":[{\"@type\":\"ListItem\",\"position\":1,\"name\":\"Portada\",\"item\":\"http:\\\/\\\/blog.argxp.com\\\/\"},{\"@type\":\"ListItem\",\"position\":2,\"name\":\"Raquel Liberman: Historia de una mujer que fue s\u00edmbolo de la lucha contra la trata\"}]},{\"@type\":\"WebSite\",\"@id\":\"http:\\\/\\\/blog.argxp.com\\\/#website\",\"url\":\"http:\\\/\\\/blog.argxp.com\\\/\",\"name\":\"Blog\",\"description\":\"\",\"potentialAction\":[{\"@type\":\"SearchAction\",\"target\":{\"@type\":\"EntryPoint\",\"urlTemplate\":\"http:\\\/\\\/blog.argxp.com\\\/?s={search_term_string}\"},\"query-input\":{\"@type\":\"PropertyValueSpecification\",\"valueRequired\":true,\"valueName\":\"search_term_string\"}}],\"inLanguage\":\"de\"}]}<\/script>\n<!-- \/ Yoast SEO plugin. -->","yoast_head_json":{"title":"Raquel Liberman: Geschichte einer Frau, die ein Symbol f\u00fcr den Kampf gegen den Menschenhandel ist","description":"Die Polin Raquel Liberman: Der Fall des Zwi Migdal. Opfer des Menschenhandels, die sich weigerte, rebellierte und sich mutig gegen ihre Ausbeuter zur Wehr setzte.","robots":{"index":"noindex","follow":"follow","max-snippet":"max-snippet:-1","max-image-preview":"max-image-preview:large","max-video-preview":"max-video-preview:-1"},"og_locale":"de_DE","og_type":"article","og_title":"Raquel Liberman: Historia de una mujer s\u00edmbolo de la lucha contra la trata","og_description":"La polaca Raquel Liberman: La ca\u00edda de la Zwi Migdal. V\u00edctima de trata que se rehus\u00f3, se rebel\u00f3 y con coraje se plant\u00f3 ante sus explotadores.","og_url":"https:\/\/blog.argxp.com\/de\/blog\/raquel-liberman-historia-de-una-mujer-que-fue-simbolo-de-la-lucha-contra-la-trata\/","og_site_name":"Blog","twitter_card":"summary_large_image","twitter_misc":{"Gesch\u00e4tzte Lesezeit":"8\u00a0Minuten"},"schema":{"@context":"https:\/\/schema.org","@graph":[{"@type":"WebPage","@id":"https:\/\/blog.argxp.com\/zh\/%e5%8d%9a%e5%ae%a2\/raquel-liberman-historia-de-una-mujer-que-fue-simbolo-de-la-lucha-contra-la-trata\/","url":"https:\/\/blog.argxp.com\/zh\/%e5%8d%9a%e5%ae%a2\/raquel-liberman-historia-de-una-mujer-que-fue-simbolo-de-la-lucha-contra-la-trata\/","name":"Raquel Liberman: Geschichte einer Frau, die ein Symbol f\u00fcr den Kampf gegen den Menschenhandel ist","isPartOf":{"@id":"http:\/\/blog.argxp.com\/#website"},"primaryImageOfPage":{"@id":"https:\/\/blog.argxp.com\/zh\/%e5%8d%9a%e5%ae%a2\/raquel-liberman-historia-de-una-mujer-que-fue-simbolo-de-la-lucha-contra-la-trata\/#primaryimage"},"image":{"@id":"https:\/\/blog.argxp.com\/zh\/%e5%8d%9a%e5%ae%a2\/raquel-liberman-historia-de-una-mujer-que-fue-simbolo-de-la-lucha-contra-la-trata\/#primaryimage"},"thumbnailUrl":"","datePublished":"2022-03-21T12:21:56+00:00","description":"Die Polin Raquel Liberman: Der Fall des Zwi Migdal. Opfer des Menschenhandels, die sich weigerte, rebellierte und sich mutig gegen ihre Ausbeuter zur Wehr setzte.","breadcrumb":{"@id":"https:\/\/blog.argxp.com\/zh\/%e5%8d%9a%e5%ae%a2\/raquel-liberman-historia-de-una-mujer-que-fue-simbolo-de-la-lucha-contra-la-trata\/#breadcrumb"},"inLanguage":"de","potentialAction":[{"@type":"ReadAction","target":["https:\/\/blog.argxp.com\/zh\/%e5%8d%9a%e5%ae%a2\/raquel-liberman-historia-de-una-mujer-que-fue-simbolo-de-la-lucha-contra-la-trata\/"]}]},{"@type":"ImageObject","inLanguage":"de","@id":"https:\/\/blog.argxp.com\/zh\/%e5%8d%9a%e5%ae%a2\/raquel-liberman-historia-de-una-mujer-que-fue-simbolo-de-la-lucha-contra-la-trata\/#primaryimage","url":"","contentUrl":""},{"@type":"BreadcrumbList","@id":"https:\/\/blog.argxp.com\/zh\/%e5%8d%9a%e5%ae%a2\/raquel-liberman-historia-de-una-mujer-que-fue-simbolo-de-la-lucha-contra-la-trata\/#breadcrumb","itemListElement":[{"@type":"ListItem","position":1,"name":"Portada","item":"http:\/\/blog.argxp.com\/"},{"@type":"ListItem","position":2,"name":"Raquel Liberman: Historia de una mujer que fue s\u00edmbolo de la lucha contra la trata"}]},{"@type":"WebSite","@id":"http:\/\/blog.argxp.com\/#website","url":"http:\/\/blog.argxp.com\/","name":"Blog","description":"","potentialAction":[{"@type":"SearchAction","target":{"@type":"EntryPoint","urlTemplate":"http:\/\/blog.argxp.com\/?s={search_term_string}"},"query-input":{"@type":"PropertyValueSpecification","valueRequired":true,"valueName":"search_term_string"}}],"inLanguage":"de"}]}},"_links":{"self":[{"href":"https:\/\/blog.argxp.com\/de\/wp-json\/wp\/v2\/blog\/76187","targetHints":{"allow":["GET"]}}],"collection":[{"href":"https:\/\/blog.argxp.com\/de\/wp-json\/wp\/v2\/blog"}],"about":[{"href":"https:\/\/blog.argxp.com\/de\/wp-json\/wp\/v2\/types\/blog"}],"wp:attachment":[{"href":"https:\/\/blog.argxp.com\/de\/wp-json\/wp\/v2\/media?parent=76187"}],"wp:term":[{"taxonomy":"blog-categoria","embeddable":true,"href":"https:\/\/blog.argxp.com\/de\/wp-json\/wp\/v2\/blog-categoria?post=76187"}],"curies":[{"name":"wp","href":"https:\/\/api.w.org\/{rel}","templated":true}]}}