{"id":85459,"date":"2022-06-26T22:08:07","date_gmt":"2022-06-27T01:08:07","guid":{"rendered":"https:\/\/argentinaxp.com\/?post_type=blog&#038;p=85459"},"modified":"2022-06-26T22:08:07","modified_gmt":"2022-06-27T01:08:07","slug":"marie-anne-perichon-de-vandeuil-y-santiago-de-liniers","status":"publish","type":"blog","link":"https:\/\/blog.argxp.com\/de\/blog\/marie-anne-perichon-de-vandeuil-y-santiago-de-liniers\/","title":{"rendered":"MARIE ANNE P\u00c9RICHON DE VANDEUIL UND SANTIAGO DE LINIERS,"},"content":{"rendered":"<p class=\"wp-block-paragraph\">Fi-Fiuuuuu, was f\u00fcr eine Mine! Die Porte\u00f1os des kolonialen Buenos Aires h\u00e4tten \u2013 wenn sie k\u00f6nnten \u2013 ausgerufen, als sie das schillernde und vulkanische Perichon ankommen sahen. Die Sch\u00f6nheit dieser Frau, ihre bezaubernde Konversation mit exotischem Akzent und ausgepr\u00e4gter Sinnlichkeit lie\u00dfen den Puls der Herren h\u00f6her schlagen und den Neid der kreolischen Damen entfachen. Schon bald beschuldigten sie sie, eine \u201eMenschenfresserin\u201c, eine Schmugglerin und eine Spionin zu sein. Und der Tropfen, der das Fass zum \u00dcberlaufen brachte, war, als Vizek\u00f6nig Liniers wegen ihr den Verstand verlor und eine der meistdiskutierten Seifenopern der Zeit der englischen Invasionen begann.<\/p>\n\n\n\n<div class=\"wp-block-image\"><figure class=\"aligncenter size-full\"><img decoding=\"async\" src=\"https:\/\/blog.argxp.com\/wp-content\/uploads\/2025\/05\/597565d0-139f-4be3-a408-157018b1fabf.jpg\" alt=\"La perichona\" class=\"wp-image-85463\"\/><\/figure><\/div>\n\n\n\n<p class=\"wp-block-paragraph\">Marie Anne P\u00e9richon de Vandeuil, besser bekannt als Anita Perich\u00f3n oder \u201ela Perichona\u201c, wurde 1775 auf der Bourbon-Insel (heute \u201eLa R\u00e9union\u201c im Maskarenen-Archipel) geboren, einem ehemaligen franz\u00f6sischen Besitz im Indischen Ozean. Sie geh\u00f6rte zu einer Familie der franz\u00f6sischen Kolonialelite und heiratete in sehr jungen Jahren einen irischen Offizier im Dienste Frankreichs, Thomas O&#039;Gorman. Im Jahr 1797 lie\u00df sich die Familie in Buenos Aires nieder, wo bereits Thomas\u2018 Onkel, der Arzt Miguel O\u2019Gorman, Gr\u00fcnder des Protomedicato, der f\u00fcr die Regulierung der Gesundheitspraktiken in der Kolonie zust\u00e4ndigen Institution, ans\u00e4ssig war. Sie kamen mit \u201egro\u00dfem Prunk\u201c an, wie sie damals sagten, und w\u00e4hrend Anas Vater mit seinem Versuch, in Brasilien Bauer zu werden, scheiterte, spanisierte O&#039;Gorman seinen Namen als Tom\u00e1s und erwarb Felder in der Umgebung von Buenos Aires.<\/p>\n\n\n\n<p class=\"wp-block-paragraph\">Das Leben von Don Tom\u00e1s wurde nach den englischen Invasionen komplizierter, da er nach der R\u00fcckeroberung wegen Kollaboration mit dem Feind in Luj\u00e1n inhaftiert wurde und 1807 darauf bestand, dem Eindringling seine Dienste anzubieten, und in Rio de Janeiro Zuflucht suchen musste. Seine Frau Anita blieb in Buenos Aires, wo sie die Geliebte des \u201eHelden des Tages\u201c und neuen starken Mannes in Buenos Aires, Santiago de Liniers, wurde, der auf Beschluss der \u201eNachbarn\u201c Vizek\u00f6nig wurde. Der Historiker Vicente Fidel L\u00f3pez weist darauf hin, dass ihr fr\u00fcherer Liebhaber kein anderer als General Beresford, Anf\u00fchrer der ersten englischen Invasion, gewesen sei. Dort wurde ihr Verdacht \u00fcber ihre Spionage zugunsten der Engl\u00e4nder geboren, der sie einen Gro\u00dfteil ihres Lebens begleiten sollte.<\/p>\n\n\n\n<div class=\"wp-block-image\"><figure class=\"aligncenter size-full\"><img decoding=\"async\" src=\"https:\/\/blog.argxp.com\/wp-content\/uploads\/2025\/05\/9ca01f18-5176-46f5-95a1-b6a09c9e5638.jpg\" alt=\"Santiago de Liniers\" class=\"wp-image-85462\"\/><\/figure><\/div>\n\n\n\n<p class=\"wp-block-paragraph\">Wie uns Paul Groussac erz\u00e4hlt, warf ihm jemand am 12. August 1806, als Liniers an der Spitze seiner Kolonne vorr\u00fcckte, als er in der Calle San Nicol\u00e1s \u2013 der heutigen Avenida Corrientes \u2013 ankam, als Hommage an den Sieger ein besticktes und duftendes Taschentuch vor seine F\u00fc\u00dfe . . Liniers hob es mit der Spitze seines Schwertes auf, und als er mit erhobenem Taschentuch auf den Gru\u00df antwortete, konnte er die sch\u00f6ne Anita sehen und von diesem Moment an begann eine sehr feurige Beziehung. Die Beziehungen zwischen \u201eMadama O&#039;Gorman\u201c und Liniers waren damals der Skandal der Stadt. Unter anderem, weil sie mit ihren 31 Jahren damals nicht mehr als junge Frau galt und eine \u201eDame\u201c viel diskreter sein sollte. Die informelle \u201eVizek\u00f6nigin\u201c lie\u00df sich im Haus der Liniers nieder und zog mit einer Eskorte umher. Zum Entsetzen der Damen aus Buenos Aires trug sie sogar eine Milit\u00e4runiform und ritt zu Pferd umher.<\/p>\n\n\n\n<p class=\"wp-block-paragraph\">Der Spitzname Perichona, der sich offensichtlich auf ihren Nachnamen bezieht, wurde damals mit Mar\u00eda Michaela Villegas y Hurtado in Verbindung gebracht, einer bemerkenswerten Schauspielerin aus Lima, die neben ihrem gro\u00dfen Talent auch durch ihre Liebesaff\u00e4ren mit dem Vizek\u00f6nig von Peru, Don Manuel, ber\u00fchmt wurde de Amat y Juniet. , Ritter des Johanniterordens. Das Adjektiv war etwas beleidigend, weil es von \u201ebitch\u201c und \u201echola\u201c abgeleitet war. Liniers seinerseits nannte es lieber \u201eLa Petaquita\u201c.<\/p>\n\n\n\n<p class=\"wp-block-paragraph\">Einem portugiesischen Regierungsspion zufolge kann die Frau \u201e\u00fcber seinen Geist alles tun, was sie will\u201c und war der \u201eannehmbare Kanal, um den Willen des Vizek\u00f6nigs zu lenken\u201c. Das laute Ger\u00fccht besagte, dass durch ihn dank offizieller Gunst hervorragende Gesch\u00e4fte gemacht wurden; etwas, das in der Kolonie nichts Neues war, aber in diesen unruhigen Zeiten und als die Schatzkammer ersch\u00f6pft war, wurde es deutlicher.<\/p>\n\n\n\n<p class=\"wp-block-paragraph\">Die Situation wurde noch komplizierter, als Napoleon beschloss, Spanien zu \u00fcbernehmen und seinen Bruder Joseph zu inthronisieren. Die Tatsache, dass sowohl Liniers als auch \u201eMadama Perich\u00f3n\u201c Franzosen waren, gerieten sie ins Fadenkreuz der Angriffe. Der reiche spanische Kaufmann und Chef des Cabildos, Mart\u00edn de \u00c1lzaga, sah die Gelegenheit, den \u201eFranzosen\u201c loszuwerden, und lie\u00df im Oktober 1808 einen Brief des Cabildos an den Obersten Zentralrat schreiben, in dem es hie\u00df: \u201e Diese Frau pflegt mit dem Vizek\u00f6nig eine Freundschaft, die f\u00fcr das Volk ein Skandal ist, die nicht ohne Eskorte ausgeht, die Tag und Nacht eine Wache zu Hause hat, die die Diensttruppen f\u00fcr die Arbeit auf ihrem Landsitz einsetzt, wo der Vizek\u00f6nig seine Tage verbringt. Vizek\u00f6nig, dessen Kommunikation weder die Andeutungen noch der Rat der Beh\u00f6rden, noch das Fl\u00fcstern oder Geschrei des Volkes zu unterbrechen vermochten, diese Frau ist, kurz gesagt, trotz ihrer Umst\u00e4nde verachtet und kriminell der Schiedsrichter der Regierung und sogar unseres Schicksals. . Es gibt nichts, egal wie unfair es ist, was dadurch nicht erreicht und erreicht werden kann. Bem\u00fchung und Geld sind bei ihr sehr m\u00e4chtige Agenten. In keiner Weise Angst, und so sieht man Monstrosit\u00e4ten im Kommando, Unruhen \u00fcber transzendentale Unruhen f\u00fcr das Volk selbst, bei dem die Richter kein Recht \u00fcben k\u00f6nnen, weil ihr Verhalten entschuldigt ist.<\/p>\n\n\n\n<div class=\"wp-block-image\"><figure class=\"aligncenter size-full\"><img decoding=\"async\" src=\"https:\/\/blog.argxp.com\/wp-content\/uploads\/2025\/05\/af13acfb-758a-4c59-8bd8-9312595070b5.jpg\" alt=\"Infanta Carlota Joaquina\" class=\"wp-image-85460\"\/><\/figure><\/div>\n\n\n\n<p class=\"wp-block-paragraph\">Der letzte Tropfen, der das Fass zum \u00dcberlaufen brachte, war die Absicht von Liniers\u2018 Tochter, Anitas j\u00fcngeren Bruder Juan Bautista Perich\u00f3n zu heiraten. Der Vizek\u00f6nig lie\u00df seine verliebten Leidenschaften beiseite und versuchte, seinen \u201eguten Namen und seine Ehre\u201c zu verteidigen. Er beschuldigte seine Geliebte, in den Versammlungen seines Hauses Verschw\u00f6rer zu sammeln, lie\u00df sie einschiffen und vertrieb sie nach Rio de Janeiro, um sich mit ihrem Ehemann zu treffen. Zu diesem Zeitpunkt war der portugiesische Hof von seinen britischen Verb\u00fcndeten auf der Flucht vor der napoleonischen Invasion in Brasilien eingerichtet worden und war das Zentrum der Intrigen von Prinzessin Carlota Joaquina de Borb\u00f3n, der Schwester von K\u00f6nig Ferdinand VII. und Ehefrau des Prinzregenten von Portugal . . Erinnern wir uns daran, dass Carlota danach strebte, die amerikanischen Kolonien als Regentin f\u00fcr die Dauer der \u201eGefangenschaft\u201c ihres \u201ek\u00f6niglichen Bruders\u201c, Napoleons VIP-Gefangener im franz\u00f6sischen Palast von Valen\u00e7ay, zu regieren.<\/p>\n\n\n\n<p class=\"wp-block-paragraph\">In ihrem Haus in Rio de Janeiro setzte Anita Perich\u00f3n de O&#039;Gorman ihre Versammlungen fort, bei denen sich verschiedene Verschw\u00f6rer vom Rio Platja, Briten und Portugiesen trafen. Der Legende nach war sein neuer Besch\u00fctzer und Liebhaber kein anderer als Lord Strangford, der britische Vertreter am portugiesischen Hof in Rio; Wie man in j\u00fcngerer Zeit sagen w\u00fcrde, eine der wichtigsten \u201epolitischen Akteure\u201c des gesamten Prozesses in S\u00fcdamerika und vor allem die entschiedenste Gegnerin der Pl\u00e4ne von Prinzessin Charlotte, sich als Herrin der Lage zu sehen. So kam Do\u00f1a Carlota zu dem Schluss, dass es mehr als genug sei, mit sich selbst an den Str\u00e4nden von Rio eine \u201eIntrigantin\u201c zu sein, und beschloss 1809, Do\u00f1a Anita auszuschlie\u00dfen.<\/p>\n\n\n\n<p class=\"wp-block-paragraph\">Presas, Carlotas Sekret\u00e4rin, sagt in seinen \u201eGeheimen Erinnerungen\u201c, dass die Prinzessin ihn zun\u00e4chst gebeten habe, eine Liste der Verschw\u00f6rer zu erstellen, in der Madame Perich\u00f3n nicht fehlen d\u00fcrfe. Anita tat ihm leid und er erz\u00e4hlte: \u201eIch habe mir sofort die Zeichen und Umst\u00e4nde ausgedacht, die die Prinzessin verlangte; Aber ich habe es unterlassen, P\u00e9richon darin einzubeziehen, weil es f\u00fcr niemanden Schlimmeres gibt, als in solchen Angelegenheiten \u00fcber sie zu schreiben. Beim Durchlesen der Liste fiel ihr auf, dass der Name der Person fehlte, nach der gezielt gesucht werden sollte. \u2013 Und warum \u2013 sagte er mir \u2013 ist P\u00e9richon nicht hier? \u2013 Weil sich diese Frau nicht in solche Gesch\u00e4fte einmischt und ihre Situation heute so ungl\u00fccklich ist, dass es lohnenswerter ist, dass VAR Mitleid mit ihr hat, als dass wir ihr Leid noch verst\u00e4rken. - Hallo! -er antwortete-, es scheint, dass du ein Besch\u00fctzer guter M\u00e4dchen bist. \u2013Madam, ich bin ein Mann; Aber ich habe im Leben mit dieser Person gesprochen, und wenn es ihr nicht gef\u00e4llt, bei dieser Gelegenheit ein braves M\u00e4dchen zu sein, sollte es ihr auch nicht schaden, da es keinen sicheren Grund gibt, gegen sie vorzugehen, und vor allem VA dazu in der Lage sein wird tun, was sie will. Presas kommt zu dem Schluss: \u201eEs ist nicht einfach, den Hass und die Ver\u00e4rgerung zu erkl\u00e4ren, mit der h\u00e4ssliche Frauen sch\u00f6ne betrachten, ein Fehler, von dem nicht einmal die Prinzessinnen selbst ausgenommen sind.\u201c<\/p>\n\n\n\n<p class=\"wp-block-paragraph\">Schlie\u00dflich wurde Anita deportiert und auf ein englisches Schiff verschifft, doch die spanischen Beh\u00f6rden in Montevideo und Buenos Aires unter der F\u00fchrung von Vizek\u00f6nig Cisneros verweigerten ihr die Erlaubnis, von Bord zu gehen. Erst nach der Mairevolution verf\u00fcgte die Junta, dass \u201eMadame O\u2019Gorman unter der Bedingung an Land gehen durfte, dass sie sich nicht im Zentrum der Stadt, sondern auf der Farm von La Matanza niederlie\u00df, wo sie Umsicht und Abgeschiedenheit wahren musste.\u201c \u201e\u201c.<\/p>\n\n\n\n<div class=\"wp-block-image\"><figure class=\"aligncenter size-full\"><img decoding=\"async\" src=\"https:\/\/blog.argxp.com\/wp-content\/uploads\/2025\/05\/8fca75c6-6485-4fe8-9dfa-c562bc34d4ea.jpg\" alt=\"Casona de Sarratea - Casa de Santiago de Liniers\" class=\"wp-image-85461\"\/><\/figure><\/div>\n\n\n\n<p class=\"wp-block-paragraph\">Dort verbrachte die frenetische Entertainerin der Versammlungen in Buenos Aires und S\u00e3o Paulo die letzten drei\u00dfig Jahre ihres Lebens praktisch in Abgeschiedenheit. Die Nachrichten, die er erhielt, waren im Allgemeinen nicht ermutigend, da er seit seinem Aufenthalt in La Matanza von zwei Hinrichtungen von ihm nahestehenden Personen erfahren musste: dem ehemaligen Vizek\u00f6nig Santiago de Liniers, seiner ehemaligen Geliebten, und Camila O&#039;Gorman, seiner Enkelin und Erbin . seines rebellischen Geistes. Etwas zu Gef\u00e4hrliches in einer Gesellschaft, in der Freiheit schon immer eine Eigenschaft war, die Misstrauen und Sanktionen hervorrief.<\/p>\n\n\n\n<p class=\"wp-block-paragraph\">Zusammenstellung von Texten und Bildern: elhistoriador.com.ar; Agencynova.com; elsoldesantelmo.com.ar; pressreader.com<\/p>","protected":false},"featured_media":85464,"template":"","blog-categoria":[43],"class_list":["post-85459","blog","type-blog","status-publish","has-post-thumbnail","hentry","blog-categoria-historia-e-historias"],"yoast_head":"<!-- This site is optimized with the Yoast SEO plugin v28.4 - https:\/\/yoast.com\/product\/yoast-seo-wordpress\/ -->\n<title>MARIE ANNE P\u00c9RICHON DE VANDEUIL Y SANTIAGO DE LINIERS - Blog<\/title>\n<meta name=\"robots\" content=\"noindex, follow, max-snippet:-1, max-image-preview:large, max-video-preview:-1\" \/>\n<meta property=\"og:locale\" content=\"de_DE\" \/>\n<meta property=\"og:type\" content=\"article\" \/>\n<meta property=\"og:title\" content=\"MARIE ANNE P\u00c9RICHON DE VANDEUIL Y SANTIAGO DE LINIERS - Blog\" \/>\n<meta property=\"og:description\" content=\"\u00a1Fi-Fiuuuuu, qu\u00e9 mina! Hubieran exclamado \u2013de haber podido- los porte\u00f1os de la Buenos Aires colonial, cuando vieron llegar a la deslumbrante y volc\u00e1nica Perichon. La belleza de esta mujer, su encantadora conversaci\u00f3n con acento ex\u00f3tico y marcada sensualidad, aceleraba el pulso de los caballeros y encend\u00eda la envidia de las damas criollas. Muy pronto la [&hellip;]\" \/>\n<meta property=\"og:url\" content=\"https:\/\/blog.argxp.com\/de\/blog\/marie-anne-perichon-de-vandeuil-y-santiago-de-liniers\/\" \/>\n<meta property=\"og:site_name\" content=\"Blog\" \/>\n<meta name=\"twitter:card\" content=\"summary_large_image\" \/>\n<meta name=\"twitter:label1\" content=\"Gesch\u00e4tzte Lesezeit\" \/>\n\t<meta name=\"twitter:data1\" content=\"8\u00a0Minuten\" \/>\n<script type=\"application\/ld+json\" class=\"yoast-schema-graph\">{\"@context\":\"https:\\\/\\\/schema.org\",\"@graph\":[{\"@type\":\"WebPage\",\"@id\":\"https:\\\/\\\/blog.argxp.com\\\/fr\\\/blog\\\/marie-anne-perichon-de-vandeuil-y-santiago-de-liniers\\\/\",\"url\":\"https:\\\/\\\/blog.argxp.com\\\/fr\\\/blog\\\/marie-anne-perichon-de-vandeuil-y-santiago-de-liniers\\\/\",\"name\":\"MARIE ANNE P\u00c9RICHON DE VANDEUIL Y SANTIAGO DE LINIERS - Blog\",\"isPartOf\":{\"@id\":\"http:\\\/\\\/blog.argxp.com\\\/#website\"},\"primaryImageOfPage\":{\"@id\":\"https:\\\/\\\/blog.argxp.com\\\/fr\\\/blog\\\/marie-anne-perichon-de-vandeuil-y-santiago-de-liniers\\\/#primaryimage\"},\"image\":{\"@id\":\"https:\\\/\\\/blog.argxp.com\\\/fr\\\/blog\\\/marie-anne-perichon-de-vandeuil-y-santiago-de-liniers\\\/#primaryimage\"},\"thumbnailUrl\":\"\",\"datePublished\":\"2022-06-27T01:08:07+00:00\",\"breadcrumb\":{\"@id\":\"https:\\\/\\\/blog.argxp.com\\\/fr\\\/blog\\\/marie-anne-perichon-de-vandeuil-y-santiago-de-liniers\\\/#breadcrumb\"},\"inLanguage\":\"de\",\"potentialAction\":[{\"@type\":\"ReadAction\",\"target\":[\"https:\\\/\\\/blog.argxp.com\\\/fr\\\/blog\\\/marie-anne-perichon-de-vandeuil-y-santiago-de-liniers\\\/\"]}]},{\"@type\":\"ImageObject\",\"inLanguage\":\"de\",\"@id\":\"https:\\\/\\\/blog.argxp.com\\\/fr\\\/blog\\\/marie-anne-perichon-de-vandeuil-y-santiago-de-liniers\\\/#primaryimage\",\"url\":\"\",\"contentUrl\":\"\"},{\"@type\":\"BreadcrumbList\",\"@id\":\"https:\\\/\\\/blog.argxp.com\\\/fr\\\/blog\\\/marie-anne-perichon-de-vandeuil-y-santiago-de-liniers\\\/#breadcrumb\",\"itemListElement\":[{\"@type\":\"ListItem\",\"position\":1,\"name\":\"Portada\",\"item\":\"http:\\\/\\\/blog.argxp.com\\\/\"},{\"@type\":\"ListItem\",\"position\":2,\"name\":\"MARIE ANNE P\u00c9RICHON DE VANDEUIL Y SANTIAGO DE LINIERS\"}]},{\"@type\":\"WebSite\",\"@id\":\"http:\\\/\\\/blog.argxp.com\\\/#website\",\"url\":\"http:\\\/\\\/blog.argxp.com\\\/\",\"name\":\"Blog\",\"description\":\"\",\"potentialAction\":[{\"@type\":\"SearchAction\",\"target\":{\"@type\":\"EntryPoint\",\"urlTemplate\":\"http:\\\/\\\/blog.argxp.com\\\/?s={search_term_string}\"},\"query-input\":{\"@type\":\"PropertyValueSpecification\",\"valueRequired\":true,\"valueName\":\"search_term_string\"}}],\"inLanguage\":\"de\"}]}<\/script>\n<!-- \/ Yoast SEO plugin. -->","yoast_head_json":{"title":"MARIE ANNE P\u00c9RICHON DE VANDEUIL Y SANTIAGO DE LINIERS - Blog","robots":{"index":"noindex","follow":"follow","max-snippet":"max-snippet:-1","max-image-preview":"max-image-preview:large","max-video-preview":"max-video-preview:-1"},"og_locale":"de_DE","og_type":"article","og_title":"MARIE ANNE P\u00c9RICHON DE VANDEUIL Y SANTIAGO DE LINIERS - Blog","og_description":"\u00a1Fi-Fiuuuuu, qu\u00e9 mina! Hubieran exclamado \u2013de haber podido- los porte\u00f1os de la Buenos Aires colonial, cuando vieron llegar a la deslumbrante y volc\u00e1nica Perichon. La belleza de esta mujer, su encantadora conversaci\u00f3n con acento ex\u00f3tico y marcada sensualidad, aceleraba el pulso de los caballeros y encend\u00eda la envidia de las damas criollas. Muy pronto la [&hellip;]","og_url":"https:\/\/blog.argxp.com\/de\/blog\/marie-anne-perichon-de-vandeuil-y-santiago-de-liniers\/","og_site_name":"Blog","twitter_card":"summary_large_image","twitter_misc":{"Gesch\u00e4tzte Lesezeit":"8\u00a0Minuten"},"schema":{"@context":"https:\/\/schema.org","@graph":[{"@type":"WebPage","@id":"https:\/\/blog.argxp.com\/fr\/blog\/marie-anne-perichon-de-vandeuil-y-santiago-de-liniers\/","url":"https:\/\/blog.argxp.com\/fr\/blog\/marie-anne-perichon-de-vandeuil-y-santiago-de-liniers\/","name":"MARIE ANNE P\u00c9RICHON DE VANDEUIL Y SANTIAGO DE LINIERS - Blog","isPartOf":{"@id":"http:\/\/blog.argxp.com\/#website"},"primaryImageOfPage":{"@id":"https:\/\/blog.argxp.com\/fr\/blog\/marie-anne-perichon-de-vandeuil-y-santiago-de-liniers\/#primaryimage"},"image":{"@id":"https:\/\/blog.argxp.com\/fr\/blog\/marie-anne-perichon-de-vandeuil-y-santiago-de-liniers\/#primaryimage"},"thumbnailUrl":"","datePublished":"2022-06-27T01:08:07+00:00","breadcrumb":{"@id":"https:\/\/blog.argxp.com\/fr\/blog\/marie-anne-perichon-de-vandeuil-y-santiago-de-liniers\/#breadcrumb"},"inLanguage":"de","potentialAction":[{"@type":"ReadAction","target":["https:\/\/blog.argxp.com\/fr\/blog\/marie-anne-perichon-de-vandeuil-y-santiago-de-liniers\/"]}]},{"@type":"ImageObject","inLanguage":"de","@id":"https:\/\/blog.argxp.com\/fr\/blog\/marie-anne-perichon-de-vandeuil-y-santiago-de-liniers\/#primaryimage","url":"","contentUrl":""},{"@type":"BreadcrumbList","@id":"https:\/\/blog.argxp.com\/fr\/blog\/marie-anne-perichon-de-vandeuil-y-santiago-de-liniers\/#breadcrumb","itemListElement":[{"@type":"ListItem","position":1,"name":"Portada","item":"http:\/\/blog.argxp.com\/"},{"@type":"ListItem","position":2,"name":"MARIE ANNE P\u00c9RICHON DE VANDEUIL Y SANTIAGO DE LINIERS"}]},{"@type":"WebSite","@id":"http:\/\/blog.argxp.com\/#website","url":"http:\/\/blog.argxp.com\/","name":"Blog","description":"","potentialAction":[{"@type":"SearchAction","target":{"@type":"EntryPoint","urlTemplate":"http:\/\/blog.argxp.com\/?s={search_term_string}"},"query-input":{"@type":"PropertyValueSpecification","valueRequired":true,"valueName":"search_term_string"}}],"inLanguage":"de"}]}},"_links":{"self":[{"href":"https:\/\/blog.argxp.com\/de\/wp-json\/wp\/v2\/blog\/85459","targetHints":{"allow":["GET"]}}],"collection":[{"href":"https:\/\/blog.argxp.com\/de\/wp-json\/wp\/v2\/blog"}],"about":[{"href":"https:\/\/blog.argxp.com\/de\/wp-json\/wp\/v2\/types\/blog"}],"wp:attachment":[{"href":"https:\/\/blog.argxp.com\/de\/wp-json\/wp\/v2\/media?parent=85459"}],"wp:term":[{"taxonomy":"blog-categoria","embeddable":true,"href":"https:\/\/blog.argxp.com\/de\/wp-json\/wp\/v2\/blog-categoria?post=85459"}],"curies":[{"name":"wp","href":"https:\/\/api.w.org\/{rel}","templated":true}]}}