{"id":85466,"date":"2022-06-26T23:06:16","date_gmt":"2022-06-27T02:06:16","guid":{"rendered":"https:\/\/argentinaxp.com\/?post_type=blog&#038;p=85466"},"modified":"2022-06-26T23:06:16","modified_gmt":"2022-06-27T02:06:16","slug":"los-86-anos-del-obelisco-de-buenos-aires","status":"publish","type":"blog","link":"https:\/\/blog.argxp.com\/de\/blog\/los-86-anos-del-obelisco-de-buenos-aires\/","title":{"rendered":"Die 86 Jahre des Obelisken von Buenos Aires"},"content":{"rendered":"<p class=\"wp-block-paragraph\">Der Obelisk gilt als Ikone der Stadt Buenos Aires, auf Postkarten, die um die Welt reisen, verf\u00fchren L\u00e4nder mit Bildern ihrer symboltr\u00e4chtigsten Geb\u00e4ude; Paris mit dem Eiffelturm, London mit Big Ben oder New York mit der Freiheitsstatue, eines dieser Bilder Argentiniens und ein unverwechselbares Symbol der Stadt ist der Obelisk. Am 23. Mai wird der Protagonist unz\u00e4hliger Ereignisse 86 Jahre alt, eine gute Gelegenheit, mehr \u00fcber ihn zu erfahren.<\/p>\n\n\n\n<div class=\"wp-block-image\"><figure class=\"aligncenter size-large\"><img decoding=\"async\" src=\"https:\/\/blog.argxp.com\/wp-content\/uploads\/2025\/05\/8d67fe53-4eb0-4aaf-8cc8-a08511ad2fb0-800x429.jpg\" alt=\"Obelisco Buenos Aires\" class=\"wp-image-85468\"\/><\/figure><\/div>\n\n\n\n<p class=\"wp-block-paragraph\">Das Projekt zur Er\u00f6ffnung der Avenida 9 de Julio als Verkehrsader, die die Stadt von Norden nach S\u00fcden durchqueren sollte, stammt aus dem Ende des 19. Jahrhunderts und obwohl es in verschiedenen Pl\u00e4nen und Projekten enthalten war, genehmigte das Nationalgesetz 8855 die Enteignung Die \u00f6ffentliche Nutzung der auf dem k\u00fcnftigen Verlauf der Allee gelegenen Grundst\u00fccke geht auf das Jahr 1912 zur\u00fcck.<\/p>\n\n\n\n<p class=\"wp-block-paragraph\">Es waren Zeiten des Wandels, und alles war in einem umfangreichen \u00f6ffentlichen Bauplan verankert, der die Umstrukturierung und Modernisierung der Stadt jenseits der Achse, die bis dahin die Plaza und die Avenida de Mayo bildete, vorsah; Es war an der Zeit, Verkehrs- und Fahrzeuggeschwindigkeitsprobleme zu l\u00f6sen, und zu diesem Zweck sah die Er\u00f6ffnung der Avenida 9 de Julio einen Kreisverkehr an der Kreuzung der heutigen Av. Corrientes und Diagonal Norte vor; die Plaza de la Rep\u00fablica, zus\u00e4tzlich zur Verbreiterung der Avenida Corrientes.<\/p>\n\n\n\n<p class=\"wp-block-paragraph\">Die genaue Adresse des Obelisken lautet: Av. Corrientes 1066, Stadt Buenos Aires, (Quelle: GCBA), aber... an der gleichen Stelle, an der er sich zuvor befand?: das Hip\u00f3dromo, Zirkusb\u00fchne, auf der der ber\u00fchmte Clown Frank Brown auftrat, das primitive Luna Park-Stadion, das Teatro del Pueblo und die Kirche San Nicol\u00e1s de Bari, die w\u00e4hrend der Kolonie in der sogenannten Calle del Sol, dann San Nicol\u00e1s und sp\u00e4ter Corrientes errichtet wurde und dem Viertel, in dem sie stand, auch ihren Namen gab war lokalisiert.<\/p>\n\n\n\n<p class=\"wp-block-paragraph\">Aus mehreren Gr\u00fcnden war die Kirche San Nicol\u00e1s de Bari ein historischer Tempel: Mariano Moreno und Manuel Dorrego wurden dort getauft, und die sterblichen \u00dcberreste des Priesters Manuel Alberti ruhten dort; Mitglied der Ersten Regierungsjunta von 1810, der im Januar 1811 starb und in dessen Turm am 23. August 1812 zum ersten Mal die argentinische Flagge wehte. Die Kirche wurde 1931 abgerissen und an ihren heutigen Standort verlegt: Avenida Santa Fe 1364. Sie ist die einzige Kolonialkirche, die derzeit nicht existiert.<\/p>\n\n\n\n<p class=\"wp-block-paragraph\">Nach der Umstrukturierung des gesamten Gebiets schl\u00e4gt B\u00fcrgermeister Mariano de Vedia y Mitre der Nationalregierung vor, auf der Plaza de la Rep\u00fablica einen Obelisken als Symbol f\u00fcr den 400. Jahrestag der Gr\u00fcndung der Stadt Buenos Aires zu errichten.<\/p>\n\n\n\n<p class=\"wp-block-paragraph\">Ein Denkmal, das der Gr\u00f6\u00dfe des Ereignisses gerecht wurde und im Erlass seiner Entstehung auf ein Werk verwies... \u201eDas dem Volk der Republik die wahre Bedeutung des Jubil\u00e4ums vor Augen f\u00fchrt\u2026\u201c \u201e...das Es gibt kein Denkmal in der Stadt, das den Tribut der Hauptstadt der gesamten Nation symbolisiert \u2026\u201c Der Obelisk war geboren.<\/p>\n\n\n\n<p class=\"wp-block-paragraph\">Die Arbeiten begannen im M\u00e4rz 1936 und wurden zwei Monate sp\u00e4ter abgeschlossen, was f\u00fcr die damalige Zeit eine Herausforderung darstellte.<\/p>\n\n\n\n<p class=\"wp-block-paragraph\">Am 23. Mai 1936 wurde der gro\u00dfe Obelisk eingeweiht, ein Werk des Architekten Alberto Prebisch, eines der wichtigsten Wahrzeichen der argentinischen Moderne.<\/p>\n\n\n\n<p class=\"wp-block-paragraph\">Um die Zeit zu optimieren und das Betonieren zu erleichtern, wurde es in Abschnitten von jeweils zwei Metern L\u00e4nge gebaut. Als Materialien wurden 1300 m\u00b2 wei\u00dfer Stein aus Olaen, C\u00f3rdoba, verwendet.<\/p>\n\n\n\n<div class=\"wp-block-image\"><figure class=\"aligncenter size-full\"><img decoding=\"async\" src=\"https:\/\/blog.argxp.com\/wp-content\/uploads\/2025\/05\/121a8cc2-1b1e-4acd-a982-56ea958611fe.jpg\" alt=\"obelisco subte\" class=\"wp-image-85470\"\/><\/figure><\/div>\n\n\n\n<p class=\"wp-block-paragraph\">Die Aufl\u00f6sung des Bauwerks wurde durch die Anordnung zweier gro\u00dfer St\u00fctzpunkte an den Seiten des Tunnels der U-Bahn-Linie D (im Bau und eingeweiht 1937) erreicht, die auch auf den unteren Tunneln der Linie B (1930) ruhten Auf den Sockeln wurden f\u00fcnf gro\u00dfe Balken angebracht, die als Tr\u00e4ger f\u00fcr eine ausgedehnte Platte dienten, auf der der Obelisk ruht.<\/p>\n\n\n\n<p class=\"wp-block-paragraph\">Seine Gesamth\u00f6he betr\u00e4gt 67,5 m; Bei 63,5 m beginnt der Scheitelpunkt, der 3,5 m betr\u00e4gt. Es hat nur eine Eingangst\u00fcr, die zum Westen der Stadt zeigt, und an der Spitze vier Fenster, die \u00fcber eine Seemannstreppe mit 206 Stufen erreicht werden, mit sieben Abs\u00e4tzen im Abstand von acht Metern, bis auf einen davon im Abstand von sechs Meter. Von unten gesehen haben die rautenf\u00f6rmigen Abs\u00e4tze eine begrenzte Tragf\u00e4higkeit; in einigen Abschnitten ist die Wand so nah, dass der Zement den R\u00fccken der hinaufsteigenden Person reibt, nicht jedoch die quadratischen Abs\u00e4tze, die eine vollst\u00e4ndige Drehung um das Innere des Obelisken erm\u00f6glichen. .<\/p>\n\n\n\n<p class=\"wp-block-paragraph\">Oben sieht man eine Abflachung mit zwei L\u00f6chern: die \u201eFeueraugen\u201c, die das Sonnenlicht hineinlassen und die wunderbare stumpfe Spitze willkommen hei\u00dfen, die den Obelisken abschlie\u00dft.<\/p>\n\n\n\n<div class=\"wp-block-image\"><figure class=\"aligncenter size-large\"><img decoding=\"async\" src=\"https:\/\/blog.argxp.com\/wp-content\/uploads\/2025\/05\/17e5dce6-7a58-4663-a034-3555fc3d8eed-800x534.jpg\" alt=\"Obelisco mantenimiento\" class=\"wp-image-85471\"\/><\/figure><\/div>\n\n\n\n<p class=\"wp-block-paragraph\">Von den Fenstern an der stumpfen Spitze aus k\u00f6nnen Sie die vier Himmelsrichtungen der Stadt sehen; Vom Westfenster aus ist die Corrientes Avenue in Richtung Callao Avenue zu sehen, im Ostfenster ist die Corrientes Avenue in entgegengesetzter Richtung zu sehen; in Richtung Av. Leandro N. Alem und Puerto Madero sowie der Diagonal Norte in Richtung Plaza de Mayo; Die s\u00fcdliche Ansicht zeigt das Geb\u00e4ude des Ministeriums f\u00fcr soziales Handeln der Nation und den Highway 25 de Mayo. Durch das n\u00f6rdliche Fenster k\u00f6nnen Sie den Highway Dr. Arturo Umberto Illia (AV1Norte) und den R\u00edo de la Plata sehen.<\/p>\n\n\n\n<p class=\"wp-block-paragraph\">In die Innenw\u00e4nde wurden Legenden eingraviert, die das Datum, das Jahr und die Teilnehmer der Fertigstellung der Arbeiten sowie das Einweihungsdatum angeben. Kameras, Radar und Blitzableiter befinden sich im Au\u00dfenbereich.<\/p>\n\n\n\n<div class=\"wp-block-image\"><figure class=\"aligncenter size-full\"><img decoding=\"async\" src=\"https:\/\/blog.argxp.com\/wp-content\/uploads\/2025\/05\/7b77f133-a91d-498d-a220-8e1d85a5a289-1.jpg\" alt=\"Obelisco inscripciones\" class=\"wp-image-85472\"\/><\/figure><\/div>\n\n\n\n<p class=\"wp-block-paragraph\">Auf der Au\u00dfenseite der vier Seiten befinden sich Inschriften, die an verschiedene historische Ereignisse erinnern: Auf der Nordfront hei\u00dft es: \u201eAn diesem Ort, auf dem Turm von San Nicol\u00e1s, wurde am XXIII. August MDCCCXII zum ersten Mal die Nationalflagge der Stadt gehisst.\u201c \u201c, auf der Westfront steht; \u201eBundeshauptstadt, vom Nationalkongress am 20. September MDCCCLXXX auf Initiative von Pr\u00e4sident Nicol\u00e1s Avellaneda erlassenes Gesetz, Dekret von Pr\u00e4sident Julio A. Roca VI vom Dezember MDCCCLXXXX\u201c, lautet die Inschrift an der S\u00fcdfront: \u201eZweite Gr\u00fcndung durch Juan de Garay an Prebischs Frau), schlie\u00dflich an der Ostfront, lautet die Inschrift: \u201eBuenos Aires an die Republik, zum 400. Jahrestag der Gr\u00fcndung der Stadt durch Don Pedro de Mendoza XI de Febrero de MDXXXVI.\u201c<\/p>\n\n\n\n<p class=\"wp-block-paragraph\">In seinen Anf\u00e4ngen wurde der Obelisk abgelehnt und erhielt ironischerweise den Spitznamen \u201eBriefbeschwerer aus Zement\u201c, \u201eAhle\u201c oder \u201ePfahl\u201c. Am 21. Juni 1938 fielen Teile des Mauerwerks ab, und ein Jahr sp\u00e4ter stimmte der Beratende Rat von Buenos Aires aus Gr\u00fcnden der \u00f6ffentlichen Sicherheit sowie aus wirtschaftlichen und \u00e4sthetischen Gr\u00fcnden f\u00fcr den Abriss. Der Pr\u00e4sident der Republik, Roberto M., musste eingreifen. Ortiz, der erkl\u00e4rte dass das Denkmal an ein wichtiges Ereignis wie die erste Gr\u00fcndung von Buenos Aires erinnerte und dass das Ministerium f\u00fcr \u00f6ffentliche Arbeiten die Reparaturkosten \u00fcbernehmen w\u00fcrde, w\u00e4hrend der B\u00fcrgermeister der Stadt Buenos Aires, Arturo Goyeneche, sein Veto gegen die Verordnung einlegte, die den Abriss genehmigte. Die Reparatur wurde durchgef\u00fchrt, aber die Legende, die Prebisch als den Architekten des Werkes angab, ging verloren.<\/p>\n\n\n\n<p class=\"wp-block-paragraph\">Bei verschiedenen Gelegenheiten wurde der Obelisk interveniert: In den letzten Tagen des Jahres 1973 wurde er wie ein Weihnachtsbaum geschm\u00fcckt; Im Jahr 1975 wurde es verwendet, um zwei Botschaften an die B\u00fcrger zu \u00fcbermitteln: \u201eSchweigen ist Gesundheit\u201c und \u201eHalten Sie Buenos Aires sauber\u201c, im Jahr 2005 wurde es zum Gedenken an den Welt-Aids-Tag mit einem rosafarbenen Tuch bedeckt, das ein Kondom imitierte, und im Jahr 2009 wurde es mit einem verziert Armband mit dem Motto \u201eSay no More\u201c, um die R\u00fcckkehr des Musikers Charly Garcia auf die B\u00fchne anzuk\u00fcndigen, und gelegentlich wurde es beleuchtet, um an wichtige Termine zu erinnern.<\/p>\n\n\n\n<p class=\"wp-block-paragraph\">Einige dieser Eingriffe l\u00f6sten die heftigsten Kontroversen aus, und derjenige, der aufgrund seiner Originalit\u00e4t vielleicht am meisten \u00fcberraschte, war der Eingriff des K\u00fcnstlers Leandro Erlich aus dem Jahr 2015, der versuchte, die Illusion zu erzeugen, dass die Spitze entfernt worden sei; Um dies zu erreichen, wurde das Denkmal mit einer Eisenbeschichtung bedeckt, die seinen Beton simulierte, w\u00e4hrend sich im Museum f\u00fcr lateinamerikanische Kunst in Buenos Aires (Malba) eine Nachbildung der Spitze befand, aus deren Fenstern die reale Aussicht auf den Obelisken simuliert wurde Der Besucher soll auf dem H\u00f6hepunkt sein. Nach den Worten des K\u00fcnstlers entstand die Fantasie, den Obelisken von innen zu kennen, da er immer von au\u00dfen und von unten gesehen wird.<\/p>\n\n\n\n<div class=\"wp-block-image\"><figure class=\"aligncenter size-large\"><img decoding=\"async\" src=\"https:\/\/blog.argxp.com\/wp-content\/uploads\/2025\/05\/5f3d9832-dfda-47ce-963b-3cce6dfd1f9f-1-800x533.jpg\" alt=\"Obelisco mantenimiento\" class=\"wp-image-85474\"\/><\/figure><\/div>\n\n\n\n<p class=\"wp-block-paragraph\">Die Geb\u00e4udeinstandhaltungsaufgaben werden regelm\u00e4\u00dfig vom Ministerium f\u00fcr \u00f6ffentlichen Raum und Stadthygiene der Stadtverwaltung durchgef\u00fchrt, das \u00fcber die \u201eSchl\u00fcssel zum Obelisken\u201c verf\u00fcgt und jeglichen Zutritt gestattet, da einige Sicherheitsma\u00dfnahmen erforderlich sind (Klettergurt, Sicherheitsseile, Handschuhe, Helme) Daher haben nur einige in- und ausl\u00e4ndische Medien es besucht, um es im Inneren zu zeigen.<\/p>\n\n\n\n<p class=\"wp-block-paragraph\">Kann die \u00d6ffentlichkeit es im Inneren besichtigen? Nur in Ausnahmef\u00e4llen, einer davon war der 75. Geburtstag des Obelisken, und zu diesem Anlass durften 75 der 15.000 registrierten Bewohner den Obelisken besteigen.<\/p>\n\n\n\n<p class=\"wp-block-paragraph\">Dann, zum 80. Geburtstag, wurden Menschen \u00fcber soziale Netzwerke eingeladen, an dem Erlebnis teilzunehmen, und aus den 21.143 registrierten Personen wurden achtzig Einsendungen ausgelost.<\/p>\n\n\n\n<p class=\"wp-block-paragraph\">In den kommenden Tagen und anl\u00e4sslich seines 86. Geburtstags wurde auch die \u00d6ffentlichkeit \u00fcber die Medien und sozialen Netzwerke eingeladen, an der Auswahl f\u00fcr den Besuch teilzunehmen. Dieses Ereignis wird erwartungsgem\u00e4\u00df in der Presse reflektiert.<\/p>\n\n\n\n<div class=\"wp-block-image\"><figure class=\"aligncenter size-large\"><img decoding=\"async\" src=\"https:\/\/blog.argxp.com\/wp-content\/uploads\/2025\/05\/50dafb22-ece9-4f87-9a30-776963e06ce9-800x785.jpg\" alt=\"Obelisco\" class=\"wp-image-85475\"\/><\/figure><\/div>\n\n\n\n<p class=\"wp-block-paragraph\">Der Obelisk war mehr als eine Postkarte der Stadt, pr\u00e4sent in den gl\u00fccklichsten Momenten und in den belastendsten Anforderungen, manchmal geh\u00f6rte er River und manchmal Boca, aber immer geh\u00f6rte er der Nationalmannschaft, er feierte bereits die Demokratie und den 200. Geburtstag. im Laufe seiner Geschichte unbestrittenes Zentrum des Volksausdrucks.<\/p>","protected":false},"featured_media":85467,"template":"","blog-categoria":[43],"class_list":["post-85466","blog","type-blog","status-publish","has-post-thumbnail","hentry","blog-categoria-historia-e-historias"],"yoast_head":"<!-- This site is optimized with the Yoast SEO plugin v28.4 - https:\/\/yoast.com\/product\/yoast-seo-wordpress\/ -->\n<title>Los 86 a\u00f1os del Obelisco de Buenos Aires - Blog<\/title>\n<meta name=\"robots\" content=\"noindex, follow, max-snippet:-1, max-image-preview:large, max-video-preview:-1\" \/>\n<meta property=\"og:locale\" content=\"de_DE\" \/>\n<meta property=\"og:type\" content=\"article\" \/>\n<meta property=\"og:title\" content=\"Los 86 a\u00f1os del Obelisco de Buenos Aires - Blog\" \/>\n<meta property=\"og:description\" content=\"El obelisco es considerado un icono de la Ciudad de Buenos Aires, en las postales que recorren el mundo, los pa\u00edses seducen con las im\u00e1genes de sus construcciones m\u00e1s emblem\u00e1ticas; Par\u00eds con la Torre Eiffel, Londres con el Big Ben o Nueva York con la Estatua de la Libertad, una de esas im\u00e1genes de Argentina [&hellip;]\" \/>\n<meta property=\"og:url\" content=\"https:\/\/blog.argxp.com\/de\/blog\/los-86-anos-del-obelisco-de-buenos-aires\/\" \/>\n<meta property=\"og:site_name\" content=\"Blog\" \/>\n<meta name=\"twitter:card\" content=\"summary_large_image\" \/>\n<meta name=\"twitter:label1\" content=\"Gesch\u00e4tzte Lesezeit\" \/>\n\t<meta name=\"twitter:data1\" content=\"9\u00a0Minuten\" \/>\n<script type=\"application\/ld+json\" class=\"yoast-schema-graph\">{\"@context\":\"https:\\\/\\\/schema.org\",\"@graph\":[{\"@type\":\"WebPage\",\"@id\":\"https:\\\/\\\/blog.argxp.com\\\/it\\\/blog\\\/los-86-anos-del-obelisco-de-buenos-aires\\\/\",\"url\":\"https:\\\/\\\/blog.argxp.com\\\/it\\\/blog\\\/los-86-anos-del-obelisco-de-buenos-aires\\\/\",\"name\":\"Los 86 a\u00f1os del Obelisco de Buenos Aires - Blog\",\"isPartOf\":{\"@id\":\"http:\\\/\\\/blog.argxp.com\\\/#website\"},\"primaryImageOfPage\":{\"@id\":\"https:\\\/\\\/blog.argxp.com\\\/it\\\/blog\\\/los-86-anos-del-obelisco-de-buenos-aires\\\/#primaryimage\"},\"image\":{\"@id\":\"https:\\\/\\\/blog.argxp.com\\\/it\\\/blog\\\/los-86-anos-del-obelisco-de-buenos-aires\\\/#primaryimage\"},\"thumbnailUrl\":\"\",\"datePublished\":\"2022-06-27T02:06:16+00:00\",\"breadcrumb\":{\"@id\":\"https:\\\/\\\/blog.argxp.com\\\/it\\\/blog\\\/los-86-anos-del-obelisco-de-buenos-aires\\\/#breadcrumb\"},\"inLanguage\":\"de\",\"potentialAction\":[{\"@type\":\"ReadAction\",\"target\":[\"https:\\\/\\\/blog.argxp.com\\\/it\\\/blog\\\/los-86-anos-del-obelisco-de-buenos-aires\\\/\"]}]},{\"@type\":\"ImageObject\",\"inLanguage\":\"de\",\"@id\":\"https:\\\/\\\/blog.argxp.com\\\/it\\\/blog\\\/los-86-anos-del-obelisco-de-buenos-aires\\\/#primaryimage\",\"url\":\"\",\"contentUrl\":\"\"},{\"@type\":\"BreadcrumbList\",\"@id\":\"https:\\\/\\\/blog.argxp.com\\\/it\\\/blog\\\/los-86-anos-del-obelisco-de-buenos-aires\\\/#breadcrumb\",\"itemListElement\":[{\"@type\":\"ListItem\",\"position\":1,\"name\":\"Portada\",\"item\":\"http:\\\/\\\/blog.argxp.com\\\/\"},{\"@type\":\"ListItem\",\"position\":2,\"name\":\"Los 86 a\u00f1os del Obelisco de Buenos Aires\"}]},{\"@type\":\"WebSite\",\"@id\":\"http:\\\/\\\/blog.argxp.com\\\/#website\",\"url\":\"http:\\\/\\\/blog.argxp.com\\\/\",\"name\":\"Blog\",\"description\":\"\",\"potentialAction\":[{\"@type\":\"SearchAction\",\"target\":{\"@type\":\"EntryPoint\",\"urlTemplate\":\"http:\\\/\\\/blog.argxp.com\\\/?s={search_term_string}\"},\"query-input\":{\"@type\":\"PropertyValueSpecification\",\"valueRequired\":true,\"valueName\":\"search_term_string\"}}],\"inLanguage\":\"de\"}]}<\/script>\n<!-- \/ Yoast SEO plugin. -->","yoast_head_json":{"title":"Los 86 a\u00f1os del Obelisco de Buenos Aires - Blog","robots":{"index":"noindex","follow":"follow","max-snippet":"max-snippet:-1","max-image-preview":"max-image-preview:large","max-video-preview":"max-video-preview:-1"},"og_locale":"de_DE","og_type":"article","og_title":"Los 86 a\u00f1os del Obelisco de Buenos Aires - Blog","og_description":"El obelisco es considerado un icono de la Ciudad de Buenos Aires, en las postales que recorren el mundo, los pa\u00edses seducen con las im\u00e1genes de sus construcciones m\u00e1s emblem\u00e1ticas; Par\u00eds con la Torre Eiffel, Londres con el Big Ben o Nueva York con la Estatua de la Libertad, una de esas im\u00e1genes de Argentina [&hellip;]","og_url":"https:\/\/blog.argxp.com\/de\/blog\/los-86-anos-del-obelisco-de-buenos-aires\/","og_site_name":"Blog","twitter_card":"summary_large_image","twitter_misc":{"Gesch\u00e4tzte Lesezeit":"9\u00a0Minuten"},"schema":{"@context":"https:\/\/schema.org","@graph":[{"@type":"WebPage","@id":"https:\/\/blog.argxp.com\/it\/blog\/los-86-anos-del-obelisco-de-buenos-aires\/","url":"https:\/\/blog.argxp.com\/it\/blog\/los-86-anos-del-obelisco-de-buenos-aires\/","name":"Los 86 a\u00f1os del Obelisco de Buenos Aires - Blog","isPartOf":{"@id":"http:\/\/blog.argxp.com\/#website"},"primaryImageOfPage":{"@id":"https:\/\/blog.argxp.com\/it\/blog\/los-86-anos-del-obelisco-de-buenos-aires\/#primaryimage"},"image":{"@id":"https:\/\/blog.argxp.com\/it\/blog\/los-86-anos-del-obelisco-de-buenos-aires\/#primaryimage"},"thumbnailUrl":"","datePublished":"2022-06-27T02:06:16+00:00","breadcrumb":{"@id":"https:\/\/blog.argxp.com\/it\/blog\/los-86-anos-del-obelisco-de-buenos-aires\/#breadcrumb"},"inLanguage":"de","potentialAction":[{"@type":"ReadAction","target":["https:\/\/blog.argxp.com\/it\/blog\/los-86-anos-del-obelisco-de-buenos-aires\/"]}]},{"@type":"ImageObject","inLanguage":"de","@id":"https:\/\/blog.argxp.com\/it\/blog\/los-86-anos-del-obelisco-de-buenos-aires\/#primaryimage","url":"","contentUrl":""},{"@type":"BreadcrumbList","@id":"https:\/\/blog.argxp.com\/it\/blog\/los-86-anos-del-obelisco-de-buenos-aires\/#breadcrumb","itemListElement":[{"@type":"ListItem","position":1,"name":"Portada","item":"http:\/\/blog.argxp.com\/"},{"@type":"ListItem","position":2,"name":"Los 86 a\u00f1os del Obelisco de Buenos Aires"}]},{"@type":"WebSite","@id":"http:\/\/blog.argxp.com\/#website","url":"http:\/\/blog.argxp.com\/","name":"Blog","description":"","potentialAction":[{"@type":"SearchAction","target":{"@type":"EntryPoint","urlTemplate":"http:\/\/blog.argxp.com\/?s={search_term_string}"},"query-input":{"@type":"PropertyValueSpecification","valueRequired":true,"valueName":"search_term_string"}}],"inLanguage":"de"}]}},"_links":{"self":[{"href":"https:\/\/blog.argxp.com\/de\/wp-json\/wp\/v2\/blog\/85466","targetHints":{"allow":["GET"]}}],"collection":[{"href":"https:\/\/blog.argxp.com\/de\/wp-json\/wp\/v2\/blog"}],"about":[{"href":"https:\/\/blog.argxp.com\/de\/wp-json\/wp\/v2\/types\/blog"}],"wp:attachment":[{"href":"https:\/\/blog.argxp.com\/de\/wp-json\/wp\/v2\/media?parent=85466"}],"wp:term":[{"taxonomy":"blog-categoria","embeddable":true,"href":"https:\/\/blog.argxp.com\/de\/wp-json\/wp\/v2\/blog-categoria?post=85466"}],"curies":[{"name":"wp","href":"https:\/\/api.w.org\/{rel}","templated":true}]}}