{"id":76187,"date":"2022-03-21T09:21:56","date_gmt":"2022-03-21T12:21:56","guid":{"rendered":"https:\/\/argentinaxp.com\/?post_type=blog&#038;p=76187"},"modified":"2022-03-21T09:21:56","modified_gmt":"2022-03-21T12:21:56","slug":"raquel-liberman-historia-de-una-mujer-que-fue-simbolo-de-la-lucha-contra-la-trata","status":"publish","type":"blog","link":"https:\/\/blog.argxp.com\/es_es\/blog\/raquel-liberman-historia-de-una-mujer-que-fue-simbolo-de-la-lucha-contra-la-trata\/","title":{"rendered":"Raquel Liberman: Historia de una mujer que fue s\u00edmbolo de la lucha contra la trata"},"content":{"rendered":"\n<p class=\"wp-block-paragraph\"><strong>Raquel Liberman<\/strong> muri\u00f3 en 1935. Un c\u00e1ncer de tiroides la hab\u00eda consumido. Ya no hablaba. La agon\u00eda fue corta pero muy dolorosa. Antes de caer enferma, su aspecto tampoco era bueno. Ten\u00eda 35 a\u00f1os, pero aparentaba transitar sus cincuenta. Era una persona gastada, rota. Con un pasado que no la abandonaba, con un dolor perpetuo atraves\u00e1ndola. Sin embargo, era una mujer tranquila. Hab\u00eda luchado, no se hab\u00eda rendido pese a las circunstancias adversas y hab\u00eda vencido. Contra todos los pron\u00f3sticos.<\/p>\n\n\n\n<figure class=\"wp-block-gallery has-nested-images columns-default is-cropped wp-block-gallery-1 is-layout-flex wp-block-gallery-is-layout-flex\">\n<figure class=\"wp-block-image size-large\"><img decoding=\"async\" data-id=\"76189\" src=\"https:\/\/blog.argxp.com\/wp-content\/uploads\/2025\/05\/pasaporte-raquel-liberman.jpg\" alt=\"\" class=\"wp-image-76189\"\/><\/figure>\n\n\n\n<figure class=\"wp-block-image size-large\"><img decoding=\"async\" data-id=\"76191\" src=\"https:\/\/blog.argxp.com\/wp-content\/uploads\/2025\/05\/raquel-liberman-prostituta-800x450.jpg\" alt=\"\" class=\"wp-image-76191\"\/><\/figure>\n\n\n\n<figure class=\"wp-block-image size-large\"><img decoding=\"async\" data-id=\"76190\" src=\"https:\/\/blog.argxp.com\/wp-content\/uploads\/2025\/05\/tumba-raquel-liberman.jpg\" alt=\"\" class=\"wp-image-76190\"\/><\/figure>\n\n\n\n<figure class=\"wp-block-image size-large\"><img decoding=\"async\" data-id=\"76192\" src=\"https:\/\/blog.argxp.com\/wp-content\/uploads\/2025\/05\/zwi-migdal-800x533.png\" alt=\"\" class=\"wp-image-76192\"\/><\/figure>\n<\/figure>\n\n\n\n<p class=\"wp-block-paragraph\"><strong>Ruchla Laja Liberman<\/strong> naci\u00f3 el 10 de julio de 1900 en Berdichev, actual Ucrania. De peque\u00f1a emigr\u00f3 con sus padres a Varsovia, all\u00ed pas\u00f3 m\u00e1s de dos tercios de su corta vida. En 1919 se cas\u00f3 con Iaacov Ferber y al a\u00f1o siguiente tuvo su primer hijo, Joshu\u00e9. En 1921, cuando estaba embarazada de su segundo hijo, su esposo emigr\u00f3 a Argentina en busca de trabajo. Pero sus a\u00f1os finales (y el nombre que adopt\u00f3 durante ellos) son los que le brindaron inmortalidad. Su destino era el de pasar desapercibida, el de ser sometida, una v\u00edctima m\u00e1s, como tantas otras miles. Pero ella se rehus\u00f3, se rebel\u00f3. Y con un coraje inusual se plant\u00f3 ante sus explotadores.<\/p>\n\n\n\n<p class=\"wp-block-paragraph\">Inspir\u00f3 -con muchas licencias hist\u00f3ricas- al personaje interpretado por Eugenia La China Su\u00e1rez en Argentina, tierra de amor y venganza.<br \/>Al principio del siglo pasado, la vida en la Polonia era muy dura. El hambre, las necesidades y los p\u00f3groms. Para los j\u00f3venes jud\u00edos cualquier salida parec\u00eda tentadora, cualquier otro destino en el mundo ofrec\u00eda ilusi\u00f3n.<\/p>\n\n\n\n<p class=\"wp-block-paragraph\">Ruchla como tantas otras j\u00f3venes polacas jud\u00edas parti\u00f3 hacia Argentina buscando un futuro mejor, escapar a la miseria. Pero su historia no es igual a la de las dem\u00e1s. \u00abLa Polaca\u00bb emigr\u00f3 a la Argentina en 1922 junto a dos peque\u00f1os hijos -Josu\u00e9 de dos a\u00f1os y Mois\u00e9s de meses- para reunirse con su esposo, que la esperaba en la localidad bonaerense de Tapalqu\u00e9. Elke, la cu\u00f1ada de \u00abla Polaca\u00bb, era la madama de un burdel. \u00abNo se sabe si Raquel sab\u00eda de esto antes de llegar al pa\u00eds o si cre\u00eda que iba a trabajar ayudando a su marido, que era sastre, pero nunca hab\u00eda conseguido trabajo y viv\u00eda de su hermana.\u201d<\/p>\n\n\n\n<p class=\"wp-block-paragraph\">Al poco tiempo la tuberculosis ocasion\u00f3 la muerte de Iaacov. Ruchla, que al llegar a la Argentina adopt\u00f3 el nombre de <strong>Raquel Liberman<\/strong>, (se sol\u00edan castellanizar los nombres de los inmigrantes) dej\u00f3 a sus hijos al cuidado de gente de Tapalqu\u00e9 y se instal\u00f3 en Buenos Aires dispuesta a ganarse la vida. La prostituci\u00f3n, una marca de \u00e9poca, fue un camino casi imposible de obviar.<br \/>Los rufianes se mov\u00edan por todo Buenos Aires. Los hab\u00eda de todos los or\u00edgenes. Italianos, espa\u00f1oles, franceses, jud\u00edos. La organizaci\u00f3n que con el tiempo gan\u00f3 m\u00e1s fama fue la Zwi Migdal, de origen jud\u00edo polaco.<\/p>\n\n\n\n<p class=\"wp-block-paragraph\"><strong>Raquel Liberman<\/strong> trabaj\u00f3 durante varios a\u00f1os en los prost\u00edbulos de la Zwi Migdal. Su acuerdo era mejor que el del resto de las chicas. Se quedaba con un porcentaje mayor. As\u00ed, pronto pudo comprar su libertad en $1.500.<\/p>\n\n\n\n<p class=\"wp-block-paragraph\">Sigui\u00f3 ejerciendo por su cuenta. Se cas\u00f3 con Jos\u00e9 Korn, considerado por muchos como un enviado de la Zwi Migdal para lograr que ella cayera de nuevo bajo sus garras. De esas asociaciones mafiosas nadie logra liberarse con facilidad. Este hombre estaf\u00f3 a Raquel. Adquiri\u00f3 a su nombre una casa con 60 mil pesos de ella, en una maniobra fraudulenta. Korn instal\u00f3 en esa casa, como no pod\u00eda ser de otra manera, un prost\u00edbulo. Raquel se qued\u00f3, una vez m\u00e1s, sin nada. Y comenz\u00f3 su b\u00fasqueda de justicia.<\/p>\n\n\n\n<p class=\"wp-block-paragraph\">La ca\u00edda de ese emporio de la prostituci\u00f3n, que recaudaba millones por a\u00f1o, empez\u00f3 en esta peque\u00f1a estafa que la agrietada joven de treinta a\u00f1os decidi\u00f3 no perdonar. La ambici\u00f3n y la impunidad perdi\u00f3 a la Zwi Migdal. Se cruz\u00f3 con una mujer con determinaci\u00f3n y cansada de las vejaciones, un comisario principista y un juez que no cay\u00f3 en la tentaci\u00f3n de la venalidad.<br \/><br \/>Raquel ten\u00eda el mismo destino que las dem\u00e1s polaquitas: entregar su juventud a los rufianes y a los clientes, envejecer prematuramente, hastiarse de la vida y ser reemplazada por otra m\u00e1s joven, tal vez apenas cinco a\u00f1os m\u00e1s joven que ella, pero sin el desgaste evidente, sin el rictus de la derrota cincelado en la cara, sin las marcas de la explotaci\u00f3n surc\u00e1ndole el cuerpo.<\/p>\n\n\n\n<p class=\"wp-block-paragraph\">La mujer reclam\u00f3 por su dinero. Ese dinero era su independencia. La paradoja es que logr\u00f3 terminar con la organizaci\u00f3n de rufianes deseaba, con sus ahorros, convertirse ella misma en madama. No oyeron sus pedidos. Ni su ex marido Korn ni los directivos de la Zwi Migdal a los que acudi\u00f3. Entonces denunci\u00f3 la estafa, pero nadie crey\u00f3 que en la Justicia la fueran a escuchar. \u00bfQui\u00e9n le prestar\u00eda atenci\u00f3n a una prostituta polaca? \u00bfQu\u00e9 tipo de investigaci\u00f3n no podr\u00edan detener con unas oportunas coimas?<br \/>El comisario Julio Alsogaray, moralista y con fama de incorruptible, escuch\u00f3 a Raquel y se puso en movimiento: hac\u00eda a\u00f1os que estaba detr\u00e1s de la organizaci\u00f3n y siempre chocaba contra el muro de silencio y complicidades. Con nobleza, Alsogaray le advirti\u00f3 a Raquel de los riesgos de ratificar sus denuncias. Raquel eligi\u00f3 seguir adelante. Encontr\u00f3 eco en un juez honesto, el magistrado Manuel Rodr\u00edguez Ocampo.<\/p>\n\n\n\n<p class=\"wp-block-paragraph\">Para que la denuncia prosperara Raquel minti\u00f3 sobre su origen. Quer\u00eda proteger a sus hijos. Solo sigui\u00f3 el guion de la leyenda. Cont\u00f3 que viaj\u00f3 seducida por una propuesta enga\u00f1osa de matrimonio y que al desembarcar en el puerto fue secuestrada y obligada a prostituirse.<\/p>\n\n\n\n<p class=\"wp-block-paragraph\">Como escribi\u00f3 Jorge Luis Borges sobre su Emma Zunz: \u00abLa historia era incre\u00edble, en efecto, pero se impuso a todos, porque sustancialmente era cierta. Verdadero era el tono, verdadero el pudor, verdadero el odio. Verdadero tambi\u00e9n era el ultraje que hab\u00eda padecido; solo eran falsas las circunstancias, la hora y uno o dos nombres propios.\u00bb<br \/><br \/>Raquel, que comenz\u00f3 solo reclamando su deuda, termin\u00f3 denunciando y describiendo el funcionamiento de la red criminal. La Zwi Migdal no pudo resistir el embate. El juez orden\u00f3 108 detenciones. La justicia de aquella \u00e9poca -en las v\u00edsperas de la llamada \u00abd\u00e9cada infame\u00bb-, a trav\u00e9s de la C\u00e1mara de Apelaciones, finalmente dej\u00f3 bajo el r\u00e9gimen de prisi\u00f3n preventiva a solamente tres miembros secundarios de la organizaci\u00f3n. Todos los dem\u00e1s, fueron liberados. Pero las circunstancias hicieron que el emporio de los rufianes fuera demolido.<br \/><br \/>La opini\u00f3n p\u00fablica se estaba volviendo m\u00e1s moralista (en 1936 se proscribi\u00f3 por ley la prostituci\u00f3n: Raquel no lleg\u00f3 a verlo, muri\u00f3 el a\u00f1o anterior). El impacto de las noticias y el sensacionalismo le dieron una gran repercusi\u00f3n y el factor antisemita tambi\u00e9n influy\u00f3. Redes m\u00e1s importantes y establecidas de prostituci\u00f3n fueron soslayadas porque pertenec\u00edan a otras comunidades.<br \/>Con su denuncia, Raquel hab\u00eda provocado la ca\u00edda de la Zwi Migdal. Fue una consecuencia hasta involuntaria. Durante a\u00f1os se repiti\u00f3 la historia del viaje, del matrimonio fraudulento, de la estafa a su credulidad.<\/p>\n\n\n\n<p class=\"wp-block-paragraph\">En un momento Raquel volvi\u00f3 a unirse a sus hijos y vivi\u00f3 unos a\u00f1os m\u00e1s en Buenos. Seg\u00fan se dice quiso sacar un pasaporte para volver a Varsovia, pero el viaje a Polonia nunca tuvo lugar. Unos meses m\u00e1s tarde, el 7 de abril de 1935, fue internada en el hospital Cosme Argerich donde muri\u00f3.<br \/>Hab\u00edan pasado trece a\u00f1os de aquella llegada a Buenos Aires. Si aquel regreso a Varsovia no se hubiera malogrado, Jos\u00e9 y Mois\u00e9s hubieran ca\u00eddo en las garras del nazismo que ya sobrevolaba Alemania y especialmente, Polonia.<\/p>\n\n\n\n<p class=\"wp-block-paragraph\">A los hijos s\u00f3lo les qued\u00f3 de su madre unas escasas fotograf\u00edas, en las que se mostraba feliz.<br \/>Esta mujer que escap\u00f3 de la miseria en Polonia y viaj\u00f3 con esperanzas a la Argentina, en busca de una oportunidad encontr\u00f3 aqu\u00ed muerte, dolor, abusos y explotaci\u00f3n. Sin embargo, a su manera, sola, contra toda una \u00e9poca, se anim\u00f3 a luchar, a pelear por lo suyo. Ese es su legado, aunque lamentablemente no se enterar\u00eda de la Ley Nacional de Profilaxis de la que fue semilla.<br \/><br \/>En 2015, cuando se cumplieron 80 a\u00f1os de su muerte, colocaron una placa en su honor en el cementerio de Avellaneda. Durante la D\u00e9cada Infame se dec\u00eda que ese era \u00abel lugar para enterrar prostitutas y proxenetas\u00bb. No se sabe d\u00f3nde est\u00e1 su tumba porque los libros de las parcelas est\u00e1n en Israel. Pero s\u00ed que est\u00e1 junto a Iacoov.<br \/><br \/>Su historia de valent\u00eda trascendi\u00f3 en el tiempo. Se escribieron otros libros sobre la Polaca. La Subsecretar\u00eda de Derechos Humanos y Pluralismo Cultural de la ciudad de Buenos Aires entrega cada a\u00f1o el \u00ab<strong>Premio Raquel Liberman<\/strong>\u00bb a todas las personas y organizaciones no gubernamentales comprometidas con la protecci\u00f3n y\/o promoci\u00f3n de los derechos de las mujeres sobrevivientes de situaciones de violencia\u00bb, seg\u00fan dice la p\u00e1gina oficial de la Ciudad.<\/p>\n\n\n\n<p class=\"wp-block-paragraph\">Un proyecto presentado ante la Legislatura Porte\u00f1a solicita que se agregue el nombre de <strong>Raquel Liberman<\/strong> a la estaci\u00f3n Callao de la l\u00ednea D. La autora del proyecto, la legisladora de UCR-Evoluci\u00f3n Patricia Vischi dijo que \u00abnos pareci\u00f3 muy importante que fuera esta estaci\u00f3n del subte D porque la vida de <strong>Raquel Liberman<\/strong> se desarroll\u00f3 en esta zona, donde ella fue victimizada, pero tambi\u00e9n donde, cuando pudo recuperarse, pudo poner un comercio con mucho sacrificio para criar a sus hijos\u00bb.<br \/><br \/>Recopilaci\u00f3n de textos de: Infobae, La Naci\u00f3n. Con la gente noticias, Investigador de la Biblioteca Nacional Jos\u00e9 Luis Scarsi. Myrtha Schalom en su libro La Polaca derrib\u00f3 todas estas leyendas con un formidable trabajo de investigaci\u00f3n.<\/p>\n","protected":false},"featured_media":76188,"template":"","blog-categoria":[43],"class_list":["post-76187","blog","type-blog","status-publish","has-post-thumbnail","hentry","blog-categoria-historia-e-historias"],"yoast_head":"<!-- This site is optimized with the Yoast SEO plugin v28.4 - https:\/\/yoast.com\/product\/yoast-seo-wordpress\/ -->\n<title>Raquel Liberman: Historia de una mujer s\u00edmbolo de la lucha contra la trata<\/title>\n<meta name=\"description\" content=\"La polaca Raquel Liberman: La ca\u00edda de la Zwi Migdal. V\u00edctima de trata que se rehus\u00f3, se rebel\u00f3 y con coraje se plant\u00f3 ante sus explotadores.\" \/>\n<meta name=\"robots\" content=\"noindex, follow, max-snippet:-1, max-image-preview:large, max-video-preview:-1\" \/>\n<meta property=\"og:locale\" content=\"es_ES\" \/>\n<meta property=\"og:type\" content=\"article\" \/>\n<meta property=\"og:title\" content=\"Raquel Liberman: Historia de una mujer s\u00edmbolo de la lucha contra la trata\" \/>\n<meta property=\"og:description\" content=\"La polaca Raquel Liberman: La ca\u00edda de la Zwi Migdal. V\u00edctima de trata que se rehus\u00f3, se rebel\u00f3 y con coraje se plant\u00f3 ante sus explotadores.\" \/>\n<meta property=\"og:url\" content=\"https:\/\/blog.argxp.com\/es_es\/blog\/raquel-liberman-historia-de-una-mujer-que-fue-simbolo-de-la-lucha-contra-la-trata\/\" \/>\n<meta property=\"og:site_name\" content=\"Blog\" \/>\n<meta name=\"twitter:card\" content=\"summary_large_image\" \/>\n<meta name=\"twitter:label1\" content=\"Tiempo de lectura\" \/>\n\t<meta name=\"twitter:data1\" content=\"8 minutos\" \/>\n<script type=\"application\/ld+json\" class=\"yoast-schema-graph\">{\"@context\":\"https:\\\/\\\/schema.org\",\"@graph\":[{\"@type\":\"WebPage\",\"@id\":\"https:\\\/\\\/blog.argxp.com\\\/zh\\\/%e5%8d%9a%e5%ae%a2\\\/raquel-liberman-historia-de-una-mujer-que-fue-simbolo-de-la-lucha-contra-la-trata\\\/\",\"url\":\"https:\\\/\\\/blog.argxp.com\\\/zh\\\/%e5%8d%9a%e5%ae%a2\\\/raquel-liberman-historia-de-una-mujer-que-fue-simbolo-de-la-lucha-contra-la-trata\\\/\",\"name\":\"Raquel Liberman: Historia de una mujer s\u00edmbolo de la lucha contra la trata\",\"isPartOf\":{\"@id\":\"http:\\\/\\\/blog.argxp.com\\\/#website\"},\"primaryImageOfPage\":{\"@id\":\"https:\\\/\\\/blog.argxp.com\\\/zh\\\/%e5%8d%9a%e5%ae%a2\\\/raquel-liberman-historia-de-una-mujer-que-fue-simbolo-de-la-lucha-contra-la-trata\\\/#primaryimage\"},\"image\":{\"@id\":\"https:\\\/\\\/blog.argxp.com\\\/zh\\\/%e5%8d%9a%e5%ae%a2\\\/raquel-liberman-historia-de-una-mujer-que-fue-simbolo-de-la-lucha-contra-la-trata\\\/#primaryimage\"},\"thumbnailUrl\":\"\",\"datePublished\":\"2022-03-21T12:21:56+00:00\",\"description\":\"La polaca Raquel Liberman: La ca\u00edda de la Zwi Migdal. V\u00edctima de trata que se rehus\u00f3, se rebel\u00f3 y con coraje se plant\u00f3 ante sus explotadores.\",\"breadcrumb\":{\"@id\":\"https:\\\/\\\/blog.argxp.com\\\/zh\\\/%e5%8d%9a%e5%ae%a2\\\/raquel-liberman-historia-de-una-mujer-que-fue-simbolo-de-la-lucha-contra-la-trata\\\/#breadcrumb\"},\"inLanguage\":\"es\",\"potentialAction\":[{\"@type\":\"ReadAction\",\"target\":[\"https:\\\/\\\/blog.argxp.com\\\/zh\\\/%e5%8d%9a%e5%ae%a2\\\/raquel-liberman-historia-de-una-mujer-que-fue-simbolo-de-la-lucha-contra-la-trata\\\/\"]}]},{\"@type\":\"ImageObject\",\"inLanguage\":\"es\",\"@id\":\"https:\\\/\\\/blog.argxp.com\\\/zh\\\/%e5%8d%9a%e5%ae%a2\\\/raquel-liberman-historia-de-una-mujer-que-fue-simbolo-de-la-lucha-contra-la-trata\\\/#primaryimage\",\"url\":\"\",\"contentUrl\":\"\"},{\"@type\":\"BreadcrumbList\",\"@id\":\"https:\\\/\\\/blog.argxp.com\\\/zh\\\/%e5%8d%9a%e5%ae%a2\\\/raquel-liberman-historia-de-una-mujer-que-fue-simbolo-de-la-lucha-contra-la-trata\\\/#breadcrumb\",\"itemListElement\":[{\"@type\":\"ListItem\",\"position\":1,\"name\":\"Portada\",\"item\":\"http:\\\/\\\/blog.argxp.com\\\/\"},{\"@type\":\"ListItem\",\"position\":2,\"name\":\"Raquel Liberman: Historia de una mujer que fue s\u00edmbolo de la lucha contra la trata\"}]},{\"@type\":\"WebSite\",\"@id\":\"http:\\\/\\\/blog.argxp.com\\\/#website\",\"url\":\"http:\\\/\\\/blog.argxp.com\\\/\",\"name\":\"Blog\",\"description\":\"\",\"potentialAction\":[{\"@type\":\"SearchAction\",\"target\":{\"@type\":\"EntryPoint\",\"urlTemplate\":\"http:\\\/\\\/blog.argxp.com\\\/?s={search_term_string}\"},\"query-input\":{\"@type\":\"PropertyValueSpecification\",\"valueRequired\":true,\"valueName\":\"search_term_string\"}}],\"inLanguage\":\"es\"}]}<\/script>\n<!-- \/ Yoast SEO plugin. -->","yoast_head_json":{"title":"Raquel Liberman: Historia de una mujer s\u00edmbolo de la lucha contra la trata","description":"La polaca Raquel Liberman: La ca\u00edda de la Zwi Migdal. V\u00edctima de trata que se rehus\u00f3, se rebel\u00f3 y con coraje se plant\u00f3 ante sus explotadores.","robots":{"index":"noindex","follow":"follow","max-snippet":"max-snippet:-1","max-image-preview":"max-image-preview:large","max-video-preview":"max-video-preview:-1"},"og_locale":"es_ES","og_type":"article","og_title":"Raquel Liberman: Historia de una mujer s\u00edmbolo de la lucha contra la trata","og_description":"La polaca Raquel Liberman: La ca\u00edda de la Zwi Migdal. V\u00edctima de trata que se rehus\u00f3, se rebel\u00f3 y con coraje se plant\u00f3 ante sus explotadores.","og_url":"https:\/\/blog.argxp.com\/es_es\/blog\/raquel-liberman-historia-de-una-mujer-que-fue-simbolo-de-la-lucha-contra-la-trata\/","og_site_name":"Blog","twitter_card":"summary_large_image","twitter_misc":{"Tiempo de lectura":"8 minutos"},"schema":{"@context":"https:\/\/schema.org","@graph":[{"@type":"WebPage","@id":"https:\/\/blog.argxp.com\/zh\/%e5%8d%9a%e5%ae%a2\/raquel-liberman-historia-de-una-mujer-que-fue-simbolo-de-la-lucha-contra-la-trata\/","url":"https:\/\/blog.argxp.com\/zh\/%e5%8d%9a%e5%ae%a2\/raquel-liberman-historia-de-una-mujer-que-fue-simbolo-de-la-lucha-contra-la-trata\/","name":"Raquel Liberman: Historia de una mujer s\u00edmbolo de la lucha contra la trata","isPartOf":{"@id":"http:\/\/blog.argxp.com\/#website"},"primaryImageOfPage":{"@id":"https:\/\/blog.argxp.com\/zh\/%e5%8d%9a%e5%ae%a2\/raquel-liberman-historia-de-una-mujer-que-fue-simbolo-de-la-lucha-contra-la-trata\/#primaryimage"},"image":{"@id":"https:\/\/blog.argxp.com\/zh\/%e5%8d%9a%e5%ae%a2\/raquel-liberman-historia-de-una-mujer-que-fue-simbolo-de-la-lucha-contra-la-trata\/#primaryimage"},"thumbnailUrl":"","datePublished":"2022-03-21T12:21:56+00:00","description":"La polaca Raquel Liberman: La ca\u00edda de la Zwi Migdal. V\u00edctima de trata que se rehus\u00f3, se rebel\u00f3 y con coraje se plant\u00f3 ante sus explotadores.","breadcrumb":{"@id":"https:\/\/blog.argxp.com\/zh\/%e5%8d%9a%e5%ae%a2\/raquel-liberman-historia-de-una-mujer-que-fue-simbolo-de-la-lucha-contra-la-trata\/#breadcrumb"},"inLanguage":"es","potentialAction":[{"@type":"ReadAction","target":["https:\/\/blog.argxp.com\/zh\/%e5%8d%9a%e5%ae%a2\/raquel-liberman-historia-de-una-mujer-que-fue-simbolo-de-la-lucha-contra-la-trata\/"]}]},{"@type":"ImageObject","inLanguage":"es","@id":"https:\/\/blog.argxp.com\/zh\/%e5%8d%9a%e5%ae%a2\/raquel-liberman-historia-de-una-mujer-que-fue-simbolo-de-la-lucha-contra-la-trata\/#primaryimage","url":"","contentUrl":""},{"@type":"BreadcrumbList","@id":"https:\/\/blog.argxp.com\/zh\/%e5%8d%9a%e5%ae%a2\/raquel-liberman-historia-de-una-mujer-que-fue-simbolo-de-la-lucha-contra-la-trata\/#breadcrumb","itemListElement":[{"@type":"ListItem","position":1,"name":"Portada","item":"http:\/\/blog.argxp.com\/"},{"@type":"ListItem","position":2,"name":"Raquel Liberman: Historia de una mujer que fue s\u00edmbolo de la lucha contra la trata"}]},{"@type":"WebSite","@id":"http:\/\/blog.argxp.com\/#website","url":"http:\/\/blog.argxp.com\/","name":"Blog","description":"","potentialAction":[{"@type":"SearchAction","target":{"@type":"EntryPoint","urlTemplate":"http:\/\/blog.argxp.com\/?s={search_term_string}"},"query-input":{"@type":"PropertyValueSpecification","valueRequired":true,"valueName":"search_term_string"}}],"inLanguage":"es"}]}},"_links":{"self":[{"href":"https:\/\/blog.argxp.com\/es_es\/wp-json\/wp\/v2\/blog\/76187","targetHints":{"allow":["GET"]}}],"collection":[{"href":"https:\/\/blog.argxp.com\/es_es\/wp-json\/wp\/v2\/blog"}],"about":[{"href":"https:\/\/blog.argxp.com\/es_es\/wp-json\/wp\/v2\/types\/blog"}],"wp:attachment":[{"href":"https:\/\/blog.argxp.com\/es_es\/wp-json\/wp\/v2\/media?parent=76187"}],"wp:term":[{"taxonomy":"blog-categoria","embeddable":true,"href":"https:\/\/blog.argxp.com\/es_es\/wp-json\/wp\/v2\/blog-categoria?post=76187"}],"curies":[{"name":"wp","href":"https:\/\/api.w.org\/{rel}","templated":true}]}}