{"id":85459,"date":"2022-06-26T22:08:07","date_gmt":"2022-06-27T01:08:07","guid":{"rendered":"https:\/\/argentinaxp.com\/?post_type=blog&#038;p=85459"},"modified":"2022-06-26T22:08:07","modified_gmt":"2022-06-27T01:08:07","slug":"marie-anne-perichon-de-vandeuil-y-santiago-de-liniers","status":"publish","type":"blog","link":"https:\/\/blog.argxp.com\/es_es\/blog\/marie-anne-perichon-de-vandeuil-y-santiago-de-liniers\/","title":{"rendered":"MARIE ANNE P\u00c9RICHON DE VANDEUIL Y SANTIAGO DE LINIERS"},"content":{"rendered":"\n<p class=\"wp-block-paragraph\">\u00a1Fi-Fiuuuuu, qu\u00e9 mina! Hubieran exclamado \u2013de haber podido- los porte\u00f1os de la Buenos Aires colonial, cuando vieron llegar a la deslumbrante y volc\u00e1nica Perichon. La belleza de esta mujer, su encantadora conversaci\u00f3n con acento ex\u00f3tico y marcada sensualidad, aceleraba el pulso de los caballeros y encend\u00eda la envidia de las damas criollas. Muy pronto la acusaron de \u201ccome hombres\u201d, contrabandista y esp\u00eda. Y el colmo fue cuando el Virrey Liniers perdi\u00f3 la cabeza por ella, y comenz\u00f3 uno de los culebrones m\u00e1s mentados de la \u00e9poca de las Invasiones Inglesas.<\/p>\n\n\n\n<div class=\"wp-block-image\"><figure class=\"aligncenter size-full\"><img decoding=\"async\" src=\"https:\/\/blog.argxp.com\/wp-content\/uploads\/2025\/05\/597565d0-139f-4be3-a408-157018b1fabf.jpg\" alt=\"La perichona\" class=\"wp-image-85463\"\/><\/figure><\/div>\n\n\n\n<p class=\"wp-block-paragraph\">Marie Anne P\u00e9richon de Vandeuil, m\u00e1s conocida como Anita Perich\u00f3n o \u201cla Perichona\u201d, hab\u00eda nacido en 1775 en la isla Borb\u00f3n (hoy \u201cLa Reuni\u00f3n\u201d en el Archipi\u00e9lago de Las Mascare\u00f1as), antigua posesi\u00f3n francesa situada en el Oc\u00e9ano \u00cdndico. Pertenec\u00eda a una familia de la elite colonial francesa y muy joven se cas\u00f3 con un oficial irland\u00e9s al servicio de Francia, Thomas O\u2019Gorman. En 1797, la familia se instal\u00f3 en Buenos Aires, donde ya estaba establecido el t\u00edo de Thomas, el m\u00e9dico Miguel O\u2019Gorman, creador del Protomedicato, la instituci\u00f3n encargada de regular las pr\u00e1cticas de salud en la colonia. Llegaron con \u201cgran boato\u201d, como se dec\u00eda entonces, y mientras el padre de Ana fracasaba en su intento de convertirse en fazendeiro en Brasil, O\u2019Gorman castellaniz\u00f3 su nombre como Tom\u00e1s y adquiri\u00f3 campos en los alrededores de Buenos Aires.<\/p>\n\n\n\n<p class=\"wp-block-paragraph\">La vida de don Tom\u00e1s se complic\u00f3 a partir de las Invasiones Inglesas, ya que por colaborar con el enemigo fue encarcelado en Luj\u00e1n luego de la reconquista y, al insistir en ofrecer sus servicios al invasor en 1807, tuvo que buscar refugio en R\u00edo de Janeiro. Su mujer, Anita, se qued\u00f3 en Buenos Aires, donde se convirti\u00f3 en amante del \u201ch\u00e9roe de la jornada\u201d y nuevo hombre fuerte en Buenos Aires, Santiago de Liniers, convertido en virrey por decisi\u00f3n de los \u201cvecinos\u201d. El historiador Vicente Fidel L\u00f3pez se\u00f1ala que su amante anterior hab\u00eda sido nada menos que el general Beresford, jefe de la primera invasi\u00f3n inglesa. All\u00ed nacieron las sospechas, que la acompa\u00f1ar\u00e1n gran parte de su vida, sobre su espionaje a favor de los ingleses.<\/p>\n\n\n\n<div class=\"wp-block-image\"><figure class=\"aligncenter size-full\"><img decoding=\"async\" src=\"https:\/\/blog.argxp.com\/wp-content\/uploads\/2025\/05\/9ca01f18-5176-46f5-95a1-b6a09c9e5638.jpg\" alt=\"Santiago de Liniers\" class=\"wp-image-85462\"\/><\/figure><\/div>\n\n\n\n<p class=\"wp-block-paragraph\">Seg\u00fan nos cuenta Paul Groussac, mientras avanzaba Liniers al frente de su columna, el 12 de agosto de 1806, cuando lleg\u00f3 a la calle de San Nicol\u00e1s \u2013la actual avenida Corrientes- alguien arroj\u00f3 a sus pies un pa\u00f1uelo bordado y perfumado como homenaje al vencedor. Liniers lo recogi\u00f3 con la punta de su espada, y al contestar el saludo con el pa\u00f1uelo en alto pudo ver a la bella Anita y a partir de ese momento comenz\u00f3 una relaci\u00f3n muy fogosa. Las relaciones de \u201cMadama O\u2019Gorman\u201d y Liniers fueron el esc\u00e1ndalo de la ciudad por esos d\u00edas. En parte, porque a sus 31 a\u00f1os ya no era considerada una jovencita en esos tiempos y se supon\u00eda que una \u201cse\u00f1ora\u201d deb\u00eda ser mucho m\u00e1s discreta. La informal \u201cvirreina\u201d se instal\u00f3 en la casa de Liniers y se mov\u00eda con una escolta, y para horror de las damas porte\u00f1as lleg\u00f3 a usar uniforme militar y pasearse montada a caballo.<\/p>\n\n\n\n<p class=\"wp-block-paragraph\">El apodo de Perichona referente obviamente a su apellido, se asociaba por entonces con Mar\u00eda Michaela Villegas y Hurtado, notable actriz lime\u00f1a que, adem\u00e1s de por su gran talento, cobr\u00f3 celebridad por sus amores con el virrey del Per\u00fa, don Manuel de Amat y Juniet, Caballero de la Orden de San Juan. El calificativo era un tanto insultante porque derivaba de \u201cperra\u201d y \u201cchola\u201d. Por su parte, Liniers, prefer\u00eda llamarla \u201cLa Petaquita\u201d.<\/p>\n\n\n\n<p class=\"wp-block-paragraph\">Seg\u00fan un esp\u00eda del gobierno portugu\u00e9s, la mujer \u201cpuede todo lo que quiera sobre su esp\u00edritu\u201d y era el \u201ccanal adoptable para dirigir la voluntad\u201d del virrey. El rumor a voces era que, a trav\u00e9s suyo, se realizaban excelentes negocios, gracias al favor oficial; algo que no era ninguna novedad en la colonia, pero que en esos tiempos revueltos y con el tesoro exhausto se hac\u00eda m\u00e1s evidente.<\/p>\n\n\n\n<p class=\"wp-block-paragraph\">La situaci\u00f3n se volvi\u00f3 m\u00e1s que complicada cuando Napole\u00f3n decidi\u00f3 apoderarse de Espa\u00f1a y entronizar a su hermano Jos\u00e9. La condici\u00f3n de franceses, tanto de Liniers como de \u201cMadama Perich\u00f3n\u201d, los puso en la mira de los ataques. El rico comerciante espa\u00f1ol y jefe del Cabildo, Mart\u00edn de \u00c1lzaga, vio llegada la oportunidad de deshacerse del \u201cfranc\u00e9s\u201d, y en octubre de 1808 hizo redactar un oficio del Cabildo a la Junta Suprema Central en la que se le\u00eda: \u201cEsa mujer con quien vive el virrey mantiene una amistad que es esc\u00e1ndalo del pueblo, que no sale sin escolta, que tiene guardia en casa de d\u00eda y de noche, que emplea las tropas del servicio en los trabajos de su hacienda de campo, donde pasa los d\u00edas el virrey, cuya comunicaci\u00f3n no han podido cortar ni las insinuaciones ni los consejos de las autoridades, ni el susurro ni los gritos del pueblo, esa mujer, en fin, despreciada y criminal por todas sus circunstancias es la \u00e1rbitra del gobierno y aun de nuestra suerte. No hay cosa, por injusta que sea, que no se le alcance y consiga por su conducto. El empe\u00f1o y el dinero son agentes muy poderosos con ella. En nada trepida, y as\u00ed se ven monstruosidades en el mando, des\u00f3rdenes sobre des\u00f3rdenes trascendentales al mismo pueblo, en quien los magistrados no pueden administrar justicia porque se excusa su conducta\u201d.<\/p>\n\n\n\n<div class=\"wp-block-image\"><figure class=\"aligncenter size-full\"><img decoding=\"async\" src=\"https:\/\/blog.argxp.com\/wp-content\/uploads\/2025\/05\/af13acfb-758a-4c59-8bd8-9312595070b5.jpg\" alt=\"Infanta Carlota Joaquina\" class=\"wp-image-85460\"\/><\/figure><\/div>\n\n\n\n<p class=\"wp-block-paragraph\">La gota que colm\u00f3 el vaso bastante chiquito de la pacata sociedad porte\u00f1a de la \u00e9poca fue la intenci\u00f3n de la hija de Liniers de casarse con el hermano menor de Anita, Juan Bautista Perich\u00f3n. El virrey, dejando de lado sus pasiones amorosas y tratando de defender su \u201cbuen nombre y honor\u201d acus\u00f3 a su amante de reunir a conspiradores en las tertulias de su casa, la hizo embarcar y la expuls\u00f3 con destino a R\u00edo de Janeiro, a reunirse con su marido. Para entonces, la corte portuguesa hab\u00eda sido instalada por sus aliados brit\u00e1nicos en Brasil, huyendo de la invasi\u00f3n napole\u00f3nica, y era el centro de las intrigas que protagonizaba la princesa Carlota Joaquina de Borb\u00f3n, hermana del rey Fernando VII y mujer del pr\u00edncipe regente de Portugal. Recordemos que Carlota aspiraba a gobernar las colonias americanas como regente mientras durase el \u201ccautiverio\u201d de su \u201creal hermano\u201d, preso VIP de Napole\u00f3n en el palacio franc\u00e9s de Valen\u00e7ay.<\/p>\n\n\n\n<p class=\"wp-block-paragraph\">En su casa de R\u00edo de Janeiro, Anita Perich\u00f3n de O\u2019Gorman prosigui\u00f3 con sus tertulias, donde se reun\u00edan distintos conspiradores rioplatenses, brit\u00e1nicos y portugueses. La leyenda quiere que su nuevo protector y amante fuese nada menos que lord Strangford, el representante brit\u00e1nico ante la corte portuguesa en r\u00edo; como se dir\u00eda en tiempos m\u00e1s recientes, uno de los principales \u201coperadores pol\u00edticos\u201d de todo el proceso en marcha en Sudam\u00e9rica y, ante todo, el m\u00e1s firme opositor a los planes de la princesa Carlota de verse due\u00f1a de la situaci\u00f3n. As\u00ed las cosas, do\u00f1a Carlota decidi\u00f3 que para \u201cintrigante\u201den las playas cariocas con ella misma era m\u00e1s que suficiente, y en 1809 decidi\u00f3 expulsar a do\u00f1a Anita.<\/p>\n\n\n\n<p class=\"wp-block-paragraph\">Presas, el secretario de Carlota, cuenta en sus \u201cMemorias secretas\u201d que en un principio la princesa le pidi\u00f3 que hiciera una lista de conspiradores en la que no pod\u00eda faltar Madame Perich\u00f3n. Este se compadeci\u00f3 de Anita y relata: \u201cForm\u00e9 al momento con las se\u00f1as y circunstancias que ped\u00eda la princesa; m\u00e1s omit\u00ed poner en ella a la P\u00e9richon, porque no hay cosa peor para toda persona que se empiece a escribir de ella en semejantes materias. Al tiempo de leer S. A. la lista not\u00f3 que faltaba el nombre de la que ella quer\u00eda que se buscase con particularidad. &#8211; \u00bfY por qu\u00e9 \u2013me dijo- no est\u00e1 aqu\u00ed la P\u00e9richon? \u2013Porque esta mujer no se mezcla en semejantes negocios, y su situaci\u00f3n es tan desgraciada en el d\u00eda, que es m\u00e1s digna que V. A. R se compadezca de ella, que no de que la aumentemos su aflicci\u00f3n. &#8211; \u00a1Hola! \u2013me replic\u00f3-, parece que eres protector de las buenas mozas. \u2013Se\u00f1ora, soy hombre; pero a esta en la vida la he hablado, y si el ser buena moza en esta ocasi\u00f3n no la favorece, tampoco debe perjudicarle, no existiendo causa cierta para proceder contra ella, y sobre todo V. A. podr\u00e1 hacer lo que guste\u201d. Concluye Presas:\u201cNo es f\u00e1cil explicar el odio y ojeriza con que las mujeres feas miran a las hermosas, defecto de que no est\u00e1n exentas ni las mismas princesas\u201d.<\/p>\n\n\n\n<p class=\"wp-block-paragraph\">Finalmente, Anita fue deportada y embarcada en un buque ingl\u00e9s, pero las autoridades espa\u00f1olas de Montevideo y de Buenos Aires, con el virrey Cisneros a la cabeza, le negaron el permiso para desembarcar. Reci\u00e9n despu\u00e9s de la Revoluci\u00f3n de Mayo, la Junta decret\u00f3 que \u201cmadame O\u2019Gorman podr\u00eda bajar a tierra con la condici\u00f3n de que no se estableciera en el centro de la ciudad, sino en la chacra de La Matanza, donde deb\u00eda guardar circunspecci\u00f3n y retiro\u201d.<\/p>\n\n\n\n<div class=\"wp-block-image\"><figure class=\"aligncenter size-full\"><img decoding=\"async\" src=\"https:\/\/blog.argxp.com\/wp-content\/uploads\/2025\/05\/8fca75c6-6485-4fe8-9dfa-c562bc34d4ea.jpg\" alt=\"Casona de Sarratea - Casa de Santiago de Liniers\" class=\"wp-image-85461\"\/><\/figure><\/div>\n\n\n\n<p class=\"wp-block-paragraph\">All\u00ed la fren\u00e9tica animadora de las tertulias porte\u00f1as y paulistas pas\u00f3 los \u00faltimos treinta a\u00f1os de su vida pr\u00e1cticamente recluida. Las noticias que recib\u00eda no eran generalmente estimulantes, ya que desde su estancia de La Matanza debi\u00f3 tomar conocimiento de dos ajusticiamientos de personas de su proximidad: el ex Virrey Santiago de Liniers, su antiguo amante, y Camila O\u2019Gorman, su nieta y heredera de su esp\u00edritu rebelde. Algo demasiado peligroso en una sociedad donde la libertad siempre supuso una cualidad que despierta sospechas y sanciones.<\/p>\n\n\n\n<p class=\"wp-block-paragraph\">Recopilaci\u00f3n de textos e im\u00e1genes: elhistoriador.com.ar; agencianova.com; elsoldesantelmo.com.ar; pressreader.com<\/p>\n","protected":false},"featured_media":85464,"template":"","blog-categoria":[43],"class_list":["post-85459","blog","type-blog","status-publish","has-post-thumbnail","hentry","blog-categoria-historia-e-historias"],"yoast_head":"<!-- This site is optimized with the Yoast SEO plugin v28.4 - https:\/\/yoast.com\/product\/yoast-seo-wordpress\/ -->\n<title>MARIE ANNE P\u00c9RICHON DE VANDEUIL Y SANTIAGO DE LINIERS - Blog<\/title>\n<meta name=\"robots\" content=\"noindex, follow, max-snippet:-1, max-image-preview:large, max-video-preview:-1\" \/>\n<meta property=\"og:locale\" content=\"es_ES\" \/>\n<meta property=\"og:type\" content=\"article\" \/>\n<meta property=\"og:title\" content=\"MARIE ANNE P\u00c9RICHON DE VANDEUIL Y SANTIAGO DE LINIERS - Blog\" \/>\n<meta property=\"og:description\" content=\"\u00a1Fi-Fiuuuuu, qu\u00e9 mina! Hubieran exclamado \u2013de haber podido- los porte\u00f1os de la Buenos Aires colonial, cuando vieron llegar a la deslumbrante y volc\u00e1nica Perichon. La belleza de esta mujer, su encantadora conversaci\u00f3n con acento ex\u00f3tico y marcada sensualidad, aceleraba el pulso de los caballeros y encend\u00eda la envidia de las damas criollas. Muy pronto la [&hellip;]\" \/>\n<meta property=\"og:url\" content=\"https:\/\/blog.argxp.com\/es_es\/blog\/marie-anne-perichon-de-vandeuil-y-santiago-de-liniers\/\" \/>\n<meta property=\"og:site_name\" content=\"Blog\" \/>\n<meta name=\"twitter:card\" content=\"summary_large_image\" \/>\n<meta name=\"twitter:label1\" content=\"Tiempo de lectura\" \/>\n\t<meta name=\"twitter:data1\" content=\"8 minutos\" \/>\n<script type=\"application\/ld+json\" class=\"yoast-schema-graph\">{\"@context\":\"https:\\\/\\\/schema.org\",\"@graph\":[{\"@type\":\"WebPage\",\"@id\":\"https:\\\/\\\/blog.argxp.com\\\/fr\\\/blog\\\/marie-anne-perichon-de-vandeuil-y-santiago-de-liniers\\\/\",\"url\":\"https:\\\/\\\/blog.argxp.com\\\/fr\\\/blog\\\/marie-anne-perichon-de-vandeuil-y-santiago-de-liniers\\\/\",\"name\":\"MARIE ANNE P\u00c9RICHON DE VANDEUIL Y SANTIAGO DE LINIERS - Blog\",\"isPartOf\":{\"@id\":\"http:\\\/\\\/blog.argxp.com\\\/#website\"},\"primaryImageOfPage\":{\"@id\":\"https:\\\/\\\/blog.argxp.com\\\/fr\\\/blog\\\/marie-anne-perichon-de-vandeuil-y-santiago-de-liniers\\\/#primaryimage\"},\"image\":{\"@id\":\"https:\\\/\\\/blog.argxp.com\\\/fr\\\/blog\\\/marie-anne-perichon-de-vandeuil-y-santiago-de-liniers\\\/#primaryimage\"},\"thumbnailUrl\":\"\",\"datePublished\":\"2022-06-27T01:08:07+00:00\",\"breadcrumb\":{\"@id\":\"https:\\\/\\\/blog.argxp.com\\\/fr\\\/blog\\\/marie-anne-perichon-de-vandeuil-y-santiago-de-liniers\\\/#breadcrumb\"},\"inLanguage\":\"es\",\"potentialAction\":[{\"@type\":\"ReadAction\",\"target\":[\"https:\\\/\\\/blog.argxp.com\\\/fr\\\/blog\\\/marie-anne-perichon-de-vandeuil-y-santiago-de-liniers\\\/\"]}]},{\"@type\":\"ImageObject\",\"inLanguage\":\"es\",\"@id\":\"https:\\\/\\\/blog.argxp.com\\\/fr\\\/blog\\\/marie-anne-perichon-de-vandeuil-y-santiago-de-liniers\\\/#primaryimage\",\"url\":\"\",\"contentUrl\":\"\"},{\"@type\":\"BreadcrumbList\",\"@id\":\"https:\\\/\\\/blog.argxp.com\\\/fr\\\/blog\\\/marie-anne-perichon-de-vandeuil-y-santiago-de-liniers\\\/#breadcrumb\",\"itemListElement\":[{\"@type\":\"ListItem\",\"position\":1,\"name\":\"Portada\",\"item\":\"http:\\\/\\\/blog.argxp.com\\\/\"},{\"@type\":\"ListItem\",\"position\":2,\"name\":\"MARIE ANNE P\u00c9RICHON DE VANDEUIL Y SANTIAGO DE LINIERS\"}]},{\"@type\":\"WebSite\",\"@id\":\"http:\\\/\\\/blog.argxp.com\\\/#website\",\"url\":\"http:\\\/\\\/blog.argxp.com\\\/\",\"name\":\"Blog\",\"description\":\"\",\"potentialAction\":[{\"@type\":\"SearchAction\",\"target\":{\"@type\":\"EntryPoint\",\"urlTemplate\":\"http:\\\/\\\/blog.argxp.com\\\/?s={search_term_string}\"},\"query-input\":{\"@type\":\"PropertyValueSpecification\",\"valueRequired\":true,\"valueName\":\"search_term_string\"}}],\"inLanguage\":\"es\"}]}<\/script>\n<!-- \/ Yoast SEO plugin. -->","yoast_head_json":{"title":"MARIE ANNE P\u00c9RICHON DE VANDEUIL Y SANTIAGO DE LINIERS - Blog","robots":{"index":"noindex","follow":"follow","max-snippet":"max-snippet:-1","max-image-preview":"max-image-preview:large","max-video-preview":"max-video-preview:-1"},"og_locale":"es_ES","og_type":"article","og_title":"MARIE ANNE P\u00c9RICHON DE VANDEUIL Y SANTIAGO DE LINIERS - Blog","og_description":"\u00a1Fi-Fiuuuuu, qu\u00e9 mina! Hubieran exclamado \u2013de haber podido- los porte\u00f1os de la Buenos Aires colonial, cuando vieron llegar a la deslumbrante y volc\u00e1nica Perichon. La belleza de esta mujer, su encantadora conversaci\u00f3n con acento ex\u00f3tico y marcada sensualidad, aceleraba el pulso de los caballeros y encend\u00eda la envidia de las damas criollas. Muy pronto la [&hellip;]","og_url":"https:\/\/blog.argxp.com\/es_es\/blog\/marie-anne-perichon-de-vandeuil-y-santiago-de-liniers\/","og_site_name":"Blog","twitter_card":"summary_large_image","twitter_misc":{"Tiempo de lectura":"8 minutos"},"schema":{"@context":"https:\/\/schema.org","@graph":[{"@type":"WebPage","@id":"https:\/\/blog.argxp.com\/fr\/blog\/marie-anne-perichon-de-vandeuil-y-santiago-de-liniers\/","url":"https:\/\/blog.argxp.com\/fr\/blog\/marie-anne-perichon-de-vandeuil-y-santiago-de-liniers\/","name":"MARIE ANNE P\u00c9RICHON DE VANDEUIL Y SANTIAGO DE LINIERS - Blog","isPartOf":{"@id":"http:\/\/blog.argxp.com\/#website"},"primaryImageOfPage":{"@id":"https:\/\/blog.argxp.com\/fr\/blog\/marie-anne-perichon-de-vandeuil-y-santiago-de-liniers\/#primaryimage"},"image":{"@id":"https:\/\/blog.argxp.com\/fr\/blog\/marie-anne-perichon-de-vandeuil-y-santiago-de-liniers\/#primaryimage"},"thumbnailUrl":"","datePublished":"2022-06-27T01:08:07+00:00","breadcrumb":{"@id":"https:\/\/blog.argxp.com\/fr\/blog\/marie-anne-perichon-de-vandeuil-y-santiago-de-liniers\/#breadcrumb"},"inLanguage":"es","potentialAction":[{"@type":"ReadAction","target":["https:\/\/blog.argxp.com\/fr\/blog\/marie-anne-perichon-de-vandeuil-y-santiago-de-liniers\/"]}]},{"@type":"ImageObject","inLanguage":"es","@id":"https:\/\/blog.argxp.com\/fr\/blog\/marie-anne-perichon-de-vandeuil-y-santiago-de-liniers\/#primaryimage","url":"","contentUrl":""},{"@type":"BreadcrumbList","@id":"https:\/\/blog.argxp.com\/fr\/blog\/marie-anne-perichon-de-vandeuil-y-santiago-de-liniers\/#breadcrumb","itemListElement":[{"@type":"ListItem","position":1,"name":"Portada","item":"http:\/\/blog.argxp.com\/"},{"@type":"ListItem","position":2,"name":"MARIE ANNE P\u00c9RICHON DE VANDEUIL Y SANTIAGO DE LINIERS"}]},{"@type":"WebSite","@id":"http:\/\/blog.argxp.com\/#website","url":"http:\/\/blog.argxp.com\/","name":"Blog","description":"","potentialAction":[{"@type":"SearchAction","target":{"@type":"EntryPoint","urlTemplate":"http:\/\/blog.argxp.com\/?s={search_term_string}"},"query-input":{"@type":"PropertyValueSpecification","valueRequired":true,"valueName":"search_term_string"}}],"inLanguage":"es"}]}},"_links":{"self":[{"href":"https:\/\/blog.argxp.com\/es_es\/wp-json\/wp\/v2\/blog\/85459","targetHints":{"allow":["GET"]}}],"collection":[{"href":"https:\/\/blog.argxp.com\/es_es\/wp-json\/wp\/v2\/blog"}],"about":[{"href":"https:\/\/blog.argxp.com\/es_es\/wp-json\/wp\/v2\/types\/blog"}],"wp:attachment":[{"href":"https:\/\/blog.argxp.com\/es_es\/wp-json\/wp\/v2\/media?parent=85459"}],"wp:term":[{"taxonomy":"blog-categoria","embeddable":true,"href":"https:\/\/blog.argxp.com\/es_es\/wp-json\/wp\/v2\/blog-categoria?post=85459"}],"curies":[{"name":"wp","href":"https:\/\/api.w.org\/{rel}","templated":true}]}}