{"id":85466,"date":"2022-06-26T23:06:16","date_gmt":"2022-06-27T02:06:16","guid":{"rendered":"https:\/\/argentinaxp.com\/?post_type=blog&#038;p=85466"},"modified":"2022-06-26T23:06:16","modified_gmt":"2022-06-27T02:06:16","slug":"los-86-anos-del-obelisco-de-buenos-aires","status":"publish","type":"blog","link":"https:\/\/blog.argxp.com\/es_es\/blog\/los-86-anos-del-obelisco-de-buenos-aires\/","title":{"rendered":"Los 86 a\u00f1os del Obelisco de Buenos Aires"},"content":{"rendered":"\n<p class=\"wp-block-paragraph\">El obelisco es considerado un icono de la Ciudad de Buenos Aires, en las postales que recorren el mundo, los pa\u00edses seducen con las im\u00e1genes de sus construcciones m\u00e1s emblem\u00e1ticas; Par\u00eds con la Torre Eiffel, Londres con el Big Ben o Nueva York con la Estatua de la Libertad, una de esas im\u00e1genes de Argentina y s\u00edmbolo inconfundible de la Ciudad es el Obelisco. El pr\u00f3ximo 23 de mayo este protagonista de innumerables acontecimientos, cumple 86 a\u00f1os, es una buena oportunidad para conocer algo m\u00e1s acerca de \u00e9l.<\/p>\n\n\n\n<div class=\"wp-block-image\"><figure class=\"aligncenter size-large\"><img decoding=\"async\" src=\"https:\/\/blog.argxp.com\/wp-content\/uploads\/2025\/05\/8d67fe53-4eb0-4aaf-8cc8-a08511ad2fb0-800x429.jpg\" alt=\"Obelisco Buenos Aires\" class=\"wp-image-85468\"\/><\/figure><\/div>\n\n\n\n<p class=\"wp-block-paragraph\">El proyecto de apertura de la Avenida 9 de Julio, como una arteria que atravesara la ciudad de Norte a Sur, era de fines del siglo XIX y si bien fue incluida en diversos planos y proyectos, la Ley Nacional 8855, que aprob\u00f3 la expropiaci\u00f3n con fines de utilidad p\u00fablica de las propiedades ubicadas sobre la futura traza de la Avenida, data de 1912.<\/p>\n\n\n\n<p class=\"wp-block-paragraph\">Eran tiempos de cambio y todo se enmarcaba en un vasto plan de obras p\u00fablicas que implicaba la reestructuraci\u00f3n y modernizaci\u00f3n de la ciudad m\u00e1s all\u00e1 del eje que hasta entonces era la Plaza y Avenida de Mayo; era el momento de resolver problemas de tr\u00e1nsito y velocidad de veh\u00edculos y para ello la apertura de Avenida 9 de Julio contemplaba una rotonda en el cruce de las actuales Av. Corrientes y Diagonal Norte; la Plaza de la Rep\u00fablica, adem\u00e1s del ensanche de la Av. Corrientes.<\/p>\n\n\n\n<p class=\"wp-block-paragraph\">El domicilio exacto del Obelisco es: Av. Corrientes 1066, Ciudad de Buenos Aires, (Fuente: GCBA) pero\u2026\u00bfen el mismo lugar que se ubicaba anteriormente?: el Hip\u00f3dromo, escenario circense en el que actu\u00f3 el famoso payaso Frank Brown, el primitivo estadio Luna Park, el Teatro del Pueblo y la iglesia de San Nicol\u00e1s de Bari, erigida durante la colonia en la llamada Calle del Sol, luego San Nicol\u00e1s y m\u00e1s tarde Corrientes y que adem\u00e1s dio su nombre al barrio en que se ubicaba.<\/p>\n\n\n\n<p class=\"wp-block-paragraph\">Por varias razones, la iglesia de San Nicol\u00e1s de Bari era un templo hist\u00f3rico: en \u00e9l fueron bautizados Mariano Moreno y Manuel Dorrego, descansaban los restos del presb\u00edtero Manuel Alberti; integrante de la Primera Junta de Gobierno de 1810, que falleci\u00f3 en enero de 1811 y adem\u00e1s en su torre flame\u00f3 por primera vez el 23 de agosto de 1812 la Bandera Argentina. La iglesia fue demolida en 1931 y trasladada a su emplazamiento actual: Avenida Santa Fe 1364. Es la \u00fanica iglesia colonial que actualmente no existe.<\/p>\n\n\n\n<p class=\"wp-block-paragraph\">Con toda la zona reestructurada, el intendente Mariano de Vedia y Mitre propone al Gobierno Nacional levantar en la Plaza de la Rep\u00fablica, un obelisco como s\u00edmbolo del cuarto centenario de la fundaci\u00f3n de la Ciudad de Buenos Aires.<\/p>\n\n\n\n<p class=\"wp-block-paragraph\">Un monumento que hiciera justicia a tama\u00f1o acontecimiento y en el decreto de su creaci\u00f3n se refer\u00eda a una obra \u2026 \u201cQue se\u00f1ale al pueblo de la Rep\u00fablica la verdadera importancia de la efem\u00e9ride\u2026\u201d \u201c\u2026que no existe en la Ciudad ning\u00fan monumento que simbolice el homenaje de la Capital de la Naci\u00f3n entera\u2026\u201d Nac\u00eda el Obelisco.<\/p>\n\n\n\n<p class=\"wp-block-paragraph\">Los trabajos comenzaron en marzo de 1936, complet\u00e1ndose dos meses despu\u00e9s, todo un desaf\u00edo para la \u00e9poca.<\/p>\n\n\n\n<p class=\"wp-block-paragraph\">El 23 de mayo de 1936 se inaugur\u00f3 el gran Obelisco, obra del arquitecto Alberto Prebisch, uno de los principales referentes del modernismo argentino.<\/p>\n\n\n\n<p class=\"wp-block-paragraph\">Para optimizar los tiempos y facilitar el volcado del hormig\u00f3n, se construy\u00f3 por secciones de dos metros. Utilizando entre sus materiales 1300\u202fm\u00b2 de piedra blanca de Olaen, C\u00f3rdoba.<\/p>\n\n\n\n<div class=\"wp-block-image\"><figure class=\"aligncenter size-full\"><img decoding=\"async\" src=\"https:\/\/blog.argxp.com\/wp-content\/uploads\/2025\/05\/121a8cc2-1b1e-4acd-a982-56ea958611fe.jpg\" alt=\"obelisco subte\" class=\"wp-image-85470\"\/><\/figure><\/div>\n\n\n\n<p class=\"wp-block-paragraph\">La resoluci\u00f3n de la estructura se logr\u00f3 con la ubicaci\u00f3n de dos grandes bases a los lados del t\u00fanel de la l\u00ednea D de subterr\u00e1neos (en construcci\u00f3n, e inaugurada en 1937), que adem\u00e1s descansaban sobre los t\u00faneles inferiores de la L\u00ednea B (1930), sobre estas dos bases se colocaron, cinco vigas de gran envergadura que serv\u00edan de soporte a una extensa losa sobre la cual se apoya el obelisco.<\/p>\n\n\n\n<p class=\"wp-block-paragraph\">Su altura total es de 67,5 m; a los 63.5m se inicia el \u00e1pice que es de 3,5m. Posee solo una puerta de entrada que mira al oeste de la ciudad y en la c\u00faspide, cuatro ventanales a los que se llega mediante una escalera marinera de 206 escalones, con siete descansos a intervalos de ocho metros, salvo uno de ellos a una distancia de seis metros. Visto desde abajo, los descansos en forma de rombo son de capacidad limitada, en algunos tramos est\u00e1 tan cerca la pared que el cemento roza la espalda de la persona que sube, no as\u00ed los descansos cuadrados que permiten dar una vuelta completa al interior del obelisco.<\/p>\n\n\n\n<p class=\"wp-block-paragraph\">Hacia arriba se observa un chap\u00f3n con dos agujeros: los \u201cojos de fuego\u201d que permiten el paso de la luz solar hacia el interior y dan la bienvenida a la maravillosa punta roma que da fin al obelisco.<\/p>\n\n\n\n<div class=\"wp-block-image\"><figure class=\"aligncenter size-large\"><img decoding=\"async\" src=\"https:\/\/blog.argxp.com\/wp-content\/uploads\/2025\/05\/17e5dce6-7a58-4663-a034-3555fc3d8eed-800x534.jpg\" alt=\"Obelisco mantenimiento\" class=\"wp-image-85471\"\/><\/figure><\/div>\n\n\n\n<p class=\"wp-block-paragraph\">Desde los ventanales ubicados en la punta roma, se puede ver hacia los cuatro puntos cardinales de la Ciudad; desde la ventana oeste, la Av. Corrientes, en direcci\u00f3n a la Av. Callao, en la del este, se observa la Av. Corrientes en sentido opuesto; hacia la Av. Leandro N. Alem y Puerto Madero y tambi\u00e9n la Diagonal Norte hacia la Plaza de Mayo; la vista sur, se encuentra con el edificio del Ministerio de Acci\u00f3n Social de la Naci\u00f3n y la Autopista 25 de Mayo y por el ventanal norte se observa la Autopista Dr. Arturo Umberto Illia (AV1Norte) y el R\u00edo de la Plata.<\/p>\n\n\n\n<p class=\"wp-block-paragraph\">En las paredes internas se tallaron leyendas que indican la fecha, a\u00f1o y participantes de la finalizaci\u00f3n de obra, como as\u00ed tambi\u00e9n la fecha de inauguraci\u00f3n. En el exterior se ubican c\u00e1maras, radar y pararrayos.<\/p>\n\n\n\n<div class=\"wp-block-image\"><figure class=\"aligncenter size-full\"><img decoding=\"async\" src=\"https:\/\/blog.argxp.com\/wp-content\/uploads\/2025\/05\/7b77f133-a91d-498d-a220-8e1d85a5a289-1.jpg\" alt=\"Obelisco inscripciones\" class=\"wp-image-85472\"\/><\/figure><\/div>\n\n\n\n<p class=\"wp-block-paragraph\">En el exterior de las cuatro caras hay inscripciones que recuerdan distintos hechos hist\u00f3ricos: el frente Norte dice: \u201cEn este sitio, en la torre de San Nicol\u00e1s, fue izada por primera vez en la ciudad la bandera nacional el XXIII de Agosto de MDCCCXII\u201d, en el frente oeste dice; \u201cCapital Federal, ley dictada por el Congreso Nacional el XX de Setiembre de MDCCCLXXX a iniciativa del presidente Nicol\u00e1s Avellaneda, decreto del presidente Julio A. Roca VI de Diciembre de MDCCCLXXX\u201d, la inscripci\u00f3n del frente sur dice: \u201cSegunda fundaci\u00f3n por Juan de Garay XI de Junio de MDLXXX\u201d y adem\u00e1s en un peque\u00f1o rect\u00e1ngulo el poema \u201cEl Obelisco\u201d que Baldomero Fernandez Moreno escribi\u00f3 en un homenaje a Alberto Prebisch (seg\u00fan la an\u00e9cdota, fue escrito durante una cena en el Hotel Alvear, en una servilleta y entregado a la esposa de Prebisch), finalmente en el frente este, la inscripci\u00f3n dice: \u201cBuenos Aires a la Rep\u00fablica, en el IV centenario de la fundaci\u00f3n de la ciudad por don Pedro de Mendoza XI de Febrero de MDXXXVI.\u201d<\/p>\n\n\n\n<p class=\"wp-block-paragraph\">En sus comienzos el Obelisco fue rechazado y con iron\u00eda se lo apodaba \u201cpisapapeles de cemento\u201d, \u201cpunz\u00f3n\u201d o \u201cestaca\u201d. El 21 de junio de 1938, se desprendieron trozos de mamposter\u00eda, por lo que un a\u00f1o despu\u00e9s se vot\u00f3 en el Concejo Deliberante porte\u00f1o su demolici\u00f3n, argumentando razones de seguridad p\u00fablica, econ\u00f3micas y est\u00e9ticas, tuvo que terciar el presidente de la Rep\u00fablica Roberto M. Ortiz quien expres\u00f3 que el monumento recordaba un acontecimiento importante como era la primera fundaci\u00f3n de Buenos Aires, y que el Ministerio de Obras p\u00fablicas costear\u00eda los gastos de reparaci\u00f3n, mientras que el intendente de la ciudad de Buenos Aires, Arturo Goyeneche vet\u00f3 la Ordenanza que aprobara la demolici\u00f3n. La reparaci\u00f3n fue realizada, pero en la misma se perdi\u00f3 la leyenda que se\u00f1alaba a Prebisch como arquitecto de la obra.<\/p>\n\n\n\n<p class=\"wp-block-paragraph\">En distintas oportunidades, el Obelisco fue intervenido: en los \u00faltimos d\u00edas de 1973, fue decorado como un \u00e1rbol de Navidad; en 1975 se lo utiliz\u00f3 para dar dos mensajes al ciudadano: \u201cEl silencio es salud\u201d y \u201cMantenga limpia a Buenos Aires\u201d, en 2005 se cubri\u00f3 con una tela rosa simulando un preservativo para conmemorar el D\u00eda Mundial de la lucha contra el Sida y en 2009 se lo decor\u00f3 con un brazalete con el lema \u201cSay no More\u201d para anunciar la vuelta a los escenarios del m\u00fasico Charly Garcia, y en oportunidades fue iluminado conmemorando fechas significativas.<\/p>\n\n\n\n<p class=\"wp-block-paragraph\">Algunas de estas intervenciones despertaron las m\u00e1s encendidas pol\u00e9micas, y quiz\u00e1s la que m\u00e1s sorpresa caus\u00f3 por lo original, fue la realizada en 2015 por el artista Leandro Erlich, quien intent\u00f3 crear la ilusi\u00f3n que el \u00e1pice hab\u00eda sido retirado; para lograrlo se cubri\u00f3 el monumento con un revestimiento de hierro que simulaba el hormig\u00f3n del mismo, mientras que una r\u00e9plica de la punta se ubic\u00f3 en el Museo de Arte Latinoamericano de Buenos Aires, (Malba), desde sus ventanales se observaban las vistas reales del obelisco simulando al visitante estar en su c\u00faspide. En palabras del artista, se generaba la fantas\u00eda de conocer el obelisco por dentro ya que siempre se lo ve por fuera y desde abajo.<\/p>\n\n\n\n<div class=\"wp-block-image\"><figure class=\"aligncenter size-large\"><img decoding=\"async\" src=\"https:\/\/blog.argxp.com\/wp-content\/uploads\/2025\/05\/5f3d9832-dfda-47ce-963b-3cce6dfd1f9f-1-800x533.jpg\" alt=\"Obelisco mantenimiento\" class=\"wp-image-85474\"\/><\/figure><\/div>\n\n\n\n<p class=\"wp-block-paragraph\">Regularmente, se efect\u00faan tareas de mantenimiento edilicio a cargo del Ministerio de Espacio P\u00fablico e higiene Urbana del Gobierno de la Ciudad, quien tiene las \u201cllaves del obelisco\u201d y autoriza cualquier ingreso, puesto que se requieren algunas de medidas de seguridad (arn\u00e9s de escalada, sogas de seguridad, guantes, cascos) Asi, solo lo han visitado algunos medios de comunicaci\u00f3n nacionales y extranjeros para mostrarlo por dentro.<\/p>\n\n\n\n<p class=\"wp-block-paragraph\">\u00bfEl p\u00fablico en general lo puede visitar por dentro?; solamente en ocasiones excepcionales, una de ellas fue cuando el obelisco cumpli\u00f3 75 a\u00f1os y se permiti\u00f3 para festejarlo, el ascenso a 75 vecinos, de los, 15000 inscriptos.<\/p>\n\n\n\n<p class=\"wp-block-paragraph\">Luego, en el cumplea\u00f1os 80 se invit\u00f3 por redes sociales a participar de la experiencia, y de los 21.143 inscriptos, fueron sorteados ochenta ingresos.<\/p>\n\n\n\n<p class=\"wp-block-paragraph\">En los pr\u00f3ximos d\u00edas y con motivo de su cumplea\u00f1os n\u00famero 86, tambi\u00e9n se invit\u00f3 al p\u00fablico, a trav\u00e9s de los medios y redes sociales, a participar de la selecci\u00f3n para hacer la visita, dicho acontecimiento, como es de esperar, ser\u00e1 reflejado por la prensa.<\/p>\n\n\n\n<div class=\"wp-block-image\"><figure class=\"aligncenter size-large\"><img decoding=\"async\" src=\"https:\/\/blog.argxp.com\/wp-content\/uploads\/2025\/05\/50dafb22-ece9-4f87-9a30-776963e06ce9-800x785.jpg\" alt=\"Obelisco\" class=\"wp-image-85475\"\/><\/figure><\/div>\n\n\n\n<p class=\"wp-block-paragraph\">El Obelisco fue m\u00e1s que una postal de la ciudad, presente en los momentos m\u00e1s felices y en los reclamos m\u00e1s angustiantes, por momentos fue de River y en otros de Boca, pero siempre de la Selecci\u00f3n Nacional, celebr\u00f3 la Democracia y el Bicentenario y a lo largo de su historia centro indiscutido de la expresi\u00f3n popular.<\/p>\n","protected":false},"featured_media":85467,"template":"","blog-categoria":[43],"class_list":["post-85466","blog","type-blog","status-publish","has-post-thumbnail","hentry","blog-categoria-historia-e-historias"],"yoast_head":"<!-- This site is optimized with the Yoast SEO plugin v28.4 - https:\/\/yoast.com\/product\/yoast-seo-wordpress\/ -->\n<title>Los 86 a\u00f1os del Obelisco de Buenos Aires - Blog<\/title>\n<meta name=\"robots\" content=\"noindex, follow, max-snippet:-1, max-image-preview:large, max-video-preview:-1\" \/>\n<meta property=\"og:locale\" content=\"es_ES\" \/>\n<meta property=\"og:type\" content=\"article\" \/>\n<meta property=\"og:title\" content=\"Los 86 a\u00f1os del Obelisco de Buenos Aires - Blog\" \/>\n<meta property=\"og:description\" content=\"El obelisco es considerado un icono de la Ciudad de Buenos Aires, en las postales que recorren el mundo, los pa\u00edses seducen con las im\u00e1genes de sus construcciones m\u00e1s emblem\u00e1ticas; Par\u00eds con la Torre Eiffel, Londres con el Big Ben o Nueva York con la Estatua de la Libertad, una de esas im\u00e1genes de Argentina [&hellip;]\" \/>\n<meta property=\"og:url\" content=\"https:\/\/blog.argxp.com\/es_es\/blog\/los-86-anos-del-obelisco-de-buenos-aires\/\" \/>\n<meta property=\"og:site_name\" content=\"Blog\" \/>\n<meta name=\"twitter:card\" content=\"summary_large_image\" \/>\n<meta name=\"twitter:label1\" content=\"Tiempo de lectura\" \/>\n\t<meta name=\"twitter:data1\" content=\"9 minutos\" \/>\n<script type=\"application\/ld+json\" class=\"yoast-schema-graph\">{\"@context\":\"https:\\\/\\\/schema.org\",\"@graph\":[{\"@type\":\"WebPage\",\"@id\":\"https:\\\/\\\/blog.argxp.com\\\/it\\\/blog\\\/los-86-anos-del-obelisco-de-buenos-aires\\\/\",\"url\":\"https:\\\/\\\/blog.argxp.com\\\/it\\\/blog\\\/los-86-anos-del-obelisco-de-buenos-aires\\\/\",\"name\":\"Los 86 a\u00f1os del Obelisco de Buenos Aires - Blog\",\"isPartOf\":{\"@id\":\"http:\\\/\\\/blog.argxp.com\\\/#website\"},\"primaryImageOfPage\":{\"@id\":\"https:\\\/\\\/blog.argxp.com\\\/it\\\/blog\\\/los-86-anos-del-obelisco-de-buenos-aires\\\/#primaryimage\"},\"image\":{\"@id\":\"https:\\\/\\\/blog.argxp.com\\\/it\\\/blog\\\/los-86-anos-del-obelisco-de-buenos-aires\\\/#primaryimage\"},\"thumbnailUrl\":\"\",\"datePublished\":\"2022-06-27T02:06:16+00:00\",\"breadcrumb\":{\"@id\":\"https:\\\/\\\/blog.argxp.com\\\/it\\\/blog\\\/los-86-anos-del-obelisco-de-buenos-aires\\\/#breadcrumb\"},\"inLanguage\":\"es\",\"potentialAction\":[{\"@type\":\"ReadAction\",\"target\":[\"https:\\\/\\\/blog.argxp.com\\\/it\\\/blog\\\/los-86-anos-del-obelisco-de-buenos-aires\\\/\"]}]},{\"@type\":\"ImageObject\",\"inLanguage\":\"es\",\"@id\":\"https:\\\/\\\/blog.argxp.com\\\/it\\\/blog\\\/los-86-anos-del-obelisco-de-buenos-aires\\\/#primaryimage\",\"url\":\"\",\"contentUrl\":\"\"},{\"@type\":\"BreadcrumbList\",\"@id\":\"https:\\\/\\\/blog.argxp.com\\\/it\\\/blog\\\/los-86-anos-del-obelisco-de-buenos-aires\\\/#breadcrumb\",\"itemListElement\":[{\"@type\":\"ListItem\",\"position\":1,\"name\":\"Portada\",\"item\":\"http:\\\/\\\/blog.argxp.com\\\/\"},{\"@type\":\"ListItem\",\"position\":2,\"name\":\"Los 86 a\u00f1os del Obelisco de Buenos Aires\"}]},{\"@type\":\"WebSite\",\"@id\":\"http:\\\/\\\/blog.argxp.com\\\/#website\",\"url\":\"http:\\\/\\\/blog.argxp.com\\\/\",\"name\":\"Blog\",\"description\":\"\",\"potentialAction\":[{\"@type\":\"SearchAction\",\"target\":{\"@type\":\"EntryPoint\",\"urlTemplate\":\"http:\\\/\\\/blog.argxp.com\\\/?s={search_term_string}\"},\"query-input\":{\"@type\":\"PropertyValueSpecification\",\"valueRequired\":true,\"valueName\":\"search_term_string\"}}],\"inLanguage\":\"es\"}]}<\/script>\n<!-- \/ Yoast SEO plugin. -->","yoast_head_json":{"title":"Los 86 a\u00f1os del Obelisco de Buenos Aires - Blog","robots":{"index":"noindex","follow":"follow","max-snippet":"max-snippet:-1","max-image-preview":"max-image-preview:large","max-video-preview":"max-video-preview:-1"},"og_locale":"es_ES","og_type":"article","og_title":"Los 86 a\u00f1os del Obelisco de Buenos Aires - Blog","og_description":"El obelisco es considerado un icono de la Ciudad de Buenos Aires, en las postales que recorren el mundo, los pa\u00edses seducen con las im\u00e1genes de sus construcciones m\u00e1s emblem\u00e1ticas; Par\u00eds con la Torre Eiffel, Londres con el Big Ben o Nueva York con la Estatua de la Libertad, una de esas im\u00e1genes de Argentina [&hellip;]","og_url":"https:\/\/blog.argxp.com\/es_es\/blog\/los-86-anos-del-obelisco-de-buenos-aires\/","og_site_name":"Blog","twitter_card":"summary_large_image","twitter_misc":{"Tiempo de lectura":"9 minutos"},"schema":{"@context":"https:\/\/schema.org","@graph":[{"@type":"WebPage","@id":"https:\/\/blog.argxp.com\/it\/blog\/los-86-anos-del-obelisco-de-buenos-aires\/","url":"https:\/\/blog.argxp.com\/it\/blog\/los-86-anos-del-obelisco-de-buenos-aires\/","name":"Los 86 a\u00f1os del Obelisco de Buenos Aires - Blog","isPartOf":{"@id":"http:\/\/blog.argxp.com\/#website"},"primaryImageOfPage":{"@id":"https:\/\/blog.argxp.com\/it\/blog\/los-86-anos-del-obelisco-de-buenos-aires\/#primaryimage"},"image":{"@id":"https:\/\/blog.argxp.com\/it\/blog\/los-86-anos-del-obelisco-de-buenos-aires\/#primaryimage"},"thumbnailUrl":"","datePublished":"2022-06-27T02:06:16+00:00","breadcrumb":{"@id":"https:\/\/blog.argxp.com\/it\/blog\/los-86-anos-del-obelisco-de-buenos-aires\/#breadcrumb"},"inLanguage":"es","potentialAction":[{"@type":"ReadAction","target":["https:\/\/blog.argxp.com\/it\/blog\/los-86-anos-del-obelisco-de-buenos-aires\/"]}]},{"@type":"ImageObject","inLanguage":"es","@id":"https:\/\/blog.argxp.com\/it\/blog\/los-86-anos-del-obelisco-de-buenos-aires\/#primaryimage","url":"","contentUrl":""},{"@type":"BreadcrumbList","@id":"https:\/\/blog.argxp.com\/it\/blog\/los-86-anos-del-obelisco-de-buenos-aires\/#breadcrumb","itemListElement":[{"@type":"ListItem","position":1,"name":"Portada","item":"http:\/\/blog.argxp.com\/"},{"@type":"ListItem","position":2,"name":"Los 86 a\u00f1os del Obelisco de Buenos Aires"}]},{"@type":"WebSite","@id":"http:\/\/blog.argxp.com\/#website","url":"http:\/\/blog.argxp.com\/","name":"Blog","description":"","potentialAction":[{"@type":"SearchAction","target":{"@type":"EntryPoint","urlTemplate":"http:\/\/blog.argxp.com\/?s={search_term_string}"},"query-input":{"@type":"PropertyValueSpecification","valueRequired":true,"valueName":"search_term_string"}}],"inLanguage":"es"}]}},"_links":{"self":[{"href":"https:\/\/blog.argxp.com\/es_es\/wp-json\/wp\/v2\/blog\/85466","targetHints":{"allow":["GET"]}}],"collection":[{"href":"https:\/\/blog.argxp.com\/es_es\/wp-json\/wp\/v2\/blog"}],"about":[{"href":"https:\/\/blog.argxp.com\/es_es\/wp-json\/wp\/v2\/types\/blog"}],"wp:attachment":[{"href":"https:\/\/blog.argxp.com\/es_es\/wp-json\/wp\/v2\/media?parent=85466"}],"wp:term":[{"taxonomy":"blog-categoria","embeddable":true,"href":"https:\/\/blog.argxp.com\/es_es\/wp-json\/wp\/v2\/blog-categoria?post=85466"}],"curies":[{"name":"wp","href":"https:\/\/api.w.org\/{rel}","templated":true}]}}