{"id":75964,"date":"2022-03-17T12:33:46","date_gmt":"2022-03-17T15:33:46","guid":{"rendered":"https:\/\/argentinaxp.com\/?post_type=blog&#038;p=75964"},"modified":"2022-03-17T12:33:46","modified_gmt":"2022-03-17T15:33:46","slug":"galeria-guemes","status":"publish","type":"blog","link":"https:\/\/blog.argxp.com\/fr\/blog\/galeria-guemes\/","title":{"rendered":"Galerie G\u00fcemes \u2013 Lieux \u00e0 visiter"},"content":{"rendered":"<p class=\"wp-block-paragraph\">Le b\u00e2timent Galer\u00eda G\u00fcemes est consid\u00e9r\u00e9 comme l&#039;un des premiers gratte-ciel de <a href=\"https:\/\/argentinaxp.com\/\">Buenos Aires<\/a> avec ses 87 m\u00e8tres de haut. Le visiteur de ces ann\u00e9es \u00e9tait surpris par la vari\u00e9t\u00e9 des usages et des fonctions qu&#039;il abritait \u00e0 l&#039;int\u00e9rieur. <\/p>\n\n\n\n<p class=\"wp-block-paragraph\">Au sous-sol il y a un th\u00e9\u00e2tre et une importante salle de r\u00e9union et un restaurant. Au rez-de-chauss\u00e9e, la Galerie G\u00fcemes avec <a href=\"http:\/\/galeriaguemes.com.ar\/\">locaux commerciaux et gastronomie vari\u00e9e<\/a>. Des bureaux du premier \u00e9tage, et du 6\u00e8me niveau se trouvaient les appartements enti\u00e8rement meubl\u00e9s qui \u00e9taient temporairement lou\u00e9s. <\/p>\n\n\n\n<p class=\"wp-block-paragraph\">En atteignant le 14e \u00e9tage, on se trouvait devant la confiserie qui avait vue sur la ville et o\u00f9 r\u00e9sonnaient les accords d&#039;un orchestre qui jouait depuis un balcon int\u00e9rieur de la pi\u00e8ce. Quatre niveaux au-dessus du belv\u00e9d\u00e8re, le point culminant de la ville depuis plusieurs ann\u00e9es avec une vue unique \u00e0 360 degr\u00e9s au c\u0153ur de la ville. <\/p>\n\n\n\n<p class=\"wp-block-paragraph\">Galerie G\u00fcemes accompagn\u00e9e d&#039;expositions techniques telles que des ascenseurs capables de parcourir 140 m\u00e8tres en 60 secondes, des syst\u00e8mes anti-incendie qui pompaient jusqu&#039;\u00e0 24 000 litres par heure et qui \u00e9taient activ\u00e9s par des alarmes \u00e9lectriques situ\u00e9es au rez-de-chauss\u00e9e et au sous-sol. <\/p>\n\n\n\n<p class=\"wp-block-paragraph\">Les diff\u00e9rents secteurs disposaient de la r\u00e9frig\u00e9ration, du chauffage et de la ventilation forc\u00e9e, et m\u00eame le panneau lumineux qui informait de l&#039;occupation des bureaux faisait jaser car il \u00e9tait indiscret. Un syst\u00e8me de tubes pneumatiques servait de courrier interne pour le b\u00e2timent Galer\u00eda G\u00fcemes.<\/p>\n\n\n\n<p class=\"wp-block-paragraph\">Pas moins d&#039;impact a \u00e9t\u00e9 caus\u00e9 par la combinaison de l&#039;\u00e9clairage naturel et artificiel de la vo\u00fbte et des bronzes du passage, ou les d\u00e9tails de bronze des vitrines et des portes d&#039;ascenseur.<\/p>\n\n\n\n<p class=\"wp-block-paragraph\">Le th\u00e9\u00e2tre avait des si\u00e8ges mont\u00e9s sur une dalle en b\u00e9ton arm\u00e9 qui, \u00e0 son tour, avait un support pivotant capable de changer la pente de la salle.<\/p>\n\n\n\n<p class=\"wp-block-paragraph\">L&#039;ensemble a provoqu\u00e9 une impression vraiment futuriste \u00e9tant donn\u00e9 qu&#039;il fonctionnait en 1915. Les promoteurs de l&#039;\u0153uvre \u00e9taient Emilio San Miguel et David Ovejero de Salta, propri\u00e9taires d&#039;une grande fortune et propri\u00e9taires du manoir de 1830 qui se trouvait sur les terres au-dessus de la Floride. Au d\u00e9but, on pensait effectuer les travaux uniquement dans cette rue, mais ensuite Banco Supervielle, propri\u00e9taire du terrain qui surplombait San Mart\u00edn, a rejoint le projet. <\/p>\n\n\n\n<p class=\"wp-block-paragraph\">Il a alors \u00e9t\u00e9 d\u00e9cid\u00e9 un b\u00e2timent-passage qui relierait les deux rues par une galerie de 116 m\u00e8tres. D\u00e9velopp\u00e9 par l&#039;architecte italien Francisco Terencio Gianotti. La galerie G\u00fcemes est consid\u00e9r\u00e9e comme un chef-d&#039;\u0153uvre de l&#039;art nouveau.<\/p>\n\n\n\n<p class=\"wp-block-paragraph\">La construction de la Galer\u00eda G\u00fcemes d\u00e9buta en 1913, et dut faire face \u00e0 de nombreux probl\u00e8mes, ses propri\u00e9taires firent faillite en raison du co\u00fbt des travaux qui passa de 10 \u00e0 15 millions de pesos. Sa situation s&#039;est aggrav\u00e9e lorsqu&#039;un sous-marin allemand a coul\u00e9 le navire qui transportait les marbres italiens pour la fa\u00e7ade au-dessus de la Floride et d&#039;autres articles co\u00fbteux pour son ach\u00e8vement.<\/p>","protected":false},"featured_media":75965,"template":"","blog-categoria":[46],"class_list":["post-75964","blog","type-blog","status-publish","has-post-thumbnail","hentry","blog-categoria-turismo-escorts-argentina"],"yoast_head":"<!-- This site is optimized with the Yoast SEO plugin v28.4 - https:\/\/yoast.com\/product\/yoast-seo-wordpress\/ -->\n<title>Galer\u00eda G\u00fcemes - Uno de los primeros rascacielos de Buenos Aires<\/title>\n<meta name=\"description\" content=\"Galer\u00eda G\u00fcemes, patrimonio de la Ciudad de Buenos Aires. Arquitecto Francisco Terencio Gianotti Emilio San Miguel y David Ovejero.\" \/>\n<meta name=\"robots\" content=\"noindex, follow, max-snippet:-1, max-image-preview:large, max-video-preview:-1\" \/>\n<meta property=\"og:locale\" content=\"fr_FR\" \/>\n<meta property=\"og:type\" content=\"article\" \/>\n<meta property=\"og:title\" content=\"Galer\u00eda G\u00fcemes - Uno de los primeros rascacielos de Buenos Aires\" \/>\n<meta property=\"og:description\" content=\"Galer\u00eda G\u00fcemes, patrimonio de la Ciudad de Buenos Aires. Arquitecto Francisco Terencio Gianotti Emilio San Miguel y David Ovejero.\" \/>\n<meta property=\"og:url\" content=\"https:\/\/blog.argxp.com\/fr\/blog\/galeria-guemes\/\" \/>\n<meta property=\"og:site_name\" content=\"Blog\" \/>\n<meta name=\"twitter:card\" content=\"summary_large_image\" \/>\n<meta name=\"twitter:label1\" content=\"Dur\u00e9e de lecture estim\u00e9e\" \/>\n\t<meta name=\"twitter:data1\" content=\"3 minutes\" \/>\n<script type=\"application\/ld+json\" class=\"yoast-schema-graph\">{\"@context\":\"https:\\\/\\\/schema.org\",\"@graph\":[{\"@type\":\"WebPage\",\"@id\":\"https:\\\/\\\/blog.argxp.com\\\/it\\\/blog\\\/galeria-guemes\\\/\",\"url\":\"https:\\\/\\\/blog.argxp.com\\\/it\\\/blog\\\/galeria-guemes\\\/\",\"name\":\"Galer\u00eda G\u00fcemes - Uno de los primeros rascacielos de Buenos Aires\",\"isPartOf\":{\"@id\":\"http:\\\/\\\/blog.argxp.com\\\/#website\"},\"primaryImageOfPage\":{\"@id\":\"https:\\\/\\\/blog.argxp.com\\\/it\\\/blog\\\/galeria-guemes\\\/#primaryimage\"},\"image\":{\"@id\":\"https:\\\/\\\/blog.argxp.com\\\/it\\\/blog\\\/galeria-guemes\\\/#primaryimage\"},\"thumbnailUrl\":\"\",\"datePublished\":\"2022-03-17T15:33:46+00:00\",\"description\":\"Galer\u00eda G\u00fcemes, patrimonio de la Ciudad de Buenos Aires. Arquitecto Francisco Terencio Gianotti Emilio San Miguel y David Ovejero.\",\"breadcrumb\":{\"@id\":\"https:\\\/\\\/blog.argxp.com\\\/it\\\/blog\\\/galeria-guemes\\\/#breadcrumb\"},\"inLanguage\":\"fr-FR\",\"potentialAction\":[{\"@type\":\"ReadAction\",\"target\":[\"https:\\\/\\\/blog.argxp.com\\\/it\\\/blog\\\/galeria-guemes\\\/\"]}]},{\"@type\":\"ImageObject\",\"inLanguage\":\"fr-FR\",\"@id\":\"https:\\\/\\\/blog.argxp.com\\\/it\\\/blog\\\/galeria-guemes\\\/#primaryimage\",\"url\":\"\",\"contentUrl\":\"\"},{\"@type\":\"BreadcrumbList\",\"@id\":\"https:\\\/\\\/blog.argxp.com\\\/it\\\/blog\\\/galeria-guemes\\\/#breadcrumb\",\"itemListElement\":[{\"@type\":\"ListItem\",\"position\":1,\"name\":\"Portada\",\"item\":\"http:\\\/\\\/blog.argxp.com\\\/\"},{\"@type\":\"ListItem\",\"position\":2,\"name\":\"Galer\u00eda G\u00fcemes &#8211; Lugares para visitar\"}]},{\"@type\":\"WebSite\",\"@id\":\"http:\\\/\\\/blog.argxp.com\\\/#website\",\"url\":\"http:\\\/\\\/blog.argxp.com\\\/\",\"name\":\"Blog\",\"description\":\"\",\"potentialAction\":[{\"@type\":\"SearchAction\",\"target\":{\"@type\":\"EntryPoint\",\"urlTemplate\":\"http:\\\/\\\/blog.argxp.com\\\/?s={search_term_string}\"},\"query-input\":{\"@type\":\"PropertyValueSpecification\",\"valueRequired\":true,\"valueName\":\"search_term_string\"}}],\"inLanguage\":\"fr-FR\"}]}<\/script>\n<!-- \/ Yoast SEO plugin. -->","yoast_head_json":{"title":"Galerie G\u00fcemes - L&#039;un des premiers gratte-ciel de Buenos Aires","description":"Galerie G\u00fcemes, patrimoine de la Ville de Buenos Aires. Architecte Francisco Terencio Gianotti Emilio San Miguel et David Ovejero.","robots":{"index":"noindex","follow":"follow","max-snippet":"max-snippet:-1","max-image-preview":"max-image-preview:large","max-video-preview":"max-video-preview:-1"},"og_locale":"fr_FR","og_type":"article","og_title":"Galer\u00eda G\u00fcemes - Uno de los primeros rascacielos de Buenos Aires","og_description":"Galer\u00eda G\u00fcemes, patrimonio de la Ciudad de Buenos Aires. Arquitecto Francisco Terencio Gianotti Emilio San Miguel y David Ovejero.","og_url":"https:\/\/blog.argxp.com\/fr\/blog\/galeria-guemes\/","og_site_name":"Blog","twitter_card":"summary_large_image","twitter_misc":{"Dur\u00e9e de lecture estim\u00e9e":"3 minutes"},"schema":{"@context":"https:\/\/schema.org","@graph":[{"@type":"WebPage","@id":"https:\/\/blog.argxp.com\/it\/blog\/galeria-guemes\/","url":"https:\/\/blog.argxp.com\/it\/blog\/galeria-guemes\/","name":"Galerie G\u00fcemes - L&#039;un des premiers gratte-ciel de Buenos Aires","isPartOf":{"@id":"http:\/\/blog.argxp.com\/#website"},"primaryImageOfPage":{"@id":"https:\/\/blog.argxp.com\/it\/blog\/galeria-guemes\/#primaryimage"},"image":{"@id":"https:\/\/blog.argxp.com\/it\/blog\/galeria-guemes\/#primaryimage"},"thumbnailUrl":"","datePublished":"2022-03-17T15:33:46+00:00","description":"Galerie G\u00fcemes, patrimoine de la Ville de Buenos Aires. Architecte Francisco Terencio Gianotti Emilio San Miguel et David Ovejero.","breadcrumb":{"@id":"https:\/\/blog.argxp.com\/it\/blog\/galeria-guemes\/#breadcrumb"},"inLanguage":"fr-FR","potentialAction":[{"@type":"ReadAction","target":["https:\/\/blog.argxp.com\/it\/blog\/galeria-guemes\/"]}]},{"@type":"ImageObject","inLanguage":"fr-FR","@id":"https:\/\/blog.argxp.com\/it\/blog\/galeria-guemes\/#primaryimage","url":"","contentUrl":""},{"@type":"BreadcrumbList","@id":"https:\/\/blog.argxp.com\/it\/blog\/galeria-guemes\/#breadcrumb","itemListElement":[{"@type":"ListItem","position":1,"name":"Portada","item":"http:\/\/blog.argxp.com\/"},{"@type":"ListItem","position":2,"name":"Galer\u00eda G\u00fcemes &#8211; Lugares para visitar"}]},{"@type":"WebSite","@id":"http:\/\/blog.argxp.com\/#website","url":"http:\/\/blog.argxp.com\/","name":"Blog","description":"","potentialAction":[{"@type":"SearchAction","target":{"@type":"EntryPoint","urlTemplate":"http:\/\/blog.argxp.com\/?s={search_term_string}"},"query-input":{"@type":"PropertyValueSpecification","valueRequired":true,"valueName":"search_term_string"}}],"inLanguage":"fr-FR"}]}},"_links":{"self":[{"href":"https:\/\/blog.argxp.com\/fr\/wp-json\/wp\/v2\/blog\/75964","targetHints":{"allow":["GET"]}}],"collection":[{"href":"https:\/\/blog.argxp.com\/fr\/wp-json\/wp\/v2\/blog"}],"about":[{"href":"https:\/\/blog.argxp.com\/fr\/wp-json\/wp\/v2\/types\/blog"}],"wp:attachment":[{"href":"https:\/\/blog.argxp.com\/fr\/wp-json\/wp\/v2\/media?parent=75964"}],"wp:term":[{"taxonomy":"blog-categoria","embeddable":true,"href":"https:\/\/blog.argxp.com\/fr\/wp-json\/wp\/v2\/blog-categoria?post=75964"}],"curies":[{"name":"wp","href":"https:\/\/api.w.org\/{rel}","templated":true}]}}