{"id":76187,"date":"2022-03-21T09:21:56","date_gmt":"2022-03-21T12:21:56","guid":{"rendered":"https:\/\/argentinaxp.com\/?post_type=blog&#038;p=76187"},"modified":"2022-03-21T09:21:56","modified_gmt":"2022-03-21T12:21:56","slug":"raquel-liberman-historia-de-una-mujer-que-fue-simbolo-de-la-lucha-contra-la-trata","status":"publish","type":"blog","link":"https:\/\/blog.argxp.com\/fr\/blog\/raquel-liberman-historia-de-una-mujer-que-fue-simbolo-de-la-lucha-contra-la-trata\/","title":{"rendered":"Raquel Liberman : Histoire d&#039;une femme qui \u00e9tait un symbole de la lutte contre la traite"},"content":{"rendered":"<p class=\"wp-block-paragraph\"><strong>Rachel Libermann<\/strong> elle mourut en 1935. Le cancer de la thyro\u00efde l&#039;avait consum\u00e9e. Il ne parlait plus. L&#039;agonie fut courte mais tr\u00e8s douloureuse. Avant de tomber malade, son apparence n&#039;\u00e9tait pas bonne non plus. Il avait 35 ans, mais semblait \u00eatre dans la cinquantaine. C&#039;\u00e9tait une personne \u00e9puis\u00e9e et bris\u00e9e. Avec un pass\u00e9 qui ne l&#039;a pas abandonn\u00e9e, avec une douleur perp\u00e9tuelle qui la traverse. Cependant, c&#039;\u00e9tait une femme tranquille. Il s&#039;\u00e9tait battu, il n&#039;avait pas baiss\u00e9 les bras malgr\u00e9 les circonstances d\u00e9favorables et il avait gagn\u00e9. Contre toute attente.<\/p>\n\n\n\n<figure class=\"wp-block-gallery has-nested-images columns-default is-cropped wp-block-gallery-1 is-layout-flex wp-block-gallery-is-layout-flex\">\n<figure class=\"wp-block-image size-large\"><img decoding=\"async\" data-id=\"76189\" src=\"https:\/\/blog.argxp.com\/wp-content\/uploads\/2025\/05\/pasaporte-raquel-liberman.jpg\" alt=\"\" class=\"wp-image-76189\"\/><\/figure>\n\n\n\n<figure class=\"wp-block-image size-large\"><img decoding=\"async\" data-id=\"76191\" src=\"https:\/\/blog.argxp.com\/wp-content\/uploads\/2025\/05\/raquel-liberman-prostituta-800x450.jpg\" alt=\"\" class=\"wp-image-76191\"\/><\/figure>\n\n\n\n<figure class=\"wp-block-image size-large\"><img decoding=\"async\" data-id=\"76190\" src=\"https:\/\/blog.argxp.com\/wp-content\/uploads\/2025\/05\/tumba-raquel-liberman.jpg\" alt=\"\" class=\"wp-image-76190\"\/><\/figure>\n\n\n\n<figure class=\"wp-block-image size-large\"><img decoding=\"async\" data-id=\"76192\" src=\"https:\/\/blog.argxp.com\/wp-content\/uploads\/2025\/05\/zwi-migdal-800x533.png\" alt=\"\" class=\"wp-image-76192\"\/><\/figure>\n<\/figure>\n\n\n\n<p class=\"wp-block-paragraph\"><strong>Ruchla Laja Liberman<\/strong> Il est n\u00e9 le 10 juillet 1900 \u00e0 Berdichev, l&#039;actuelle Ukraine. Enfant, elle a \u00e9migr\u00e9 avec ses parents \u00e0 Varsovie, o\u00f9 elle a pass\u00e9 plus des deux tiers de sa courte vie. En 1919, elle \u00e9pousa Iaacov Ferber et l&#039;ann\u00e9e suivante, ils eurent leur premier fils, Joshu\u00e9. En 1921, alors qu&#039;elle \u00e9tait enceinte de son deuxi\u00e8me enfant, son mari a immigr\u00e9 en Argentine \u00e0 la recherche de travail. Mais ses derni\u00e8res ann\u00e9es (et le nom qu&#039;il a adopt\u00e9 pendant celles-ci) sont ce qui lui a donn\u00e9 l&#039;immortalit\u00e9. Son destin \u00e9tait de passer inaper\u00e7ue, d&#039;\u00eatre soumise, une victime de plus, comme tant d&#039;autres. Mais elle a refus\u00e9, s&#039;est r\u00e9volt\u00e9e. Et avec un courage peu commun, il a tenu t\u00eate \u00e0 ses exploiteurs.<\/p>\n\n\n\n<p class=\"wp-block-paragraph\">Il a inspir\u00e9 -avec de nombreuses licences historiques- le personnage incarn\u00e9 par Eugenia La China Su\u00e1rez en Argentine, terre d&#039;amour et de vengeance.<br \/>Au d\u00e9but du si\u00e8cle dernier, la vie en Pologne \u00e9tait tr\u00e8s dure. Faim, besoins et pogroms. Pour les jeunes juifs, toute sortie semblait tentante, toute autre destination dans le monde offrait illusion.<\/p>\n\n\n\n<p class=\"wp-block-paragraph\">Ruchla como tantas otras j\u00f3venes polacas jud\u00edas parti\u00f3 hacia Argentina buscando un futuro mejor, escapar a la miseria. Pero su historia no es igual a la de las dem\u00e1s. \u00abLa Polaca\u00bb emigr\u00f3 a la Argentina en 1922 junto a dos peque\u00f1os hijos -Josu\u00e9 de dos a\u00f1os y Mois\u00e9s de meses- para reunirse con su esposo, que la esperaba en la localidad bonaerense de Tapalqu\u00e9. Elke, la cu\u00f1ada de \u00abla Polaca\u00bb, era la madama de un burdel. \u00abNo se sabe si Raquel sab\u00eda de esto antes de llegar al pa\u00eds o si cre\u00eda que iba a trabajar ayudando a su marido, que era sastre, pero nunca hab\u00eda conseguido trabajo y viv\u00eda de su hermana.\u201d<\/p>\n\n\n\n<p class=\"wp-block-paragraph\">Peu de temps apr\u00e8s la tuberculose a caus\u00e9 la mort de Iaacov. Ruchla, qui en arrivant en Argentine adopta le nom de <strong>Rachel Libermann<\/strong>, (les noms des immigr\u00e9s \u00e9taient espagnols) a confi\u00e9 ses enfants \u00e0 des gens de Tapalqu\u00e9 et s&#039;est install\u00e9e \u00e0 Buenos Aires pr\u00eate \u00e0 gagner sa vie. La prostitution, marque de l&#039;\u00e9poque, \u00e9tait une voie presque incontournable.<br \/>Les Ruffians se sont d\u00e9plac\u00e9s dans tout Buenos Aires. Ils \u00e9taient de toutes origines. Italiens, Espagnols, Fran\u00e7ais, Juifs. L&#039;organisation qui a acquis le plus de renomm\u00e9e au fil du temps \u00e9tait le Zwi Migdal, d&#039;origine juive polonaise.<\/p>\n\n\n\n<p class=\"wp-block-paragraph\"><strong>Rachel Libermann<\/strong> il travailla plusieurs ann\u00e9es dans les bordels du Zwi Migdal. Son accord \u00e9tait meilleur que le reste des filles. Il a gard\u00e9 un pourcentage plus \u00e9lev\u00e9. Ainsi, il put bient\u00f4t acheter sa libert\u00e9 \u00e0 $1.500.<\/p>\n\n\n\n<p class=\"wp-block-paragraph\">Il a continu\u00e9 \u00e0 pratiquer seul. Elle \u00e9pouse Jos\u00e9 Korn, consid\u00e9r\u00e9 par beaucoup comme un envoy\u00e9 du Zwi Migdal pour la faire retomber entre leurs griffes. Personne ne parvient \u00e0 se lib\u00e9rer facilement de ces associations mafieuses. Cet homme a arnaqu\u00e9 Raquel. Il a acquis une maison \u00e0 son nom avec 60 000 pesos d&#039;elle, dans une man\u0153uvre frauduleuse. Korn a install\u00e9 dans cette maison, comment pourrait-il en \u00eatre autrement, un bordel. Raquel s&#039;est retrouv\u00e9e, une fois de plus, sans rien. Et sa qu\u00eate de justice a commenc\u00e9.<\/p>\n\n\n\n<p class=\"wp-block-paragraph\">La chute de cet emporium de prostitution, qui rapportait des millions par an, a commenc\u00e9 par cette petite arnaque que le trentenaire f\u00eal\u00e9 a d\u00e9cid\u00e9 de ne pas pardonner. L&#039;ambition et l&#039;impunit\u00e9 ont fait perdre le Zwi Migdal. Il est tomb\u00e9 sur une femme d\u00e9termin\u00e9e lasse du harc\u00e8lement, un commissaire de principe et un juge qui ne sont pas tomb\u00e9s dans la tentation de la v\u00e9nalit\u00e9.<br \/><br \/>Raquel a connu le m\u00eame sort que les autres filles polonaises : abandonner sa jeunesse aux voyous et aux clients, vieillir pr\u00e9matur\u00e9ment, s&#039;ennuyer de la vie et \u00eatre remplac\u00e9e par une plus jeune, peut-\u00eatre \u00e0 peine cinq ans plus jeune qu&#039;elle, mais sans l&#039;usure \u00e9vidente et larme. , sans le rictus de la d\u00e9faite cisel\u00e9 sur son visage, sans les marques de l&#039;exploitation sillonnant son corps.<\/p>\n\n\n\n<p class=\"wp-block-paragraph\">La femme a r\u00e9clam\u00e9 son argent. Cet argent \u00e9tait son ind\u00e9pendance. Le paradoxe est qu&#039;elle a r\u00e9ussi \u00e0 mettre fin \u00e0 l&#039;organisation des voyous et a voulu, avec ses \u00e9conomies, devenir elle-m\u00eame madame. Ils n&#039;ont pas entendu leurs demandes. Ni son ex-mari Korn ni les directeurs du Zwi Migdal chez qui elle s&#039;est rendue. Puis elle a d\u00e9nonc\u00e9 l&#039;arnaque, mais personne ne croyait que la justice l&#039;\u00e9couterait. Qui pr\u00eaterait attention \u00e0 une prostitu\u00e9e polonaise ? Quel genre d&#039;enqu\u00eate n&#039;ont-ils pas pu arr\u00eater avec des pots-de-vin opportuns\u00a0?<br \/>Le commissaire Julio Alsogaray, moraliste et r\u00e9put\u00e9 incorruptible, a \u00e9cout\u00e9 Raquel et a commenc\u00e9 \u00e0 bouger : il \u00e9tait derri\u00e8re l&#039;organisation depuis des ann\u00e9es et s&#039;est toujours heurt\u00e9 au mur du silence et de la complicit\u00e9. Avec noblesse, Alsogaray a averti Raquel des risques de ratifier ses d\u00e9nonciations. Raquel a choisi de passer \u00e0 autre chose. Elle a trouv\u00e9 un \u00e9cho chez un juge honn\u00eate, le magistrat Manuel Rodr\u00edguez Ocampo.<\/p>\n\n\n\n<p class=\"wp-block-paragraph\">Pour que la plainte prosp\u00e8re, Raquel a menti sur son origine. Il voulait prot\u00e9ger ses enfants. Il a juste suivi le sc\u00e9nario de la l\u00e9gende. Elle a dit qu&#039;elle avait voyag\u00e9 s\u00e9duite par une demande en mariage trompeuse et que lorsqu&#039;elle a d\u00e9barqu\u00e9 au port, elle a \u00e9t\u00e9 kidnapp\u00e9e et forc\u00e9e \u00e0 se prostituer.<\/p>\n\n\n\n<p class=\"wp-block-paragraph\">Como escribi\u00f3 Jorge Luis Borges sobre su Emma Zunz: \u00abLa historia era incre\u00edble, en efecto, pero se impuso a todos, porque sustancialmente era cierta. Verdadero era el tono, verdadero el pudor, verdadero el odio. Verdadero tambi\u00e9n era el ultraje que hab\u00eda padecido; solo eran falsas las circunstancias, la hora y uno o dos nombres propios.\u00bb<br \/><br \/>Raquel, que comenz\u00f3 solo reclamando su deuda, termin\u00f3 denunciando y describiendo el funcionamiento de la red criminal. La Zwi Migdal no pudo resistir el embate. El juez orden\u00f3 108 detenciones. La justicia de aquella \u00e9poca -en las v\u00edsperas de la llamada \u00abd\u00e9cada infame\u00bb-, a trav\u00e9s de la C\u00e1mara de Apelaciones, finalmente dej\u00f3 bajo el r\u00e9gimen de prisi\u00f3n preventiva a solamente tres miembros secundarios de la organizaci\u00f3n. Todos los dem\u00e1s, fueron liberados. Pero las circunstancias hicieron que el emporio de los rufianes fuera demolido.<br \/><br \/>L&#039;opinion publique devient plus moralisatrice (en 1936 la prostitution est interdite : Raquel ne le voit jamais, elle est morte l&#039;ann\u00e9e pr\u00e9c\u00e9dente). L&#039;impact des nouvelles et le sensationnalisme lui ont donn\u00e9 un grand impact et le facteur antis\u00e9mite a \u00e9galement jou\u00e9 un r\u00f4le. Des r\u00e9seaux de prostitution plus importants et plus \u00e9tablis ont \u00e9t\u00e9 contourn\u00e9s parce qu&#039;ils appartenaient \u00e0 d&#039;autres communaut\u00e9s.<br \/>Avec sa plainte, Raquel avait provoqu\u00e9 la chute du Zwi Migdal. C&#039;\u00e9tait une cons\u00e9quence involontaire. Pendant des ann\u00e9es, l&#039;histoire du voyage, du mariage frauduleux, de l&#039;escroquerie \u00e0 sa cr\u00e9dulit\u00e9, s&#039;est r\u00e9p\u00e9t\u00e9e.<\/p>\n\n\n\n<p class=\"wp-block-paragraph\">\u00c0 un moment donn\u00e9, Raquel a rejoint ses enfants et a v\u00e9cu encore quelques ann\u00e9es \u00e0 Buenos Aires. On dit qu&#039;il voulait obtenir un passeport pour retourner \u00e0 Varsovie, mais le voyage en Pologne n&#039;a jamais eu lieu. Quelques mois plus tard, le 7 avril 1935, elle est admise \u00e0 l&#039;h\u00f4pital Cosme Argerich o\u00f9 elle d\u00e9c\u00e8de.<br \/>Treize ans s&#039;\u00e9taient \u00e9coul\u00e9s depuis cette arriv\u00e9e \u00e0 Buenos Aires. Si ce retour \u00e0 Varsovie n&#039;avait pas \u00e9chou\u00e9, Jos\u00e9 et Mois\u00e9s seraient tomb\u00e9s dans les griffes du nazisme qui survolait d\u00e9j\u00e0 l&#039;Allemagne et surtout la Pologne.<\/p>\n\n\n\n<p class=\"wp-block-paragraph\">Les enfants n&#039;avaient que quelques photographies de leur m\u00e8re, dans lesquelles elle \u00e9tait heureuse.<br \/>Cette femme qui a \u00e9chapp\u00e9 \u00e0 la pauvret\u00e9 en Pologne et a voyag\u00e9 avec espoir en Argentine, \u00e0 la recherche d&#039;une opportunit\u00e9, a trouv\u00e9 ici la mort, la douleur, les abus et l&#039;exploitation. Pourtant, \u00e0 sa mani\u00e8re, seule, contre toute une \u00e9poque, elle a \u00e9t\u00e9 encourag\u00e9e \u00e0 se battre, \u00e0 se battre pour ce qui lui appartenait. C&#039;est son h\u00e9ritage, bien qu&#039;il n&#039;ait malheureusement pas d\u00e9couvert la loi nationale sur la prophylaxie dont il \u00e9tait la semence.<br \/><br \/>En 2015, cuando se cumplieron 80 a\u00f1os de su muerte, colocaron una placa en su honor en el cementerio de Avellaneda. Durante la D\u00e9cada Infame se dec\u00eda que ese era \u00abel lugar para enterrar prostitutas y proxenetas\u00bb. No se sabe d\u00f3nde est\u00e1 su tumba porque los libros de las parcelas est\u00e1n en Israel. Pero s\u00ed que est\u00e1 junto a Iacoov.<br \/><br \/>Su historia de valent\u00eda trascendi\u00f3 en el tiempo. Se escribieron otros libros sobre la Polaca. La Subsecretar\u00eda de Derechos Humanos y Pluralismo Cultural de la ciudad de Buenos Aires entrega cada a\u00f1o el \u00ab<strong>Prix Raquel Liberman<\/strong>\u00bb a todas las personas y organizaciones no gubernamentales comprometidas con la protecci\u00f3n y\/o promoci\u00f3n de los derechos de las mujeres sobrevivientes de situaciones de violencia\u00bb, seg\u00fan dice la p\u00e1gina oficial de la Ciudad.<\/p>\n\n\n\n<p class=\"wp-block-paragraph\">Un projet pr\u00e9sent\u00e9 devant l&#039;Assembl\u00e9e l\u00e9gislative de Buenos Aires demande que le nom de <strong>Rachel Libermann<\/strong> a la estaci\u00f3n Callao de la l\u00ednea D. La autora del proyecto, la legisladora de UCR-Evoluci\u00f3n Patricia Vischi dijo que \u00abnos pareci\u00f3 muy importante que fuera esta estaci\u00f3n del subte D porque la vida de <strong>Rachel Libermann<\/strong> se desarroll\u00f3 en esta zona, donde ella fue victimizada, pero tambi\u00e9n donde, cuando pudo recuperarse, pudo poner un comercio con mucho sacrificio para criar a sus hijos\u00bb.<br \/><br \/>Compilation de textes de : Infobae, La Naci\u00f3n. Avec les journalistes, Chercheur \u00e0 la Biblioth\u00e8que nationale Jos\u00e9 Luis Scarsi. Myrtha Schalom dans son livre La Polaca a d\u00e9moli toutes ces l\u00e9gendes avec un formidable travail de recherche.<\/p>","protected":false},"featured_media":76188,"template":"","blog-categoria":[43],"class_list":["post-76187","blog","type-blog","status-publish","has-post-thumbnail","hentry","blog-categoria-historia-e-historias"],"yoast_head":"<!-- This site is optimized with the Yoast SEO plugin v28.4 - https:\/\/yoast.com\/product\/yoast-seo-wordpress\/ -->\n<title>Raquel Liberman: Historia de una mujer s\u00edmbolo de la lucha contra la trata<\/title>\n<meta name=\"description\" content=\"La polaca Raquel Liberman: La ca\u00edda de la Zwi Migdal. V\u00edctima de trata que se rehus\u00f3, se rebel\u00f3 y con coraje se plant\u00f3 ante sus explotadores.\" \/>\n<meta name=\"robots\" content=\"noindex, follow, max-snippet:-1, max-image-preview:large, max-video-preview:-1\" \/>\n<meta property=\"og:locale\" content=\"fr_FR\" \/>\n<meta property=\"og:type\" content=\"article\" \/>\n<meta property=\"og:title\" content=\"Raquel Liberman: Historia de una mujer s\u00edmbolo de la lucha contra la trata\" \/>\n<meta property=\"og:description\" content=\"La polaca Raquel Liberman: La ca\u00edda de la Zwi Migdal. V\u00edctima de trata que se rehus\u00f3, se rebel\u00f3 y con coraje se plant\u00f3 ante sus explotadores.\" \/>\n<meta property=\"og:url\" content=\"https:\/\/blog.argxp.com\/fr\/blog\/raquel-liberman-historia-de-una-mujer-que-fue-simbolo-de-la-lucha-contra-la-trata\/\" \/>\n<meta property=\"og:site_name\" content=\"Blog\" \/>\n<meta name=\"twitter:card\" content=\"summary_large_image\" \/>\n<meta name=\"twitter:label1\" content=\"Dur\u00e9e de lecture estim\u00e9e\" \/>\n\t<meta name=\"twitter:data1\" content=\"8 minutes\" \/>\n<script type=\"application\/ld+json\" class=\"yoast-schema-graph\">{\"@context\":\"https:\\\/\\\/schema.org\",\"@graph\":[{\"@type\":\"WebPage\",\"@id\":\"https:\\\/\\\/blog.argxp.com\\\/zh\\\/%e5%8d%9a%e5%ae%a2\\\/raquel-liberman-historia-de-una-mujer-que-fue-simbolo-de-la-lucha-contra-la-trata\\\/\",\"url\":\"https:\\\/\\\/blog.argxp.com\\\/zh\\\/%e5%8d%9a%e5%ae%a2\\\/raquel-liberman-historia-de-una-mujer-que-fue-simbolo-de-la-lucha-contra-la-trata\\\/\",\"name\":\"Raquel Liberman: Historia de una mujer s\u00edmbolo de la lucha contra la trata\",\"isPartOf\":{\"@id\":\"http:\\\/\\\/blog.argxp.com\\\/#website\"},\"primaryImageOfPage\":{\"@id\":\"https:\\\/\\\/blog.argxp.com\\\/zh\\\/%e5%8d%9a%e5%ae%a2\\\/raquel-liberman-historia-de-una-mujer-que-fue-simbolo-de-la-lucha-contra-la-trata\\\/#primaryimage\"},\"image\":{\"@id\":\"https:\\\/\\\/blog.argxp.com\\\/zh\\\/%e5%8d%9a%e5%ae%a2\\\/raquel-liberman-historia-de-una-mujer-que-fue-simbolo-de-la-lucha-contra-la-trata\\\/#primaryimage\"},\"thumbnailUrl\":\"\",\"datePublished\":\"2022-03-21T12:21:56+00:00\",\"description\":\"La polaca Raquel Liberman: La ca\u00edda de la Zwi Migdal. V\u00edctima de trata que se rehus\u00f3, se rebel\u00f3 y con coraje se plant\u00f3 ante sus explotadores.\",\"breadcrumb\":{\"@id\":\"https:\\\/\\\/blog.argxp.com\\\/zh\\\/%e5%8d%9a%e5%ae%a2\\\/raquel-liberman-historia-de-una-mujer-que-fue-simbolo-de-la-lucha-contra-la-trata\\\/#breadcrumb\"},\"inLanguage\":\"fr-FR\",\"potentialAction\":[{\"@type\":\"ReadAction\",\"target\":[\"https:\\\/\\\/blog.argxp.com\\\/zh\\\/%e5%8d%9a%e5%ae%a2\\\/raquel-liberman-historia-de-una-mujer-que-fue-simbolo-de-la-lucha-contra-la-trata\\\/\"]}]},{\"@type\":\"ImageObject\",\"inLanguage\":\"fr-FR\",\"@id\":\"https:\\\/\\\/blog.argxp.com\\\/zh\\\/%e5%8d%9a%e5%ae%a2\\\/raquel-liberman-historia-de-una-mujer-que-fue-simbolo-de-la-lucha-contra-la-trata\\\/#primaryimage\",\"url\":\"\",\"contentUrl\":\"\"},{\"@type\":\"BreadcrumbList\",\"@id\":\"https:\\\/\\\/blog.argxp.com\\\/zh\\\/%e5%8d%9a%e5%ae%a2\\\/raquel-liberman-historia-de-una-mujer-que-fue-simbolo-de-la-lucha-contra-la-trata\\\/#breadcrumb\",\"itemListElement\":[{\"@type\":\"ListItem\",\"position\":1,\"name\":\"Portada\",\"item\":\"http:\\\/\\\/blog.argxp.com\\\/\"},{\"@type\":\"ListItem\",\"position\":2,\"name\":\"Raquel Liberman: Historia de una mujer que fue s\u00edmbolo de la lucha contra la trata\"}]},{\"@type\":\"WebSite\",\"@id\":\"http:\\\/\\\/blog.argxp.com\\\/#website\",\"url\":\"http:\\\/\\\/blog.argxp.com\\\/\",\"name\":\"Blog\",\"description\":\"\",\"potentialAction\":[{\"@type\":\"SearchAction\",\"target\":{\"@type\":\"EntryPoint\",\"urlTemplate\":\"http:\\\/\\\/blog.argxp.com\\\/?s={search_term_string}\"},\"query-input\":{\"@type\":\"PropertyValueSpecification\",\"valueRequired\":true,\"valueName\":\"search_term_string\"}}],\"inLanguage\":\"fr-FR\"}]}<\/script>\n<!-- \/ Yoast SEO plugin. -->","yoast_head_json":{"title":"Raquel Liberman : Histoire d&#039;une femme symbole de la lutte contre la traite","description":"La Polonaise Raquel Liberman : La chute du Zwi Migdal. Victime de la traite qui a refus\u00e9, s&#039;est rebell\u00e9e et a courageusement tenu t\u00eate \u00e0 ses exploiteurs.","robots":{"index":"noindex","follow":"follow","max-snippet":"max-snippet:-1","max-image-preview":"max-image-preview:large","max-video-preview":"max-video-preview:-1"},"og_locale":"fr_FR","og_type":"article","og_title":"Raquel Liberman: Historia de una mujer s\u00edmbolo de la lucha contra la trata","og_description":"La polaca Raquel Liberman: La ca\u00edda de la Zwi Migdal. V\u00edctima de trata que se rehus\u00f3, se rebel\u00f3 y con coraje se plant\u00f3 ante sus explotadores.","og_url":"https:\/\/blog.argxp.com\/fr\/blog\/raquel-liberman-historia-de-una-mujer-que-fue-simbolo-de-la-lucha-contra-la-trata\/","og_site_name":"Blog","twitter_card":"summary_large_image","twitter_misc":{"Dur\u00e9e de lecture estim\u00e9e":"8 minutes"},"schema":{"@context":"https:\/\/schema.org","@graph":[{"@type":"WebPage","@id":"https:\/\/blog.argxp.com\/zh\/%e5%8d%9a%e5%ae%a2\/raquel-liberman-historia-de-una-mujer-que-fue-simbolo-de-la-lucha-contra-la-trata\/","url":"https:\/\/blog.argxp.com\/zh\/%e5%8d%9a%e5%ae%a2\/raquel-liberman-historia-de-una-mujer-que-fue-simbolo-de-la-lucha-contra-la-trata\/","name":"Raquel Liberman : Histoire d&#039;une femme symbole de la lutte contre la traite","isPartOf":{"@id":"http:\/\/blog.argxp.com\/#website"},"primaryImageOfPage":{"@id":"https:\/\/blog.argxp.com\/zh\/%e5%8d%9a%e5%ae%a2\/raquel-liberman-historia-de-una-mujer-que-fue-simbolo-de-la-lucha-contra-la-trata\/#primaryimage"},"image":{"@id":"https:\/\/blog.argxp.com\/zh\/%e5%8d%9a%e5%ae%a2\/raquel-liberman-historia-de-una-mujer-que-fue-simbolo-de-la-lucha-contra-la-trata\/#primaryimage"},"thumbnailUrl":"","datePublished":"2022-03-21T12:21:56+00:00","description":"La Polonaise Raquel Liberman : La chute du Zwi Migdal. Victime de la traite qui a refus\u00e9, s&#039;est rebell\u00e9e et a courageusement tenu t\u00eate \u00e0 ses exploiteurs.","breadcrumb":{"@id":"https:\/\/blog.argxp.com\/zh\/%e5%8d%9a%e5%ae%a2\/raquel-liberman-historia-de-una-mujer-que-fue-simbolo-de-la-lucha-contra-la-trata\/#breadcrumb"},"inLanguage":"fr-FR","potentialAction":[{"@type":"ReadAction","target":["https:\/\/blog.argxp.com\/zh\/%e5%8d%9a%e5%ae%a2\/raquel-liberman-historia-de-una-mujer-que-fue-simbolo-de-la-lucha-contra-la-trata\/"]}]},{"@type":"ImageObject","inLanguage":"fr-FR","@id":"https:\/\/blog.argxp.com\/zh\/%e5%8d%9a%e5%ae%a2\/raquel-liberman-historia-de-una-mujer-que-fue-simbolo-de-la-lucha-contra-la-trata\/#primaryimage","url":"","contentUrl":""},{"@type":"BreadcrumbList","@id":"https:\/\/blog.argxp.com\/zh\/%e5%8d%9a%e5%ae%a2\/raquel-liberman-historia-de-una-mujer-que-fue-simbolo-de-la-lucha-contra-la-trata\/#breadcrumb","itemListElement":[{"@type":"ListItem","position":1,"name":"Portada","item":"http:\/\/blog.argxp.com\/"},{"@type":"ListItem","position":2,"name":"Raquel Liberman: Historia de una mujer que fue s\u00edmbolo de la lucha contra la trata"}]},{"@type":"WebSite","@id":"http:\/\/blog.argxp.com\/#website","url":"http:\/\/blog.argxp.com\/","name":"Blog","description":"","potentialAction":[{"@type":"SearchAction","target":{"@type":"EntryPoint","urlTemplate":"http:\/\/blog.argxp.com\/?s={search_term_string}"},"query-input":{"@type":"PropertyValueSpecification","valueRequired":true,"valueName":"search_term_string"}}],"inLanguage":"fr-FR"}]}},"_links":{"self":[{"href":"https:\/\/blog.argxp.com\/fr\/wp-json\/wp\/v2\/blog\/76187","targetHints":{"allow":["GET"]}}],"collection":[{"href":"https:\/\/blog.argxp.com\/fr\/wp-json\/wp\/v2\/blog"}],"about":[{"href":"https:\/\/blog.argxp.com\/fr\/wp-json\/wp\/v2\/types\/blog"}],"wp:attachment":[{"href":"https:\/\/blog.argxp.com\/fr\/wp-json\/wp\/v2\/media?parent=76187"}],"wp:term":[{"taxonomy":"blog-categoria","embeddable":true,"href":"https:\/\/blog.argxp.com\/fr\/wp-json\/wp\/v2\/blog-categoria?post=76187"}],"curies":[{"name":"wp","href":"https:\/\/api.w.org\/{rel}","templated":true}]}}