{"id":85459,"date":"2022-06-26T22:08:07","date_gmt":"2022-06-27T01:08:07","guid":{"rendered":"https:\/\/argentinaxp.com\/?post_type=blog&#038;p=85459"},"modified":"2022-06-26T22:08:07","modified_gmt":"2022-06-27T01:08:07","slug":"marie-anne-perichon-de-vandeuil-y-santiago-de-liniers","status":"publish","type":"blog","link":"https:\/\/blog.argxp.com\/fr\/blog\/marie-anne-perichon-de-vandeuil-y-santiago-de-liniers\/","title":{"rendered":"MARIE ANNE P\u00c9RICHON DE VANDEUIL ET SANTIAGO DE LINIERS"},"content":{"rendered":"<p class=\"wp-block-paragraph\">Fi-Fiuuuuu, quelle mine ! Les porte\u00f1os du Buenos Aires colonial se seraient exclam\u00e9s \u2013 s&#039;ils avaient pu \u2013 en voyant arriver l&#039;\u00e9blouissant et volcanique Perichon. La beaut\u00e9 de cette femme, sa conversation charmante \u00e0 l&#039;accent exotique et \u00e0 la sensualit\u00e9 marqu\u00e9e, faisaient battre le pouls des messieurs et attisaient l&#039;envie des dames cr\u00e9oles. Tr\u00e8s vite, elle est accus\u00e9e d&#039;\u00eatre une \u00ab mangeuse d&#039;hommes \u00bb, une passeuse et une espionne. Et la goutte d&#039;eau qui a fait d\u00e9border le vase a \u00e9t\u00e9 lorsque le vice-roi Liniers a perdu la t\u00eate \u00e0 cause d&#039;elle, et l&#039;un des feuilletons dont on a le plus parl\u00e9 \u00e0 l&#039;\u00e9poque des invasions anglaises a commenc\u00e9.<\/p>\n\n\n\n<div class=\"wp-block-image\"><figure class=\"aligncenter size-full\"><img decoding=\"async\" src=\"https:\/\/blog.argxp.com\/wp-content\/uploads\/2025\/05\/597565d0-139f-4be3-a408-157018b1fabf.jpg\" alt=\"la p\u00e9richone\" class=\"wp-image-85463\"\/><\/figure><\/div>\n\n\n\n<p class=\"wp-block-paragraph\">Marie Anne P\u00e9richon de Vandeuil, plus connue sous le nom d&#039;Anita Perich\u00f3n ou \u00ab la Perichona \u00bb, est n\u00e9e en 1775 sur l&#039;\u00eele Bourbon (aujourd&#039;hui \u00ab La R\u00e9union \u00bb dans l&#039;archipel des Mascareignes), ancienne possession fran\u00e7aise situ\u00e9e dans l&#039;oc\u00e9an Indien. Elle appartenait \u00e0 une famille de l&#039;\u00e9lite coloniale fran\u00e7aise et \u00e9pousa tr\u00e8s jeune un officier irlandais au service de la France, Thomas O&#039;Gorman. En 1797, la famille s&#039;installe \u00e0 Buenos Aires, o\u00f9 l&#039;oncle de Thomas, le docteur Miguel O&#039;Gorman, cr\u00e9ateur du Protomedicato, l&#039;institution charg\u00e9e de r\u00e9glementer les pratiques sanitaires dans la colonie, est d\u00e9j\u00e0 \u00e9tabli. Ils sont arriv\u00e9s avec un \u00ab grand apparat \u00bb, comme on disait \u00e0 l&#039;\u00e9poque, et alors que le p\u00e8re d&#039;Ana \u00e9chouait dans sa tentative de devenir agriculteur au Br\u00e9sil, O&#039;Gorman castilla son nom en Tom\u00e1s et acquit des champs dans la p\u00e9riph\u00e9rie de Buenos Aires.<\/p>\n\n\n\n<p class=\"wp-block-paragraph\">La vie de Don Tom\u00e1s se complique apr\u00e8s les invasions anglaises, puisque pour collaboration avec l&#039;ennemi il est emprisonn\u00e9 \u00e0 Luj\u00e1n apr\u00e8s la reconqu\u00eate et, en insistant pour offrir ses services \u00e0 l&#039;envahisseur en 1807, il doit se r\u00e9fugier \u00e0 Rio de Janeiro. Sa femme, Anita, est rest\u00e9e \u00e0 Buenos Aires, o\u00f9 elle est devenue l&#039;amante du &quot;h\u00e9ros du jour&quot; et du nouvel homme fort de Buenos Aires, Santiago de Liniers, devenu vice-roi par d\u00e9cision des &quot;voisins&quot;. L&#039;historien Vicente Fidel L\u00f3pez souligne que son ancien amant n&#039;\u00e9tait autre que le g\u00e9n\u00e9ral Beresford, chef de la premi\u00e8re invasion anglaise. L\u00e0 sont n\u00e9s les soup\u00e7ons, qui l&#039;accompagneront une grande partie de sa vie, sur son espionnage au profit des Anglais.<\/p>\n\n\n\n<div class=\"wp-block-image\"><figure class=\"aligncenter size-full\"><img decoding=\"async\" src=\"https:\/\/blog.argxp.com\/wp-content\/uploads\/2025\/05\/9ca01f18-5176-46f5-95a1-b6a09c9e5638.jpg\" alt=\"Santiago de Liniers\" class=\"wp-image-85462\"\/><\/figure><\/div>\n\n\n\n<p class=\"wp-block-paragraph\">D&#039;apr\u00e8s ce que nous raconte Paul Groussac, alors que Liniers avan\u00e7ait \u00e0 la t\u00eate de sa colonne, le 12 ao\u00fbt 1806, lorsqu&#039;il atteignit la calle de San Nicol\u00e1s -aujourd&#039;hui avenue Corrientes- quelqu&#039;un jeta \u00e0 ses pieds un mouchoir brod\u00e9 et parfum\u00e9 en hommage au vainqueur. . Liniers l&#039;a ramass\u00e9 avec la pointe de son \u00e9p\u00e9e, et quand il a r\u00e9pondu au salut avec son mouchoir lev\u00e9, il a pu voir la belle Anita et \u00e0 partir de ce moment une relation tr\u00e8s ardente a commenc\u00e9. Les relations entre &quot;Madama O&#039;Gorman&quot; et Liniers faisaient alors le scandale de la ville. En partie parce qu&#039;\u00e0 31 ans, elle n&#039;\u00e9tait plus consid\u00e9r\u00e9e comme une jeune femme \u00e0 l&#039;\u00e9poque et qu&#039;une &quot;dame&quot; \u00e9tait cens\u00e9e \u00eatre beaucoup plus discr\u00e8te. La &quot;virreina&quot; informelle s&#039;est install\u00e9e dans la maison des Liniers et s&#039;est d\u00e9plac\u00e9e avec une escorte, et \u00e0 la grande horreur des dames de Buenos Aires, elle a m\u00eame port\u00e9 un uniforme militaire et mont\u00e9 \u00e0 cheval.<\/p>\n\n\n\n<p class=\"wp-block-paragraph\">Le surnom de Perichona, faisant \u00e9videmment r\u00e9f\u00e9rence \u00e0 son nom de famille, \u00e9tait alors associ\u00e9 \u00e0 Mar\u00eda Michaela Villegas y Hurtado, une actrice notable de Lima qui, en plus de son grand talent, est devenue c\u00e9l\u00e8bre pour ses amours avec le vice-roi du P\u00e9rou, Don Manuel de Amat y Juniet. , Chevalier de l&#039;Ordre de Saint-Jean. L&#039;adjectif \u00e9tait quelque peu insultant car il d\u00e9rivait de &quot;salope&quot; et &quot;chola&quot;. De son c\u00f4t\u00e9, Liniers a pr\u00e9f\u00e9r\u00e9 l&#039;appeler &quot;La Petaquita&quot;.<\/p>\n\n\n\n<p class=\"wp-block-paragraph\">Selon un espion du gouvernement portugais, la femme &quot;peut faire ce qu&#039;elle veut sur son esprit&quot; et \u00e9tait le &quot;canal adoptable pour diriger la volont\u00e9&quot; du vice-roi. Le bruit courait que, par son interm\u00e9diaire, d&#039;excellentes affaires se faisaient, gr\u00e2ce \u00e0 la faveur officielle ; quelque chose qui n&#039;\u00e9tait pas nouveau dans la colonie, mais qui, en ces temps troubl\u00e9s et avec le tr\u00e9sor \u00e9puis\u00e9, est devenu plus \u00e9vident.<\/p>\n\n\n\n<p class=\"wp-block-paragraph\">La situation devient plus que compliqu\u00e9e lorsque Napol\u00e9on d\u00e9cide de s&#039;emparer de l&#039;Espagne et d&#039;introniser son fr\u00e8re Jos\u00e9. La condition fran\u00e7aise de Liniers et de &quot;Madama Perich\u00f3n&quot; les place dans le collimateur des attaques. Le riche marchand espagnol et chef du Cabildo, Mart\u00edn de \u00c1lzaga, vit arriver l&#039;occasion de se d\u00e9barrasser du &quot;Fran\u00e7ais&quot; et, en octobre 1808, il fit r\u00e9diger une lettre officielle par le Cabildo au Conseil supr\u00eame central dans laquelle il \u00e9tait lire : &quot;Cette femme avec Celui qui habite le vice-roi entretient une amiti\u00e9 qui fait scandale dans le peuple, qui ne sort pas sans escorte, qui a garde \u00e0 domicile jour et nuit, qui emploie les troupes de service au travail de son domaine, o\u00f9 il passe ses journ\u00e9es.Vice-roi, dont la communication ni les insinuations, ni les conseils des autorit\u00e9s, ni les chuchotements, ni les cris du peuple n&#039;ont pu couper la communication, cette femme, enfin, m\u00e9pris\u00e9e et criminelle pour tous. sa situation, est l&#039;arbitre du gouvernement et m\u00eame de notre sort. Il n&#039;y a rien, aussi injuste soit-il, qui ne soit atteint et r\u00e9alis\u00e9 \u00e0 travers lui. L&#039;engagement et l&#039;argent sont des agents tr\u00e8s puissants chez elle. Pas craintif du tout, et ainsi on voit des monstruosit\u00e9s aux commandes, d\u00e9sordres sur d\u00e9sordres transcendantaux parmi le peuple lui-m\u00eame, auquel les magistrats ne peuvent rendre justice parce que leur conduite est excus\u00e9e \u00bb.<\/p>\n\n\n\n<div class=\"wp-block-image\"><figure class=\"aligncenter size-full\"><img decoding=\"async\" src=\"https:\/\/blog.argxp.com\/wp-content\/uploads\/2025\/05\/af13acfb-758a-4c59-8bd8-9312595070b5.jpg\" alt=\"Infante Carlota Joaquina\" class=\"wp-image-85460\"\/><\/figure><\/div>\n\n\n\n<p class=\"wp-block-paragraph\">La goutte qui fit d\u00e9border le vase dans la soci\u00e9t\u00e9 timide de Buenos Aires de l&#039;\u00e9poque fut l&#039;intention de la fille de Liniers d&#039;\u00e9pouser le fr\u00e8re cadet d&#039;Anita, Juan Bautista Perich\u00f3n. Le vice-roi, mettant de c\u00f4t\u00e9 ses passions amoureuses et essayant de d\u00e9fendre son &quot;bon nom et son honneur&quot; accusa son amant de rassembler des conspirateurs dans des rassemblements chez lui, la fit embarquer et l&#039;expulsa \u00e0 Rio de Janeiro, pour rencontrer son mari. \u00c0 ce moment-l\u00e0, la cour portugaise avait \u00e9t\u00e9 install\u00e9e par ses alli\u00e9s britanniques au Br\u00e9sil, fuyant l&#039;invasion napol\u00e9onienne, et \u00e9tait le centre des intrigues men\u00e9es par la princesse Carlota Joaquina de Borb\u00f3n, s\u0153ur du roi Ferdinand VII et \u00e9pouse du prince r\u00e9gent de Portugal. . Rappelons que Carlota aspirait \u00e0 gouverner les colonies am\u00e9ricaines en tant que r\u00e9gente pendant que durait la &quot;captivit\u00e9&quot; de son &quot;fr\u00e8re royal&quot;, un VIP prisonnier de Napol\u00e9on dans le palais fran\u00e7ais de Valen\u00e7ay.<\/p>\n\n\n\n<p class=\"wp-block-paragraph\">Dans sa maison de Rio de Janeiro, Anita Perich\u00f3n de O&#039;Gorman a poursuivi ses rassemblements, o\u00f9 se sont rencontr\u00e9s diff\u00e9rents conspirateurs de River Plate, britanniques et portugais. La l\u00e9gende raconte que son nouveau protecteur et amant n&#039;\u00e9tait autre que Lord Strangford, le repr\u00e9sentant britannique devant la cour portugaise de Rio ; comme on le dirait plus r\u00e9cemment, l&#039;un des principaux &quot;op\u00e9rateurs politiques&quot; de tout le processus en cours en Am\u00e9rique du Sud et, surtout, le plus farouche opposant aux projets de la princesse Carlota de se voir ma\u00eetre de la situation. Ainsi, Do\u00f1a Carlota a d\u00e9cid\u00e9 que pour &quot;intriguer&quot; sur les plages de Rio avec elle-m\u00eame, c&#039;\u00e9tait plus que suffisant, et en 1809, elle a d\u00e9cid\u00e9 d&#039;expulser Do\u00f1a Anita.<\/p>\n\n\n\n<p class=\"wp-block-paragraph\">Presas, le secr\u00e9taire de Carlota, raconte dans ses &quot;M\u00e9moires secr\u00e8tes&quot; qu&#039;au d\u00e9but la princesse lui a demand\u00e9 de faire une liste de conspirateurs dans laquelle Madame Perich\u00f3n ne pouvait pas manquer. Il eut piti\u00e9 d&#039;Anita et raconta : \u00ab Je me suis form\u00e9 en ce moment avec les d\u00e9tails et les circonstances que la princesse a demand\u00e9s ; mais j&#039;ai omis d&#039;y mettre P\u00e9richon, parce qu&#039;il n&#039;y a rien de pire pour qui commence \u00e0 \u00e9crire sur elle dans des mati\u00e8res semblables. Au moment de lire SA la liste, elle s&#039;est aper\u00e7ue qu&#039;il manquait le nom de celui qu&#039;elle voulait rechercher. \u00ab Et pourquoi, me dit-il, P\u00e9richon n&#039;est-il pas l\u00e0 ? -Parce que cette femme ne se m\u00eale pas de pareilles affaires, et sa situation est si malheureuse aujourd&#039;hui, qu&#039;il est plus digne que VAR ait piti\u00e9 d&#039;elle, que qu&#039;on augmente son affliction. - Salut! \u2013r\u00e9pondit-il-, il semble que tu sois un protecteur des bonnes filles. \u2013Madame, je suis un homme; mais je lui ai parl\u00e9 dans la vie, et si \u00eatre une bonne fille \u00e0 cette occasion ne la favorise pas, cela ne doit pas non plus lui nuire, puisqu&#039;il n&#039;y a pas de cause certaine \u00e0 poursuivre contre elle, et surtout VA pourra faire ce qu&#039;elle aime \u00bb. Presas conclut: &quot;Il n&#039;est pas facile d&#039;expliquer la haine et le d\u00e9go\u00fbt avec lesquels les femmes laides regardent les belles, un d\u00e9faut dont m\u00eame les princesses elles-m\u00eames ne sont pas exemptes.&quot;<\/p>\n\n\n\n<p class=\"wp-block-paragraph\">Finalement, Anita est d\u00e9port\u00e9e et embarqu\u00e9e sur un navire anglais, mais les autorit\u00e9s espagnoles de Montevideo et de Buenos Aires, dirig\u00e9es par le vice-roi Cisneros, lui refusent l&#039;autorisation de d\u00e9barquer. Juste apr\u00e8s la R\u00e9volution de Mai, la Junte d\u00e9cr\u00e9ta que \u00ab Madame O&#039;Gorman pouvait descendre \u00e0 terre \u00e0 condition qu&#039;elle ne s&#039;\u00e9tablisse pas au centre de la ville, mais \u00e0 la ferme de La Matanza, o\u00f9 elle devait garder circonspection et isolement. \u00bb .<\/p>\n\n\n\n<div class=\"wp-block-image\"><figure class=\"aligncenter size-full\"><img decoding=\"async\" src=\"https:\/\/blog.argxp.com\/wp-content\/uploads\/2025\/05\/8fca75c6-6485-4fe8-9dfa-c562bc34d4ea.jpg\" alt=\"Casona de Sarratea - Maison de Santiago de Liniers\" class=\"wp-image-85461\"\/><\/figure><\/div>\n\n\n\n<p class=\"wp-block-paragraph\">L\u00e0, l&#039;animatrice fr\u00e9n\u00e9tique des rassemblements de Buenos Aires et de S\u00e3o Paulo a pass\u00e9 les trente derni\u00e8res ann\u00e9es de sa vie pratiquement confin\u00e9e. Les nouvelles qu&#039;il a re\u00e7ues ne sont g\u00e9n\u00e9ralement pas encourageantes, puisque depuis son s\u00e9jour \u00e0 La Matanza, il a d\u00fb apprendre deux ex\u00e9cutions de personnes proches de lui : l&#039;ancien vice-roi Santiago de Liniers, son ancien amant, et Camila O&#039;Gorman, sa petite-fille et h\u00e9riti\u00e8re. .de son esprit rebelle. Chose trop dangereuse dans une soci\u00e9t\u00e9 o\u00f9 la libert\u00e9 a toujours \u00e9t\u00e9 une qualit\u00e9 qui suscite suspicion et sanctions.<\/p>\n\n\n\n<p class=\"wp-block-paragraph\">Compilation de textes et d&#039;images : elhistoriador.com.ar ; agencynova.com\u00a0; elsoldesantelmo.com.ar\u00a0; pressreader.com<\/p>","protected":false},"featured_media":85464,"template":"","blog-categoria":[43],"class_list":["post-85459","blog","type-blog","status-publish","has-post-thumbnail","hentry","blog-categoria-historia-e-historias"],"yoast_head":"<!-- This site is optimized with the Yoast SEO plugin v28.4 - https:\/\/yoast.com\/product\/yoast-seo-wordpress\/ -->\n<title>MARIE ANNE P\u00c9RICHON DE VANDEUIL Y SANTIAGO DE LINIERS - Blog<\/title>\n<meta name=\"robots\" content=\"noindex, follow, max-snippet:-1, max-image-preview:large, max-video-preview:-1\" \/>\n<meta property=\"og:locale\" content=\"fr_FR\" \/>\n<meta property=\"og:type\" content=\"article\" \/>\n<meta property=\"og:title\" content=\"MARIE ANNE P\u00c9RICHON DE VANDEUIL Y SANTIAGO DE LINIERS - Blog\" \/>\n<meta property=\"og:description\" content=\"\u00a1Fi-Fiuuuuu, qu\u00e9 mina! Hubieran exclamado \u2013de haber podido- los porte\u00f1os de la Buenos Aires colonial, cuando vieron llegar a la deslumbrante y volc\u00e1nica Perichon. La belleza de esta mujer, su encantadora conversaci\u00f3n con acento ex\u00f3tico y marcada sensualidad, aceleraba el pulso de los caballeros y encend\u00eda la envidia de las damas criollas. Muy pronto la [&hellip;]\" \/>\n<meta property=\"og:url\" content=\"https:\/\/blog.argxp.com\/fr\/blog\/marie-anne-perichon-de-vandeuil-y-santiago-de-liniers\/\" \/>\n<meta property=\"og:site_name\" content=\"Blog\" \/>\n<meta name=\"twitter:card\" content=\"summary_large_image\" \/>\n<meta name=\"twitter:label1\" content=\"Dur\u00e9e de lecture estim\u00e9e\" \/>\n\t<meta name=\"twitter:data1\" content=\"8 minutes\" \/>\n<script type=\"application\/ld+json\" class=\"yoast-schema-graph\">{\"@context\":\"https:\\\/\\\/schema.org\",\"@graph\":[{\"@type\":\"WebPage\",\"@id\":\"https:\\\/\\\/blog.argxp.com\\\/fr\\\/blog\\\/marie-anne-perichon-de-vandeuil-y-santiago-de-liniers\\\/\",\"url\":\"https:\\\/\\\/blog.argxp.com\\\/fr\\\/blog\\\/marie-anne-perichon-de-vandeuil-y-santiago-de-liniers\\\/\",\"name\":\"MARIE ANNE P\u00c9RICHON DE VANDEUIL Y SANTIAGO DE LINIERS - Blog\",\"isPartOf\":{\"@id\":\"http:\\\/\\\/blog.argxp.com\\\/#website\"},\"primaryImageOfPage\":{\"@id\":\"https:\\\/\\\/blog.argxp.com\\\/fr\\\/blog\\\/marie-anne-perichon-de-vandeuil-y-santiago-de-liniers\\\/#primaryimage\"},\"image\":{\"@id\":\"https:\\\/\\\/blog.argxp.com\\\/fr\\\/blog\\\/marie-anne-perichon-de-vandeuil-y-santiago-de-liniers\\\/#primaryimage\"},\"thumbnailUrl\":\"\",\"datePublished\":\"2022-06-27T01:08:07+00:00\",\"breadcrumb\":{\"@id\":\"https:\\\/\\\/blog.argxp.com\\\/fr\\\/blog\\\/marie-anne-perichon-de-vandeuil-y-santiago-de-liniers\\\/#breadcrumb\"},\"inLanguage\":\"fr-FR\",\"potentialAction\":[{\"@type\":\"ReadAction\",\"target\":[\"https:\\\/\\\/blog.argxp.com\\\/fr\\\/blog\\\/marie-anne-perichon-de-vandeuil-y-santiago-de-liniers\\\/\"]}]},{\"@type\":\"ImageObject\",\"inLanguage\":\"fr-FR\",\"@id\":\"https:\\\/\\\/blog.argxp.com\\\/fr\\\/blog\\\/marie-anne-perichon-de-vandeuil-y-santiago-de-liniers\\\/#primaryimage\",\"url\":\"\",\"contentUrl\":\"\"},{\"@type\":\"BreadcrumbList\",\"@id\":\"https:\\\/\\\/blog.argxp.com\\\/fr\\\/blog\\\/marie-anne-perichon-de-vandeuil-y-santiago-de-liniers\\\/#breadcrumb\",\"itemListElement\":[{\"@type\":\"ListItem\",\"position\":1,\"name\":\"Portada\",\"item\":\"http:\\\/\\\/blog.argxp.com\\\/\"},{\"@type\":\"ListItem\",\"position\":2,\"name\":\"MARIE ANNE P\u00c9RICHON DE VANDEUIL Y SANTIAGO DE LINIERS\"}]},{\"@type\":\"WebSite\",\"@id\":\"http:\\\/\\\/blog.argxp.com\\\/#website\",\"url\":\"http:\\\/\\\/blog.argxp.com\\\/\",\"name\":\"Blog\",\"description\":\"\",\"potentialAction\":[{\"@type\":\"SearchAction\",\"target\":{\"@type\":\"EntryPoint\",\"urlTemplate\":\"http:\\\/\\\/blog.argxp.com\\\/?s={search_term_string}\"},\"query-input\":{\"@type\":\"PropertyValueSpecification\",\"valueRequired\":true,\"valueName\":\"search_term_string\"}}],\"inLanguage\":\"fr-FR\"}]}<\/script>\n<!-- \/ Yoast SEO plugin. -->","yoast_head_json":{"title":"MARIE ANNE P\u00c9RICHON DE VANDEUIL Y SANTIAGO DE LINIERS - Blog","robots":{"index":"noindex","follow":"follow","max-snippet":"max-snippet:-1","max-image-preview":"max-image-preview:large","max-video-preview":"max-video-preview:-1"},"og_locale":"fr_FR","og_type":"article","og_title":"MARIE ANNE P\u00c9RICHON DE VANDEUIL Y SANTIAGO DE LINIERS - Blog","og_description":"\u00a1Fi-Fiuuuuu, qu\u00e9 mina! Hubieran exclamado \u2013de haber podido- los porte\u00f1os de la Buenos Aires colonial, cuando vieron llegar a la deslumbrante y volc\u00e1nica Perichon. La belleza de esta mujer, su encantadora conversaci\u00f3n con acento ex\u00f3tico y marcada sensualidad, aceleraba el pulso de los caballeros y encend\u00eda la envidia de las damas criollas. Muy pronto la [&hellip;]","og_url":"https:\/\/blog.argxp.com\/fr\/blog\/marie-anne-perichon-de-vandeuil-y-santiago-de-liniers\/","og_site_name":"Blog","twitter_card":"summary_large_image","twitter_misc":{"Dur\u00e9e de lecture estim\u00e9e":"8 minutes"},"schema":{"@context":"https:\/\/schema.org","@graph":[{"@type":"WebPage","@id":"https:\/\/blog.argxp.com\/fr\/blog\/marie-anne-perichon-de-vandeuil-y-santiago-de-liniers\/","url":"https:\/\/blog.argxp.com\/fr\/blog\/marie-anne-perichon-de-vandeuil-y-santiago-de-liniers\/","name":"MARIE ANNE P\u00c9RICHON DE VANDEUIL Y SANTIAGO DE LINIERS - Blog","isPartOf":{"@id":"http:\/\/blog.argxp.com\/#website"},"primaryImageOfPage":{"@id":"https:\/\/blog.argxp.com\/fr\/blog\/marie-anne-perichon-de-vandeuil-y-santiago-de-liniers\/#primaryimage"},"image":{"@id":"https:\/\/blog.argxp.com\/fr\/blog\/marie-anne-perichon-de-vandeuil-y-santiago-de-liniers\/#primaryimage"},"thumbnailUrl":"","datePublished":"2022-06-27T01:08:07+00:00","breadcrumb":{"@id":"https:\/\/blog.argxp.com\/fr\/blog\/marie-anne-perichon-de-vandeuil-y-santiago-de-liniers\/#breadcrumb"},"inLanguage":"fr-FR","potentialAction":[{"@type":"ReadAction","target":["https:\/\/blog.argxp.com\/fr\/blog\/marie-anne-perichon-de-vandeuil-y-santiago-de-liniers\/"]}]},{"@type":"ImageObject","inLanguage":"fr-FR","@id":"https:\/\/blog.argxp.com\/fr\/blog\/marie-anne-perichon-de-vandeuil-y-santiago-de-liniers\/#primaryimage","url":"","contentUrl":""},{"@type":"BreadcrumbList","@id":"https:\/\/blog.argxp.com\/fr\/blog\/marie-anne-perichon-de-vandeuil-y-santiago-de-liniers\/#breadcrumb","itemListElement":[{"@type":"ListItem","position":1,"name":"Portada","item":"http:\/\/blog.argxp.com\/"},{"@type":"ListItem","position":2,"name":"MARIE ANNE P\u00c9RICHON DE VANDEUIL Y SANTIAGO DE LINIERS"}]},{"@type":"WebSite","@id":"http:\/\/blog.argxp.com\/#website","url":"http:\/\/blog.argxp.com\/","name":"Blog","description":"","potentialAction":[{"@type":"SearchAction","target":{"@type":"EntryPoint","urlTemplate":"http:\/\/blog.argxp.com\/?s={search_term_string}"},"query-input":{"@type":"PropertyValueSpecification","valueRequired":true,"valueName":"search_term_string"}}],"inLanguage":"fr-FR"}]}},"_links":{"self":[{"href":"https:\/\/blog.argxp.com\/fr\/wp-json\/wp\/v2\/blog\/85459","targetHints":{"allow":["GET"]}}],"collection":[{"href":"https:\/\/blog.argxp.com\/fr\/wp-json\/wp\/v2\/blog"}],"about":[{"href":"https:\/\/blog.argxp.com\/fr\/wp-json\/wp\/v2\/types\/blog"}],"wp:attachment":[{"href":"https:\/\/blog.argxp.com\/fr\/wp-json\/wp\/v2\/media?parent=85459"}],"wp:term":[{"taxonomy":"blog-categoria","embeddable":true,"href":"https:\/\/blog.argxp.com\/fr\/wp-json\/wp\/v2\/blog-categoria?post=85459"}],"curies":[{"name":"wp","href":"https:\/\/api.w.org\/{rel}","templated":true}]}}