{"id":85466,"date":"2022-06-26T23:06:16","date_gmt":"2022-06-27T02:06:16","guid":{"rendered":"https:\/\/argentinaxp.com\/?post_type=blog&#038;p=85466"},"modified":"2022-06-26T23:06:16","modified_gmt":"2022-06-27T02:06:16","slug":"los-86-anos-del-obelisco-de-buenos-aires","status":"publish","type":"blog","link":"https:\/\/blog.argxp.com\/fr\/blog\/los-86-anos-del-obelisco-de-buenos-aires\/","title":{"rendered":"Les 86 ans de l&#039;Ob\u00e9lisque de Buenos Aires"},"content":{"rendered":"<p class=\"wp-block-paragraph\">L&#039;ob\u00e9lisque est consid\u00e9r\u00e9 comme une ic\u00f4ne de la ville de Buenos Aires, dans les cartes postales qui parcourent le monde, les pays s\u00e9duisent avec les images de leurs constructions les plus embl\u00e9matiques ; Paris avec la Tour Eiffel, Londres avec Big Ben ou New York avec la Statue de la Libert\u00e9, une de ces images de l&#039;Argentine et symbole ind\u00e9niable de la City est l&#039;Ob\u00e9lisque. Le 23 mai prochain, ce protagoniste d&#039;innombrables \u00e9v\u00e9nements, aura 86 ans, c&#039;est une bonne occasion d&#039;en savoir plus sur lui.<\/p>\n\n\n\n<div class=\"wp-block-image\"><figure class=\"aligncenter size-large\"><img decoding=\"async\" src=\"https:\/\/blog.argxp.com\/wp-content\/uploads\/2025\/05\/8d67fe53-4eb0-4aaf-8cc8-a08511ad2fb0-800x429.jpg\" alt=\"Ob\u00e9lisque Buenos Aires\" class=\"wp-image-85468\"\/><\/figure><\/div>\n\n\n\n<p class=\"wp-block-paragraph\">Le projet d&#039;ouverture de l&#039;Avenida 9 de Julio, en tant qu&#039;art\u00e8re qui traversait la ville du nord au sud, datait de la fin du XIXe si\u00e8cle et, bien qu&#039;il ait \u00e9t\u00e9 inclus dans divers plans et projets, la loi nationale 8855, qui a approuv\u00e9 l&#039;expropriation avec utilit\u00e9 publique des propri\u00e9t\u00e9s situ\u00e9es sur le futur trac\u00e9 de l&#039;Avenue, date de 1912.<\/p>\n\n\n\n<p class=\"wp-block-paragraph\">C&#039;\u00e9taient des temps de changement et tout \u00e9tait encadr\u00e9 dans un vaste plan de travaux publics qui impliquait la restructuration et la modernisation de la ville au-del\u00e0 de l&#039;axe qui jusque-l\u00e0 avait \u00e9t\u00e9 la Plaza et l&#039;Avenida de Mayo ; Il \u00e9tait temps de r\u00e9soudre les probl\u00e8mes de circulation et de vitesse des v\u00e9hicules et pour cela l&#039;ouverture de l&#039;Avenida 9 de Julio envisageait un rond-point \u00e0 l&#039;intersection des actuelles Av. Corrientes et Diagonal Norte ; la Plaza de la Rep\u00fablica, ainsi que l&#039;\u00e9largissement de l&#039;avenue Corrientes.<\/p>\n\n\n\n<p class=\"wp-block-paragraph\">L&#039;adresse exacte de l&#039;Ob\u00e9lisque est : Av. Corrientes 1066, Ville de Buenos Aires, (Source : GCBA) mais\u2026 au m\u00eame endroit o\u00f9 il se trouvait auparavant ? : l&#039;Hip\u00f3dromo, une sc\u00e8ne de cirque o\u00f9 s&#039;est produit le c\u00e9l\u00e8bre clown Frank Brown, le stade primitif Luna Park, le Teatro del Pueblo et l&#039;\u00e9glise de San Nicol\u00e1s de Bari, \u00e9rig\u00e9e pendant la colonie dans la soi-disant Calle del Sol, plus tard San Nicol\u00e1s et plus tard Corrientes et qui a \u00e9galement donn\u00e9 son nom au quartier dans lequel il \u00e9tait situ\u00e9.<\/p>\n\n\n\n<p class=\"wp-block-paragraph\">Pour diverses raisons, l&#039;\u00e9glise de San Nicol\u00e1s de Bari \u00e9tait un temple historique : Mariano Moreno et Manuel Dorrego y ont \u00e9t\u00e9 baptis\u00e9s, les restes du pr\u00eatre Manuel Alberti se sont repos\u00e9s ; membre de la premi\u00e8re junte gouvernementale de 1810, d\u00e9c\u00e9d\u00e9 en janvier 1811 et \u00e9galement dans sa tour le drapeau argentin a \u00e9t\u00e9 agit\u00e9 pour la premi\u00e8re fois le 23 ao\u00fbt 1812. L&#039;\u00e9glise a \u00e9t\u00e9 d\u00e9molie en 1931 et d\u00e9plac\u00e9e \u00e0 son emplacement actuel : Avenida Santa Fe 1364. C&#039;est la seule \u00e9glise coloniale qui n&#039;existe pas actuellement.<\/p>\n\n\n\n<p class=\"wp-block-paragraph\">Avec toute la zone restructur\u00e9e, le maire Mariano de Vedia y Mitre propose au gouvernement national d&#039;\u00e9riger un ob\u00e9lisque sur la Plaza de la Rep\u00fablica comme symbole du quatri\u00e8me centenaire de la fondation de la ville de Buenos Aires.<\/p>\n\n\n\n<p class=\"wp-block-paragraph\">Un monument qui rendrait justice \u00e0 l&#039;ampleur de l&#039;\u00e9v\u00e9nement et dans le d\u00e9cret de sa cr\u00e9ation fait r\u00e9f\u00e9rence \u00e0 une \u0153uvre... \u00ab Qui rappelle au peuple de la R\u00e9publique la v\u00e9ritable importance de l&#039;anniversaire... \u00bb \u00ab ... qu&#039;il n&#039;y a pas de monument dans la Ville qui symbolise l&#039;hommage de la Capitale de toute la Nation\u2026 \u00bb L&#039;Ob\u00e9lisque est n\u00e9.<\/p>\n\n\n\n<p class=\"wp-block-paragraph\">Les travaux commenc\u00e8rent en mars 1936 et s&#039;achev\u00e8rent deux mois plus tard, tout un d\u00e9fi pour l&#039;\u00e9poque.<\/p>\n\n\n\n<p class=\"wp-block-paragraph\">Le 23 mai 1936, le grand ob\u00e9lisque est inaugur\u00e9, \u0153uvre de l&#039;architecte Alberto Prebisch, l&#039;une des principales r\u00e9f\u00e9rences du modernisme argentin.<\/p>\n\n\n\n<p class=\"wp-block-paragraph\">Pour optimiser les temps et faciliter le coulage du b\u00e9ton, il a \u00e9t\u00e9 construit en tron\u00e7ons de deux m\u00e8tres. Utilisant parmi ses mat\u00e9riaux 1300 m\u00b2 de pierre blanche d&#039;Olaen, Cordoue.<\/p>\n\n\n\n<div class=\"wp-block-image\"><figure class=\"aligncenter size-full\"><img decoding=\"async\" src=\"https:\/\/blog.argxp.com\/wp-content\/uploads\/2025\/05\/121a8cc2-1b1e-4acd-a982-56ea958611fe.jpg\" alt=\"ob\u00e9lisque du m\u00e9tro\" class=\"wp-image-85470\"\/><\/figure><\/div>\n\n\n\n<p class=\"wp-block-paragraph\">La r\u00e9solution de la structure a \u00e9t\u00e9 obtenue avec l&#039;emplacement de deux grandes bases sur les c\u00f4t\u00e9s du tunnel de la ligne de m\u00e9tro D (en construction et inaugur\u00e9e en 1937), qui reposaient \u00e9galement sur les tunnels inf\u00e9rieurs de la ligne B (1930), sur ces deux bases, cinq grandes poutres ont \u00e9t\u00e9 plac\u00e9es qui ont servi de support \u00e0 une vaste dalle sur laquelle repose l&#039;ob\u00e9lisque.<\/p>\n\n\n\n<p class=\"wp-block-paragraph\">Sa hauteur totale est de 67,5 m ; \u00e0 63,5 m commence le sommet, qui est de 3,5 m. Il n&#039;a qu&#039;une seule porte d&#039;entr\u00e9e qui donne \u00e0 l&#039;ouest de la ville et au sommet, quatre fen\u00eatres auxquelles on acc\u00e8de par un escalier marin de 206 marches, avec sept paliers \u00e0 huit m\u00e8tres d&#039;intervalle, sauf l&#039;un d&#039;eux \u00e0 une distance de six m\u00e8tres. Vus d&#039;en bas, les paliers en forme de losange ont une capacit\u00e9 limit\u00e9e, dans certaines sections le mur est si proche que le ciment frotte contre le dos de la personne qui grimpe, mais pas les paliers carr\u00e9s qui permettent un tour complet \u00e0 l&#039;int\u00e9rieur de l&#039;ob\u00e9lisque.<\/p>\n\n\n\n<p class=\"wp-block-paragraph\">Vers le haut, il y a un plat avec deux trous : les &quot;yeux de feu&quot; qui permettent le passage de la lumi\u00e8re du soleil \u00e0 l&#039;int\u00e9rieur et accueillent la merveilleuse pointe \u00e9mouss\u00e9e qui termine l&#039;ob\u00e9lisque.<\/p>\n\n\n\n<div class=\"wp-block-image\"><figure class=\"aligncenter size-large\"><img decoding=\"async\" src=\"https:\/\/blog.argxp.com\/wp-content\/uploads\/2025\/05\/17e5dce6-7a58-4663-a034-3555fc3d8eed-800x534.jpg\" alt=\"entretien de l&#039;ob\u00e9lisque\" class=\"wp-image-85471\"\/><\/figure><\/div>\n\n\n\n<p class=\"wp-block-paragraph\">Depuis les fen\u00eatres situ\u00e9es au point \u00e9mouss\u00e9, vous pouvez voir les quatre points cardinaux de la Ville ; de la fen\u00eatre ouest, Av. Corrientes, en direction de Av. Callao, \u00e0 l&#039;est, Av. Corrientes peut \u00eatre vu dans la direction oppos\u00e9e; vers Av. Leandro N. Alem et Puerto Madero et aussi Diagonal Norte vers Plaza de Mayo; la vue sud, est avec le b\u00e2timent du minist\u00e8re de l&#039;Action sociale de la Nation et l&#039;autoroute 25 de Mayo et \u00e0 travers la fen\u00eatre nord, vous pouvez voir l&#039;autoroute Dr. Arturo Umberto Illia (AV1Norte) et le R\u00edo de la Plata.<\/p>\n\n\n\n<p class=\"wp-block-paragraph\">Sur les murs int\u00e9rieurs, des l\u00e9gendes indiquant la date, l&#039;ann\u00e9e et les participants de l&#039;ach\u00e8vement des travaux, ainsi que la date d&#039;inauguration, ont \u00e9t\u00e9 grav\u00e9es. Dehors, il y a des cam\u00e9ras, des radars et des paratonnerres.<\/p>\n\n\n\n<div class=\"wp-block-image\"><figure class=\"aligncenter size-full\"><img decoding=\"async\" src=\"https:\/\/blog.argxp.com\/wp-content\/uploads\/2025\/05\/7b77f133-a91d-498d-a220-8e1d85a5a289-1.jpg\" alt=\"inscriptions d&#039;ob\u00e9lisque\" class=\"wp-image-85472\"\/><\/figure><\/div>\n\n\n\n<p class=\"wp-block-paragraph\">\u00c0 l&#039;ext\u00e9rieur des quatre faces, il y a des inscriptions qui rappellent diff\u00e9rents \u00e9v\u00e9nements historiques : la fa\u00e7ade nord dit : &quot;En ce lieu, dans la tour de San Nicol\u00e1s, le drapeau national a \u00e9t\u00e9 hiss\u00e9 pour la premi\u00e8re fois dans la ville le XXIII ao\u00fbt du MDCCCXII &quot; , sur le front ouest, il est dit; &quot;Capitale f\u00e9d\u00e9rale, loi \u00e9mise par le Congr\u00e8s national le XX septembre du MDCCCLXXX \u00e0 l&#039;initiative du pr\u00e9sident Nicol\u00e1s Avellaneda, d\u00e9cret du pr\u00e9sident Julio A. Roca VI de d\u00e9cembre du MDCCCLXXX&quot;, l&#039;inscription sur la fa\u00e7ade sud se lit comme suit\u00a0: &quot;Deuxi\u00e8me fondation par Juan de Garay XI de Junio de MDLXXX&quot; et aussi dans un petit rectangle le po\u00e8me &quot;El Obelisk&quot; que Baldomero Fernandez Moreno a \u00e9crit en hommage \u00e0 Alberto Prebisch (selon l&#039;anecdote, il a \u00e9t\u00e9 \u00e9crit lors d&#039;un d\u00eener \u00e0 l&#039;h\u00f4tel Alvear, le une serviette et remise \u00e0 la femme de Prebisch), enfin sur la fa\u00e7ade est, l&#039;inscription se lit comme suit : &quot;Buenos Aires \u00e0 la R\u00e9publique, \u00e0 l&#039;occasion du IV centenaire de la fondation de la ville par Don Pedro de Mendoza XI de f\u00e9vrier MDXXXVI&quot;.<\/p>\n\n\n\n<p class=\"wp-block-paragraph\">A ses d\u00e9buts, l&#039;Ob\u00e9lisque fut rejet\u00e9 et ironiquement surnomm\u00e9 \u00ab presse-papier ciment \u00bb, \u00ab poin\u00e7on \u00bb ou \u00ab piquet \u00bb. Le 21 juin 1938, des morceaux de ma\u00e7onnerie se sont d\u00e9tach\u00e9s, pour lesquels un an plus tard sa d\u00e9molition a \u00e9t\u00e9 vot\u00e9e au Conseil d\u00e9lib\u00e9rant de Buenos Aires, arguant pour des raisons de s\u00e9curit\u00e9 publique, \u00e9conomique et esth\u00e9tique, le pr\u00e9sident de la R\u00e9publique Roberto M. Ortiz qui a exprim\u00e9 que le monument comm\u00e9morait un \u00e9v\u00e9nement important tel que la premi\u00e8re fondation de Buenos Aires, et que le minist\u00e8re des Travaux publics paierait les frais de r\u00e9paration, tandis que le maire de la ville de Buenos Aires, Arturo Goyeneche, a oppos\u00e9 son veto \u00e0 l&#039;ordonnance qui approuvait la d\u00e9molition. La r\u00e9paration a \u00e9t\u00e9 effectu\u00e9e, mais la l\u00e9gende qui indiquait Prebisch comme l&#039;architecte de l&#039;ouvrage a \u00e9t\u00e9 perdue.<\/p>\n\n\n\n<p class=\"wp-block-paragraph\">\u00c0 diff\u00e9rentes occasions, l&#039;ob\u00e9lisque est intervenu : dans les derniers jours de 1973, il a \u00e9t\u00e9 d\u00e9cor\u00e9 comme un sapin de No\u00ebl ; en 1975, il servait \u00e0 d\u00e9livrer deux messages au citoyen : \u00ab Le silence c&#039;est la sant\u00e9 \u00bb et \u00ab Gardez Buenos Aires propre \u00bb, en 2005 il \u00e9tait recouvert d&#039;un tissu rose simulant un pr\u00e9servatif pour comm\u00e9morer la Journ\u00e9e mondiale de la lutte contre le sida et en En 2009, il a \u00e9t\u00e9 d\u00e9cor\u00e9 d&#039;un bracelet avec le slogan &quot;Say no More&quot; pour annoncer le retour sur sc\u00e8ne du musicien Charly Garcia, et \u00e0 certaines occasions il a \u00e9t\u00e9 illumin\u00e9 pour comm\u00e9morer des dates importantes.<\/p>\n\n\n\n<p class=\"wp-block-paragraph\">Certaines de ces interventions ont suscit\u00e9 les controverses les plus vives, et peut-\u00eatre celle qui a caus\u00e9 le plus de surprise en raison de son originalit\u00e9, est celle r\u00e9alis\u00e9e en 2015 par l&#039;artiste Leandro Erlich, qui a tent\u00e9 de cr\u00e9er l&#039;illusion que l&#039;apex avait \u00e9t\u00e9 enlev\u00e9 ; Pour ce faire, le monument a \u00e9t\u00e9 recouvert d&#039;un rev\u00eatement en fer qui simulait son b\u00e9ton, tandis qu&#039;une r\u00e9plique du sommet se trouvait au Mus\u00e9e d&#039;art latino-am\u00e9ricain de Buenos Aires (Malba), de ses fen\u00eatres les vues r\u00e9elles de l&#039;ob\u00e9lisque simulant le visiteur d&#039;\u00eatre \u00e0 son apog\u00e9e. Selon les mots de l&#039;artiste, le fantasme de conna\u00eetre l&#039;ob\u00e9lisque de l&#039;int\u00e9rieur a \u00e9t\u00e9 g\u00e9n\u00e9r\u00e9, car il est toujours vu de l&#039;ext\u00e9rieur et d&#039;en bas.<\/p>\n\n\n\n<div class=\"wp-block-image\"><figure class=\"aligncenter size-large\"><img decoding=\"async\" src=\"https:\/\/blog.argxp.com\/wp-content\/uploads\/2025\/05\/5f3d9832-dfda-47ce-963b-3cce6dfd1f9f-1-800x533.jpg\" alt=\"entretien de l&#039;ob\u00e9lisque\" class=\"wp-image-85474\"\/><\/figure><\/div>\n\n\n\n<p class=\"wp-block-paragraph\">R\u00e9guli\u00e8rement, des t\u00e2ches d&#039;entretien des b\u00e2timents sont effectu\u00e9es par le minist\u00e8re de l&#039;Espace public et de l&#039;Hygi\u00e8ne urbaine du gouvernement de la ville, qui a les &quot;cl\u00e9s de l&#039;ob\u00e9lisque&quot; et autorise toute entr\u00e9e, car certaines mesures de s\u00e9curit\u00e9 sont n\u00e9cessaires (harnais d&#039;escalade , cordes de s\u00e9curit\u00e9, gants , casques) Ainsi, seuls quelques m\u00e9dias nationaux et \u00e9trangers l&#039;ont visit\u00e9 pour le montrer \u00e0 l&#039;int\u00e9rieur.<\/p>\n\n\n\n<p class=\"wp-block-paragraph\">Le grand public peut-il le visiter \u00e0 l&#039;int\u00e9rieur ? Seulement \u00e0 des occasions exceptionnelles, l&#039;une d&#039;elles \u00e9tait lorsque l&#039;ob\u00e9lisque a eu 75 ans et que 75 voisins des 15 000 inscrits ont \u00e9t\u00e9 autoris\u00e9s \u00e0 le c\u00e9l\u00e9brer.<\/p>\n\n\n\n<p class=\"wp-block-paragraph\">Puis, le jour du 80e anniversaire, ils ont \u00e9t\u00e9 invit\u00e9s via les r\u00e9seaux sociaux \u00e0 participer \u00e0 l&#039;exp\u00e9rience, et sur les 21 143 inscrits, quatre-vingts participations ont \u00e9t\u00e9 tir\u00e9es au sort.<\/p>\n\n\n\n<p class=\"wp-block-paragraph\">Dans les prochains jours et \u00e0 l&#039;occasion de son 86e anniversaire, le public \u00e9tait \u00e9galement invit\u00e9, \u00e0 travers les m\u00e9dias et les r\u00e9seaux sociaux, \u00e0 participer \u00e0 la s\u00e9lection pour effectuer la visite.Cet \u00e9v\u00e9nement, comme pr\u00e9vu, sera relay\u00e9 par la presse.<\/p>\n\n\n\n<div class=\"wp-block-image\"><figure class=\"aligncenter size-large\"><img decoding=\"async\" src=\"https:\/\/blog.argxp.com\/wp-content\/uploads\/2025\/05\/50dafb22-ece9-4f87-9a30-776963e06ce9-800x785.jpg\" alt=\"Ob\u00e9lisque\" class=\"wp-image-85475\"\/><\/figure><\/div>\n\n\n\n<p class=\"wp-block-paragraph\">L&#039;ob\u00e9lisque \u00e9tait plus qu&#039;une carte postale de la ville, pr\u00e9sente dans les moments les plus heureux et dans les revendications les plus affligeantes, parfois de River et d&#039;autres de Boca, mais toujours de l&#039;\u00e9quipe nationale, elle c\u00e9l\u00e9brait la d\u00e9mocratie et le bicentenaire comme d\u00e9j\u00e0 Tout au long de son histoire, elle a \u00e9t\u00e9 le centre incontest\u00e9 de l&#039;expression populaire.<\/p>","protected":false},"featured_media":85467,"template":"","blog-categoria":[43],"class_list":["post-85466","blog","type-blog","status-publish","has-post-thumbnail","hentry","blog-categoria-historia-e-historias"],"yoast_head":"<!-- This site is optimized with the Yoast SEO plugin v28.4 - https:\/\/yoast.com\/product\/yoast-seo-wordpress\/ -->\n<title>Los 86 a\u00f1os del Obelisco de Buenos Aires - Blog<\/title>\n<meta name=\"robots\" content=\"noindex, follow, max-snippet:-1, max-image-preview:large, max-video-preview:-1\" \/>\n<meta property=\"og:locale\" content=\"fr_FR\" \/>\n<meta property=\"og:type\" content=\"article\" \/>\n<meta property=\"og:title\" content=\"Los 86 a\u00f1os del Obelisco de Buenos Aires - Blog\" \/>\n<meta property=\"og:description\" content=\"El obelisco es considerado un icono de la Ciudad de Buenos Aires, en las postales que recorren el mundo, los pa\u00edses seducen con las im\u00e1genes de sus construcciones m\u00e1s emblem\u00e1ticas; Par\u00eds con la Torre Eiffel, Londres con el Big Ben o Nueva York con la Estatua de la Libertad, una de esas im\u00e1genes de Argentina [&hellip;]\" \/>\n<meta property=\"og:url\" content=\"https:\/\/blog.argxp.com\/fr\/blog\/los-86-anos-del-obelisco-de-buenos-aires\/\" \/>\n<meta property=\"og:site_name\" content=\"Blog\" \/>\n<meta name=\"twitter:card\" content=\"summary_large_image\" \/>\n<meta name=\"twitter:label1\" content=\"Dur\u00e9e de lecture estim\u00e9e\" \/>\n\t<meta name=\"twitter:data1\" content=\"9 minutes\" \/>\n<script type=\"application\/ld+json\" class=\"yoast-schema-graph\">{\"@context\":\"https:\\\/\\\/schema.org\",\"@graph\":[{\"@type\":\"WebPage\",\"@id\":\"https:\\\/\\\/blog.argxp.com\\\/it\\\/blog\\\/los-86-anos-del-obelisco-de-buenos-aires\\\/\",\"url\":\"https:\\\/\\\/blog.argxp.com\\\/it\\\/blog\\\/los-86-anos-del-obelisco-de-buenos-aires\\\/\",\"name\":\"Los 86 a\u00f1os del Obelisco de Buenos Aires - Blog\",\"isPartOf\":{\"@id\":\"http:\\\/\\\/blog.argxp.com\\\/#website\"},\"primaryImageOfPage\":{\"@id\":\"https:\\\/\\\/blog.argxp.com\\\/it\\\/blog\\\/los-86-anos-del-obelisco-de-buenos-aires\\\/#primaryimage\"},\"image\":{\"@id\":\"https:\\\/\\\/blog.argxp.com\\\/it\\\/blog\\\/los-86-anos-del-obelisco-de-buenos-aires\\\/#primaryimage\"},\"thumbnailUrl\":\"\",\"datePublished\":\"2022-06-27T02:06:16+00:00\",\"breadcrumb\":{\"@id\":\"https:\\\/\\\/blog.argxp.com\\\/it\\\/blog\\\/los-86-anos-del-obelisco-de-buenos-aires\\\/#breadcrumb\"},\"inLanguage\":\"fr-FR\",\"potentialAction\":[{\"@type\":\"ReadAction\",\"target\":[\"https:\\\/\\\/blog.argxp.com\\\/it\\\/blog\\\/los-86-anos-del-obelisco-de-buenos-aires\\\/\"]}]},{\"@type\":\"ImageObject\",\"inLanguage\":\"fr-FR\",\"@id\":\"https:\\\/\\\/blog.argxp.com\\\/it\\\/blog\\\/los-86-anos-del-obelisco-de-buenos-aires\\\/#primaryimage\",\"url\":\"\",\"contentUrl\":\"\"},{\"@type\":\"BreadcrumbList\",\"@id\":\"https:\\\/\\\/blog.argxp.com\\\/it\\\/blog\\\/los-86-anos-del-obelisco-de-buenos-aires\\\/#breadcrumb\",\"itemListElement\":[{\"@type\":\"ListItem\",\"position\":1,\"name\":\"Portada\",\"item\":\"http:\\\/\\\/blog.argxp.com\\\/\"},{\"@type\":\"ListItem\",\"position\":2,\"name\":\"Los 86 a\u00f1os del Obelisco de Buenos Aires\"}]},{\"@type\":\"WebSite\",\"@id\":\"http:\\\/\\\/blog.argxp.com\\\/#website\",\"url\":\"http:\\\/\\\/blog.argxp.com\\\/\",\"name\":\"Blog\",\"description\":\"\",\"potentialAction\":[{\"@type\":\"SearchAction\",\"target\":{\"@type\":\"EntryPoint\",\"urlTemplate\":\"http:\\\/\\\/blog.argxp.com\\\/?s={search_term_string}\"},\"query-input\":{\"@type\":\"PropertyValueSpecification\",\"valueRequired\":true,\"valueName\":\"search_term_string\"}}],\"inLanguage\":\"fr-FR\"}]}<\/script>\n<!-- \/ Yoast SEO plugin. -->","yoast_head_json":{"title":"Los 86 a\u00f1os del Obelisco de Buenos Aires - Blog","robots":{"index":"noindex","follow":"follow","max-snippet":"max-snippet:-1","max-image-preview":"max-image-preview:large","max-video-preview":"max-video-preview:-1"},"og_locale":"fr_FR","og_type":"article","og_title":"Los 86 a\u00f1os del Obelisco de Buenos Aires - Blog","og_description":"El obelisco es considerado un icono de la Ciudad de Buenos Aires, en las postales que recorren el mundo, los pa\u00edses seducen con las im\u00e1genes de sus construcciones m\u00e1s emblem\u00e1ticas; Par\u00eds con la Torre Eiffel, Londres con el Big Ben o Nueva York con la Estatua de la Libertad, una de esas im\u00e1genes de Argentina [&hellip;]","og_url":"https:\/\/blog.argxp.com\/fr\/blog\/los-86-anos-del-obelisco-de-buenos-aires\/","og_site_name":"Blog","twitter_card":"summary_large_image","twitter_misc":{"Dur\u00e9e de lecture estim\u00e9e":"9 minutes"},"schema":{"@context":"https:\/\/schema.org","@graph":[{"@type":"WebPage","@id":"https:\/\/blog.argxp.com\/it\/blog\/los-86-anos-del-obelisco-de-buenos-aires\/","url":"https:\/\/blog.argxp.com\/it\/blog\/los-86-anos-del-obelisco-de-buenos-aires\/","name":"Los 86 a\u00f1os del Obelisco de Buenos Aires - Blog","isPartOf":{"@id":"http:\/\/blog.argxp.com\/#website"},"primaryImageOfPage":{"@id":"https:\/\/blog.argxp.com\/it\/blog\/los-86-anos-del-obelisco-de-buenos-aires\/#primaryimage"},"image":{"@id":"https:\/\/blog.argxp.com\/it\/blog\/los-86-anos-del-obelisco-de-buenos-aires\/#primaryimage"},"thumbnailUrl":"","datePublished":"2022-06-27T02:06:16+00:00","breadcrumb":{"@id":"https:\/\/blog.argxp.com\/it\/blog\/los-86-anos-del-obelisco-de-buenos-aires\/#breadcrumb"},"inLanguage":"fr-FR","potentialAction":[{"@type":"ReadAction","target":["https:\/\/blog.argxp.com\/it\/blog\/los-86-anos-del-obelisco-de-buenos-aires\/"]}]},{"@type":"ImageObject","inLanguage":"fr-FR","@id":"https:\/\/blog.argxp.com\/it\/blog\/los-86-anos-del-obelisco-de-buenos-aires\/#primaryimage","url":"","contentUrl":""},{"@type":"BreadcrumbList","@id":"https:\/\/blog.argxp.com\/it\/blog\/los-86-anos-del-obelisco-de-buenos-aires\/#breadcrumb","itemListElement":[{"@type":"ListItem","position":1,"name":"Portada","item":"http:\/\/blog.argxp.com\/"},{"@type":"ListItem","position":2,"name":"Los 86 a\u00f1os del Obelisco de Buenos Aires"}]},{"@type":"WebSite","@id":"http:\/\/blog.argxp.com\/#website","url":"http:\/\/blog.argxp.com\/","name":"Blog","description":"","potentialAction":[{"@type":"SearchAction","target":{"@type":"EntryPoint","urlTemplate":"http:\/\/blog.argxp.com\/?s={search_term_string}"},"query-input":{"@type":"PropertyValueSpecification","valueRequired":true,"valueName":"search_term_string"}}],"inLanguage":"fr-FR"}]}},"_links":{"self":[{"href":"https:\/\/blog.argxp.com\/fr\/wp-json\/wp\/v2\/blog\/85466","targetHints":{"allow":["GET"]}}],"collection":[{"href":"https:\/\/blog.argxp.com\/fr\/wp-json\/wp\/v2\/blog"}],"about":[{"href":"https:\/\/blog.argxp.com\/fr\/wp-json\/wp\/v2\/types\/blog"}],"wp:attachment":[{"href":"https:\/\/blog.argxp.com\/fr\/wp-json\/wp\/v2\/media?parent=85466"}],"wp:term":[{"taxonomy":"blog-categoria","embeddable":true,"href":"https:\/\/blog.argxp.com\/fr\/wp-json\/wp\/v2\/blog-categoria?post=85466"}],"curies":[{"name":"wp","href":"https:\/\/api.w.org\/{rel}","templated":true}]}}