{"id":88240,"date":"2022-07-31T19:36:34","date_gmt":"2022-07-31T22:36:34","guid":{"rendered":"https:\/\/argentinaxp.com\/?post_type=blog&#038;p=88240"},"modified":"2022-07-31T19:36:34","modified_gmt":"2022-07-31T22:36:34","slug":"marca-personal","status":"publish","type":"blog","link":"https:\/\/blog.argxp.com\/fr\/blog\/marca-personal\/","title":{"rendered":"La &quot;marque personnelle&quot; et son importance. Qu&#039;est-ce que beaucoup"},"content":{"rendered":"<p class=\"wp-block-paragraph\">Aujourd&#039;hui, la &quot;marque personnelle&quot; peut faire la diff\u00e9rence. Que vous souhaitiez proposer vos services \u00e0 de nouveaux clients, ou que vous souhaitiez fid\u00e9liser ceux que vous avez d\u00e9j\u00e0, l&#039;id\u00e9e de &quot;personal branding&quot; est aujourd&#039;hui un concept de la plus haute importance dans tous les domaines de l&#039;activit\u00e9 humaine et notamment dans les relations personnelles. Il n&#039;est jamais indiff\u00e9rent.<br \/>Voyons de quoi il s&#039;agit :<br \/>Il s&#039;agit de montrer pourquoi nous choisir est ce que notre employeur ou client potentiel peut faire de mieux, et avec cela nous mettons en jeu les atouts les plus importants que nous poss\u00e9dons : notre nom, nos comp\u00e9tences et connaissances, et notre r\u00e9putation.<br \/>C&#039;est ce que nous devons mettre en avant lorsque nous voulons nous faire conna\u00eetre, dire au monde que nous existons et combien nous valons. La marque personnelle n&#039;est ni plus ni moins que la marque que nous laisserons sur les autres. Dit un peu plus pr\u00e9tentieusement, il s&#039;agit de d\u00e9finir notre objectif et de transcender ce que nous faisons chez les autres. Rien de simple, semble-t-il.<\/p>\n\n\n\n<h2 class=\"wp-block-heading\" id=\"h-y-como-crear-marca\">Et comment cr\u00e9er une marque ?<\/h2>\n\n\n\n<p class=\"wp-block-paragraph\">La grande r\u00e9f\u00e9rence du marketing en espagnol, Vilma N\u00fa\u00f1ez, conseille de suivre ces \u00e9tapes pour cr\u00e9er une marque personnelle, robuste et saine. Vous devez vous poser quelques questions :<br \/>*Premi\u00e8rement, d\u00e9finissez le nom que portera la marque personnelle ; Il peut s&#039;agir d&#039;un pr\u00e9nom seul ou + nom de famille, ou d&#039;un nom fantaisiste.<br \/>*Ensuite, choisissez les mots-cl\u00e9s qui d\u00e9finiront la marque personnelle du professionnel ou de l&#039;entreprise.<br \/>*Vous devez cr\u00e9er un message qui transmettra cette marque personnelle. Par exemple, dans le cas d&#039;une escorte, une proposition de valeur : &quot;Un excellent service, parfait pour les messieurs les plus exigeants, qui vous fera revenir tr\u00e8s vite et me recommander.&quot;<br \/>*Nous devons consid\u00e9rer quelles valeurs seront proclam\u00e9es, celles qui doivent \u00eatre pr\u00e9sentes dans la conception du nouvel embl\u00e8me. Par exemple : s\u00e9rieux, professionnalisme, exp\u00e9rience, discr\u00e9tion.<br \/>*Le ton de communication qui sera utilis\u00e9 est tr\u00e8s important, qu&#039;il soit formel ou familier. Nous recommandons ce dernier, mais sans tomber dans le vulgaire.<\/p>\n\n\n\n<h2 class=\"wp-block-heading\" id=\"h-y-no-olvides-que\">Et n&#039;oubliez pas que...<\/h2>\n\n\n\n<p class=\"wp-block-paragraph\">*Il est essentiel de traiter avec soin l&#039;image et le design que la marque aura (typographies, logos, couleurs, etc.). Ne le laissez pas entre les mains d&#039;amateurs, ou ne vous tournez pas vers le &quot;manager ni\u00e8ce&quot; qui ne manque jamais (ce gars\/parent ou connaissance qui &quot;se fait un truc&quot; avec le design et la technologie). D\u00e8s que vous le pouvez, tournez-vous vers des professionnels de l&#039;image, car c&#039;est un investissement sur vous-m\u00eame !<br \/>*Vous devez s\u00e9lectionner les canaux o\u00f9 votre marque personnelle circulera. R\u00e9seaux sociaux, plateformes et sites de contact, forums, emails, etc. Ils peuvent \u00eatre tout ou partie\u00a0; il est essentiel de le d\u00e9finir.<br \/>*Vous devez cr\u00e9er un calendrier \u00e9ditorial pour d\u00e9finir les actions \u00e0 mener et que tout ait un ordre, surtout si vous pr\u00e9voyez d&#039;ajouter des services ou des d\u00e9placements. Si vous allez promouvoir votre marque personnelle sur les r\u00e9seaux sociaux, il est indiqu\u00e9 d&#039;avoir un calendrier de contenu \u00e0 y publier p\u00e9riodiquement.<br \/>*D\u00e9finir les actions sp\u00e9ciales\u00a0; par exemple : vid\u00e9os, participation \u00e0 des \u00e9v\u00e9nements, voyages, productions photographiques, et voir sur quels canaux les diffuser.<\/p>\n\n\n\n<h2 class=\"wp-block-heading\" id=\"h-la-herramienta-fundamental-del-branding-el-storytelling\">La herramienta fundamental del branding: El \u00abStorytelling\u00bb<\/h2>\n\n\n\n<p class=\"wp-block-paragraph\">C&#039;est raconter votre histoire d&#039;une mani\u00e8re int\u00e9ressante, coh\u00e9rente, soign\u00e9e, si possible \u00e9crite ou au moins revue par un professionnel de l&#039;\u00e9criture. Ici, je vous laisse l&#039;exemple d&#039;un coll\u00e8gue, <a href=\"https:\/\/argentinaxp.com\/blog\/ashly-tu-guia-sexual\/\">Ashley<\/a>.<br \/>L&#039;importance de la narration dans la construction de la marque est tout simplement TOUT. Et nous n&#039;exag\u00e9rons pas. Nous, les humains, avons racont\u00e9 des histoires depuis que nous sommes apparus sur la face de la terre, et tout ce qui existe ou existera a \u00e9t\u00e9 cr\u00e9\u00e9 pour raconter une histoire.<br \/>Nous d\u00e9finissons la narration comme la technique et la capacit\u00e9 de raconter une histoire particuli\u00e8re qui parle d&#039;une personne, d&#039;une organisation ou d&#039;une famille.<br \/>C&#039;est construire un r\u00e9cit ing\u00e9nieux qui fait appel \u00e0 la fois \u00e0 la r\u00e9alit\u00e9 et \u00e0 l&#039;imaginaire de ceux qui l&#039;\u00e9coutent ou le lisent, capable de transmettre leurs pr\u00e9occupations et pr\u00e9occupations, ainsi que leurs id\u00e9es et r\u00e9alisations.<br \/>Pour \u00e9laborer ce type d&#039;histoires, il faut de la sensibilit\u00e9, de l&#039;habilet\u00e9 et un langage expressif riche. Et tout cela pour atteindre l&#039;empathie : \u00eatre honn\u00eate avec soi-m\u00eame, ne faire qu&#039;un avec le public et, surtout, montrer de la passion pour ce que nous faisons.<br \/>Le Storytelling appliqu\u00e9 au personal branding a pour finalit\u00e9 :<br \/>*Faire conna\u00eetre<br \/>* aider et expliquer<br \/>*Pr\u00e9server<br \/>* Et surtout captiver. C&#039;est la seule fa\u00e7on pour que les marques personnelles et les histoires qui les sous-tendent restent ancr\u00e9es dans la m\u00e9moire des gens.<br \/>Par cons\u00e9quent, rien de mieux que de pratiquer un bon Storytelling pour cr\u00e9er une image solide, m\u00e9morable et aimable qui vous identifie et parvient \u00e0 attirer des clients qui seront plus tard des recommandataires enthousiastes.<\/p>","protected":false},"featured_media":115978,"template":"","blog-categoria":[40],"class_list":["post-88240","blog","type-blog","status-publish","has-post-thumbnail","hentry","blog-categoria-estilo-vida"],"yoast_head":"<!-- This site is optimized with the Yoast SEO plugin v28.4 - https:\/\/yoast.com\/product\/yoast-seo-wordpress\/ -->\n<title>Marca personal branding y storytelling<\/title>\n<meta name=\"description\" content=\"&quot;Marca personal&quot; no es solo cuidar la propia imagen. Es un proceso que debe ser desarrollado paso a paso y con asesores expertos.\" \/>\n<meta name=\"robots\" content=\"noindex, follow, max-snippet:-1, max-image-preview:large, max-video-preview:-1\" \/>\n<meta property=\"og:locale\" content=\"fr_FR\" \/>\n<meta property=\"og:type\" content=\"article\" \/>\n<meta property=\"og:title\" content=\"Marca personal branding y storytelling\" \/>\n<meta property=\"og:description\" content=\"&quot;Marca personal&quot; no es solo cuidar la propia imagen. Es un proceso que debe ser desarrollado paso a paso y con asesores expertos.\" \/>\n<meta property=\"og:url\" content=\"https:\/\/blog.argxp.com\/fr\/blog\/marca-personal\/\" \/>\n<meta property=\"og:site_name\" content=\"Blog\" \/>\n<meta name=\"twitter:card\" content=\"summary_large_image\" \/>\n<meta name=\"twitter:label1\" content=\"Dur\u00e9e de lecture estim\u00e9e\" \/>\n\t<meta name=\"twitter:data1\" content=\"4 minutes\" \/>\n<script type=\"application\/ld+json\" class=\"yoast-schema-graph\">{\"@context\":\"https:\\\/\\\/schema.org\",\"@graph\":[{\"@type\":\"WebPage\",\"@id\":\"https:\\\/\\\/blog.argxp.com\\\/it\\\/blog\\\/marca-personal\\\/\",\"url\":\"https:\\\/\\\/blog.argxp.com\\\/it\\\/blog\\\/marca-personal\\\/\",\"name\":\"Marca personal branding y storytelling\",\"isPartOf\":{\"@id\":\"http:\\\/\\\/blog.argxp.com\\\/#website\"},\"primaryImageOfPage\":{\"@id\":\"https:\\\/\\\/blog.argxp.com\\\/it\\\/blog\\\/marca-personal\\\/#primaryimage\"},\"image\":{\"@id\":\"https:\\\/\\\/blog.argxp.com\\\/it\\\/blog\\\/marca-personal\\\/#primaryimage\"},\"thumbnailUrl\":\"\",\"datePublished\":\"2022-07-31T22:36:34+00:00\",\"description\":\"\\\"Marca personal\\\" no es solo cuidar la propia imagen. Es un proceso que debe ser desarrollado paso a paso y con asesores expertos.\",\"breadcrumb\":{\"@id\":\"https:\\\/\\\/blog.argxp.com\\\/it\\\/blog\\\/marca-personal\\\/#breadcrumb\"},\"inLanguage\":\"fr-FR\",\"potentialAction\":[{\"@type\":\"ReadAction\",\"target\":[\"https:\\\/\\\/blog.argxp.com\\\/it\\\/blog\\\/marca-personal\\\/\"]}]},{\"@type\":\"ImageObject\",\"inLanguage\":\"fr-FR\",\"@id\":\"https:\\\/\\\/blog.argxp.com\\\/it\\\/blog\\\/marca-personal\\\/#primaryimage\",\"url\":\"\",\"contentUrl\":\"\"},{\"@type\":\"BreadcrumbList\",\"@id\":\"https:\\\/\\\/blog.argxp.com\\\/it\\\/blog\\\/marca-personal\\\/#breadcrumb\",\"itemListElement\":[{\"@type\":\"ListItem\",\"position\":1,\"name\":\"Portada\",\"item\":\"http:\\\/\\\/blog.argxp.com\\\/\"},{\"@type\":\"ListItem\",\"position\":2,\"name\":\"La \u00abMarca personal\u00bb y su importancia. Qu\u00e9 es mucha.\"}]},{\"@type\":\"WebSite\",\"@id\":\"http:\\\/\\\/blog.argxp.com\\\/#website\",\"url\":\"http:\\\/\\\/blog.argxp.com\\\/\",\"name\":\"Blog\",\"description\":\"\",\"potentialAction\":[{\"@type\":\"SearchAction\",\"target\":{\"@type\":\"EntryPoint\",\"urlTemplate\":\"http:\\\/\\\/blog.argxp.com\\\/?s={search_term_string}\"},\"query-input\":{\"@type\":\"PropertyValueSpecification\",\"valueRequired\":true,\"valueName\":\"search_term_string\"}}],\"inLanguage\":\"fr-FR\"}]}<\/script>\n<!-- \/ Yoast SEO plugin. -->","yoast_head_json":{"title":"Image de marque personnelle et narration","description":"La \u00ab\u00a0marque personnelle\u00a0\u00bb ne consiste pas seulement \u00e0 prendre soin de sa propre image. C&#039;est un processus qui doit \u00eatre d\u00e9velopp\u00e9 \u00e9tape par \u00e9tape et avec des conseillers experts.","robots":{"index":"noindex","follow":"follow","max-snippet":"max-snippet:-1","max-image-preview":"max-image-preview:large","max-video-preview":"max-video-preview:-1"},"og_locale":"fr_FR","og_type":"article","og_title":"Marca personal branding y storytelling","og_description":"\"Marca personal\" no es solo cuidar la propia imagen. Es un proceso que debe ser desarrollado paso a paso y con asesores expertos.","og_url":"https:\/\/blog.argxp.com\/fr\/blog\/marca-personal\/","og_site_name":"Blog","twitter_card":"summary_large_image","twitter_misc":{"Dur\u00e9e de lecture estim\u00e9e":"4 minutes"},"schema":{"@context":"https:\/\/schema.org","@graph":[{"@type":"WebPage","@id":"https:\/\/blog.argxp.com\/it\/blog\/marca-personal\/","url":"https:\/\/blog.argxp.com\/it\/blog\/marca-personal\/","name":"Image de marque personnelle et narration","isPartOf":{"@id":"http:\/\/blog.argxp.com\/#website"},"primaryImageOfPage":{"@id":"https:\/\/blog.argxp.com\/it\/blog\/marca-personal\/#primaryimage"},"image":{"@id":"https:\/\/blog.argxp.com\/it\/blog\/marca-personal\/#primaryimage"},"thumbnailUrl":"","datePublished":"2022-07-31T22:36:34+00:00","description":"La \u00ab\u00a0marque personnelle\u00a0\u00bb ne consiste pas seulement \u00e0 prendre soin de sa propre image. C&#039;est un processus qui doit \u00eatre d\u00e9velopp\u00e9 \u00e9tape par \u00e9tape et avec des conseillers experts.","breadcrumb":{"@id":"https:\/\/blog.argxp.com\/it\/blog\/marca-personal\/#breadcrumb"},"inLanguage":"fr-FR","potentialAction":[{"@type":"ReadAction","target":["https:\/\/blog.argxp.com\/it\/blog\/marca-personal\/"]}]},{"@type":"ImageObject","inLanguage":"fr-FR","@id":"https:\/\/blog.argxp.com\/it\/blog\/marca-personal\/#primaryimage","url":"","contentUrl":""},{"@type":"BreadcrumbList","@id":"https:\/\/blog.argxp.com\/it\/blog\/marca-personal\/#breadcrumb","itemListElement":[{"@type":"ListItem","position":1,"name":"Portada","item":"http:\/\/blog.argxp.com\/"},{"@type":"ListItem","position":2,"name":"La \u00abMarca personal\u00bb y su importancia. Qu\u00e9 es mucha."}]},{"@type":"WebSite","@id":"http:\/\/blog.argxp.com\/#website","url":"http:\/\/blog.argxp.com\/","name":"Blog","description":"","potentialAction":[{"@type":"SearchAction","target":{"@type":"EntryPoint","urlTemplate":"http:\/\/blog.argxp.com\/?s={search_term_string}"},"query-input":{"@type":"PropertyValueSpecification","valueRequired":true,"valueName":"search_term_string"}}],"inLanguage":"fr-FR"}]}},"_links":{"self":[{"href":"https:\/\/blog.argxp.com\/fr\/wp-json\/wp\/v2\/blog\/88240","targetHints":{"allow":["GET"]}}],"collection":[{"href":"https:\/\/blog.argxp.com\/fr\/wp-json\/wp\/v2\/blog"}],"about":[{"href":"https:\/\/blog.argxp.com\/fr\/wp-json\/wp\/v2\/types\/blog"}],"wp:attachment":[{"href":"https:\/\/blog.argxp.com\/fr\/wp-json\/wp\/v2\/media?parent=88240"}],"wp:term":[{"taxonomy":"blog-categoria","embeddable":true,"href":"https:\/\/blog.argxp.com\/fr\/wp-json\/wp\/v2\/blog-categoria?post=88240"}],"curies":[{"name":"wp","href":"https:\/\/api.w.org\/{rel}","templated":true}]}}