{"id":76187,"date":"2022-03-21T09:21:56","date_gmt":"2022-03-21T12:21:56","guid":{"rendered":"https:\/\/argentinaxp.com\/?post_type=blog&#038;p=76187"},"modified":"2022-03-21T09:21:56","modified_gmt":"2022-03-21T12:21:56","slug":"raquel-liberman-historia-de-una-mujer-que-fue-simbolo-de-la-lucha-contra-la-trata","status":"publish","type":"blog","link":"https:\/\/blog.argxp.com\/it\/blog\/raquel-liberman-historia-de-una-mujer-que-fue-simbolo-de-la-lucha-contra-la-trata\/","title":{"rendered":"Raquel Liberman: Storia di una donna simbolo della lotta alla tratta"},"content":{"rendered":"<p class=\"wp-block-paragraph\"><strong>Rachel Libermann<\/strong> mor\u00ec nel 1935. Il cancro alla tiroide l&#039;aveva consumata. Non parlava pi\u00f9. L&#039;agonia fu breve ma molto dolorosa. Prima che si ammalasse, anche il suo aspetto non era buono. Aveva 35 anni, ma sembrava essere sulla cinquantina. Era una persona esausta, distrutta. Con un passato che non l&#039;ha abbandonata, con un dolore perpetuo che l&#039;attraversa. Tuttavia, era una donna tranquilla. Aveva lottato, non si era arreso nonostante le circostanze avverse e aveva vinto. Contro ogni previsione.<\/p>\n\n\n\n<figure class=\"wp-block-gallery has-nested-images columns-default is-cropped wp-block-gallery-1 is-layout-flex wp-block-gallery-is-layout-flex\">\n<figure class=\"wp-block-image size-large\"><img decoding=\"async\" data-id=\"76189\" src=\"https:\/\/blog.argxp.com\/wp-content\/uploads\/2025\/05\/pasaporte-raquel-liberman.jpg\" alt=\"\" class=\"wp-image-76189\"\/><\/figure>\n\n\n\n<figure class=\"wp-block-image size-large\"><img decoding=\"async\" data-id=\"76191\" src=\"https:\/\/blog.argxp.com\/wp-content\/uploads\/2025\/05\/raquel-liberman-prostituta-800x450.jpg\" alt=\"\" class=\"wp-image-76191\"\/><\/figure>\n\n\n\n<figure class=\"wp-block-image size-large\"><img decoding=\"async\" data-id=\"76190\" src=\"https:\/\/blog.argxp.com\/wp-content\/uploads\/2025\/05\/tumba-raquel-liberman.jpg\" alt=\"\" class=\"wp-image-76190\"\/><\/figure>\n\n\n\n<figure class=\"wp-block-image size-large\"><img decoding=\"async\" data-id=\"76192\" src=\"https:\/\/blog.argxp.com\/wp-content\/uploads\/2025\/05\/zwi-migdal-800x533.png\" alt=\"\" class=\"wp-image-76192\"\/><\/figure>\n<\/figure>\n\n\n\n<p class=\"wp-block-paragraph\"><strong>Ruchla Laja Libermann<\/strong> Era nato il 10 luglio 1900 a Berdichev, l&#039;attuale Ucraina. Da bambina emigr\u00f2 con i suoi genitori a Varsavia, dove trascorse pi\u00f9 di due terzi della sua breve vita. Nel 1919 spos\u00f2 Iaacov Ferber e l&#039;anno successivo ebbero il loro primo figlio, Joshu\u00e9. Nel 1921, quando era incinta del suo secondo figlio, suo marito emigr\u00f2 in Argentina in cerca di lavoro. Ma i suoi ultimi anni (e il nome che ha adottato durante di essi) sono ci\u00f2 che gli ha dato l&#039;immortalit\u00e0. Il suo destino era passare inosservato, essere sottomessa, una vittima in pi\u00f9, come tante migliaia di altre. Ma lei ha rifiutato, si \u00e8 ribellata. E con un coraggio insolito, si \u00e8 opposto ai suoi sfruttatori.<\/p>\n\n\n\n<p class=\"wp-block-paragraph\">Ha ispirato -con molte licenze storiche- il personaggio interpretato da Eugenia La China Su\u00e1rez in Argentina, terra di amore e vendetta.<br \/>All&#039;inizio del secolo scorso, la vita in Polonia era molto dura. Fame, bisogni e pogrom. Per i giovani ebrei ogni uscita sembrava allettante, ogni altra destinazione al mondo offriva illusione.<\/p>\n\n\n\n<p class=\"wp-block-paragraph\">Ruchla como tantas otras j\u00f3venes polacas jud\u00edas parti\u00f3 hacia Argentina buscando un futuro mejor, escapar a la miseria. Pero su historia no es igual a la de las dem\u00e1s. \u00abLa Polaca\u00bb emigr\u00f3 a la Argentina en 1922 junto a dos peque\u00f1os hijos -Josu\u00e9 de dos a\u00f1os y Mois\u00e9s de meses- para reunirse con su esposo, que la esperaba en la localidad bonaerense de Tapalqu\u00e9. Elke, la cu\u00f1ada de \u00abla Polaca\u00bb, era la madama de un burdel. \u00abNo se sabe si Raquel sab\u00eda de esto antes de llegar al pa\u00eds o si cre\u00eda que iba a trabajar ayudando a su marido, que era sastre, pero nunca hab\u00eda conseguido trabajo y viv\u00eda de su hermana.\u201d<\/p>\n\n\n\n<p class=\"wp-block-paragraph\">Poco dopo la tubercolosi caus\u00f2 la morte di Iaacov. Ruchla, che al suo arrivo in Argentina adott\u00f2 il nome di <strong>Rachel Libermann<\/strong>, (i nomi degli immigrati erano spagnoli) ha lasciato i suoi figli alle cure di persone di Tapalqu\u00e9 e si \u00e8 stabilita a Buenos Aires pronta a guadagnarsi da vivere. La prostituzione, segno del tempo, era una via quasi impossibile da evitare.<br \/>I ruffiani si sono trasferiti in tutta Buenos Aires. Erano di tutte le origini. Italiani, spagnoli, francesi, ebrei. L&#039;organizzazione che nel tempo acquist\u00f2 maggiore fama fu la Zwi Migdal, di origine ebraica polacca.<\/p>\n\n\n\n<p class=\"wp-block-paragraph\"><strong>Rachel Libermann<\/strong> ha lavorato per diversi anni nei bordelli dello Zwi Migdal. Il suo accordo era migliore del resto delle ragazze. Ha mantenuto una percentuale pi\u00f9 alta. Cos\u00ec, \u00e8 stato presto in grado di acquistare la sua libert\u00e0 a $1,500.<\/p>\n\n\n\n<p class=\"wp-block-paragraph\">Ha continuato a praticare da solo. Spos\u00f2 Jos\u00e9 Korn, considerato da molti un inviato degli Zwi Migdal per farla ricadere nelle loro grinfie. Nessuno riesce a liberarsi facilmente da queste associazioni mafiose. Quest&#039;uomo ha truffato Raquel. Ha acquistato una casa a suo nome con 60.000 pesos da lei, con una manovra fraudolenta. Korn ha installato in quella casa, come potrebbe essere altrimenti, un bordello. Raquel \u00e8 rimasta, ancora una volta, senza niente. E inizi\u00f2 la sua ricerca della giustizia.<\/p>\n\n\n\n<p class=\"wp-block-paragraph\">La rovina di quell&#039;emporio di prostituzione, che incassava milioni all&#039;anno, inizi\u00f2 in questa piccola truffa che il trentenne scassato decise di non perdonare. L&#039;ambizione e l&#039;impunit\u00e0 hanno perso lo Zwi Migdal. Si \u00e8 imbattuto in una donna decisa stanca delle vessazioni, un commissario di principio e un giudice che non \u00e8 caduto nella tentazione della venalit\u00e0.<br \/><br \/>Raquel ebbe la stessa sorte delle altre ragazze polacche: cedere la giovinezza a balordi e clienti, invecchiare prematuramente, annoiarsi della vita, ed essere sostituita da una pi\u00f9 giovane, forse di appena cinque anni pi\u00f9 giovane di lei, ma senza l&#039;evidente usura e lacrima., senza il rictus della sconfitta cesellato sul suo volto, senza i segni dello sfruttamento che solcano il suo corpo.<\/p>\n\n\n\n<p class=\"wp-block-paragraph\">La donna ha reclamato i suoi soldi. Quei soldi erano la sua indipendenza. Il paradosso \u00e8 che \u00e8 riuscita a porre fine all&#039;organizzazione dei ruffiani e ha voluto, con i suoi risparmi, diventare lei stessa una madam. Non hanno ascoltato le loro richieste. N\u00e9 il suo ex marito Korn n\u00e9 i direttori dello Zwi Migdal da cui \u00e8 andata. Poi ha denunciato la truffa, ma nessuno credeva che la Giustizia l&#039;avrebbe ascoltata. Chi presterebbe attenzione a una prostituta polacca? Che tipo di indagine non potrebbero fermare con delle tangenti tempestive?<br \/>Il commissario Julio Alsogaray, moralista e con fama di incorruttibilit\u00e0, ha ascoltato Raquel e ha iniziato a muoversi: dietro l&#039;organizzazione erano anni e si \u00e8 sempre scontrato con il muro del silenzio e della complicit\u00e0. Con nobilt\u00e0, Alsogaray ha avvertito Raquel dei rischi di ratificare le sue denunce. Raquel ha scelto di andare avanti. Ha trovato eco in un giudice onesto, il magistrato Manuel Rodr\u00edguez Ocampo.<\/p>\n\n\n\n<p class=\"wp-block-paragraph\">Affinch\u00e9 la denuncia prosperasse, Raquel ha mentito sulla sua origine. Voleva proteggere i suoi figli. Ha appena seguito il copione della leggenda. Ha raccontato di aver viaggiato sedotta da una ingannevole proposta di matrimonio e che quando \u00e8 sbarcata al porto \u00e8 stata rapita e costretta a prostituirsi.<\/p>\n\n\n\n<p class=\"wp-block-paragraph\">Como escribi\u00f3 Jorge Luis Borges sobre su Emma Zunz: \u00abLa historia era incre\u00edble, en efecto, pero se impuso a todos, porque sustancialmente era cierta. Verdadero era el tono, verdadero el pudor, verdadero el odio. Verdadero tambi\u00e9n era el ultraje que hab\u00eda padecido; solo eran falsas las circunstancias, la hora y uno o dos nombres propios.\u00bb<br \/><br \/>Raquel, que comenz\u00f3 solo reclamando su deuda, termin\u00f3 denunciando y describiendo el funcionamiento de la red criminal. La Zwi Migdal no pudo resistir el embate. El juez orden\u00f3 108 detenciones. La justicia de aquella \u00e9poca -en las v\u00edsperas de la llamada \u00abd\u00e9cada infame\u00bb-, a trav\u00e9s de la C\u00e1mara de Apelaciones, finalmente dej\u00f3 bajo el r\u00e9gimen de prisi\u00f3n preventiva a solamente tres miembros secundarios de la organizaci\u00f3n. Todos los dem\u00e1s, fueron liberados. Pero las circunstancias hicieron que el emporio de los rufianes fuera demolido.<br \/><br \/>L&#039;opinione pubblica diventava pi\u00f9 moralista (nel 1936 la prostituzione fu bandita: Raquel non lo vide mai, mor\u00ec l&#039;anno prima). L&#039;impatto delle notizie e del sensazionalismo gli ha dato un grande impatto e anche il fattore antisemita ha avuto un ruolo. Le reti di prostituzione pi\u00f9 grandi e consolidate sono state aggirate perch\u00e9 appartenevano ad altre comunit\u00e0.<br \/>Con la sua denuncia, Raquel aveva provocato la caduta dello Zwi Migdal. \u00c8 stata una conseguenza non voluta. Per anni si \u00e8 ripetuta la storia del viaggio, del matrimonio fraudolento, della truffa alla sua credulit\u00e0.<\/p>\n\n\n\n<p class=\"wp-block-paragraph\">Ad un certo punto, Raquel raggiunse i suoi figli e visse ancora per qualche anno a Buenos Aires. Si dice che volesse ottenere un passaporto per tornare a Varsavia, ma il viaggio in Polonia non ebbe mai luogo. Pochi mesi dopo, il 7 aprile 1935, fu ricoverata all&#039;ospedale Cosme Argerich dove mor\u00ec.<br \/>Erano passati tredici anni da quell&#039;arrivo a Buenos Aires. Se quel ritorno a Varsavia non fosse fallito, Jos\u00e9 e Mois\u00e9s sarebbero caduti nelle grinfie del nazismo che gi\u00e0 sorvolava la Germania e soprattutto la Polonia.<\/p>\n\n\n\n<p class=\"wp-block-paragraph\">I bambini avevano solo poche fotografie della madre, in cui era felice.<br \/>Questa donna che \u00e8 sfuggita alla povert\u00e0 in Polonia e ha viaggiato con speranza in Argentina, in cerca di un&#039;opportunit\u00e0, ha trovato qui morte, dolore, abusi e sfruttamento. Tuttavia, a modo suo, da sola, contro un&#039;intera epoca, \u00e8 stata incoraggiata a lottare, a lottare per ci\u00f2 che era suo. Questa \u00e8 la sua eredit\u00e0, anche se sfortunatamente non avrebbe saputo della legge sulla profilassi nazionale di cui era il seme.<br \/><br \/>En 2015, cuando se cumplieron 80 a\u00f1os de su muerte, colocaron una placa en su honor en el cementerio de Avellaneda. Durante la D\u00e9cada Infame se dec\u00eda que ese era \u00abel lugar para enterrar prostitutas y proxenetas\u00bb. No se sabe d\u00f3nde est\u00e1 su tumba porque los libros de las parcelas est\u00e1n en Israel. Pero s\u00ed que est\u00e1 junto a Iacoov.<br \/><br \/>Su historia de valent\u00eda trascendi\u00f3 en el tiempo. Se escribieron otros libros sobre la Polaca. La Subsecretar\u00eda de Derechos Humanos y Pluralismo Cultural de la ciudad de Buenos Aires entrega cada a\u00f1o el \u00ab<strong>Premio Raquel Libermann<\/strong>\u00bb a todas las personas y organizaciones no gubernamentales comprometidas con la protecci\u00f3n y\/o promoci\u00f3n de los derechos de las mujeres sobrevivientes de situaciones de violencia\u00bb, seg\u00fan dice la p\u00e1gina oficial de la Ciudad.<\/p>\n\n\n\n<p class=\"wp-block-paragraph\">Un progetto presentato alla Legislatura di Buenos Aires richiede che il nome di <strong>Rachel Libermann<\/strong> a la estaci\u00f3n Callao de la l\u00ednea D. La autora del proyecto, la legisladora de UCR-Evoluci\u00f3n Patricia Vischi dijo que \u00abnos pareci\u00f3 muy importante que fuera esta estaci\u00f3n del subte D porque la vida de <strong>Rachel Libermann<\/strong> se desarroll\u00f3 en esta zona, donde ella fue victimizada, pero tambi\u00e9n donde, cuando pudo recuperarse, pudo poner un comercio con mucho sacrificio para criar a sus hijos\u00bb.<br \/><br \/>Raccolta di testi da: Infobae, La Naci\u00f3n. Con i giornalisti, Ricercatore della Biblioteca Nazionale Jos\u00e9 Luis Scarsi. Myrtha Schalom nel suo libro La Polaca ha demolito tutte queste leggende con un formidabile lavoro di ricerca.<\/p>","protected":false},"featured_media":76188,"template":"","blog-categoria":[43],"class_list":["post-76187","blog","type-blog","status-publish","has-post-thumbnail","hentry","blog-categoria-historia-e-historias"],"yoast_head":"<!-- This site is optimized with the Yoast SEO plugin v28.4 - https:\/\/yoast.com\/product\/yoast-seo-wordpress\/ -->\n<title>Raquel Liberman: Historia de una mujer s\u00edmbolo de la lucha contra la trata<\/title>\n<meta name=\"description\" content=\"La polaca Raquel Liberman: La ca\u00edda de la Zwi Migdal. V\u00edctima de trata que se rehus\u00f3, se rebel\u00f3 y con coraje se plant\u00f3 ante sus explotadores.\" \/>\n<meta name=\"robots\" content=\"noindex, follow, max-snippet:-1, max-image-preview:large, max-video-preview:-1\" \/>\n<meta property=\"og:locale\" content=\"it_IT\" \/>\n<meta property=\"og:type\" content=\"article\" \/>\n<meta property=\"og:title\" content=\"Raquel Liberman: Historia de una mujer s\u00edmbolo de la lucha contra la trata\" \/>\n<meta property=\"og:description\" content=\"La polaca Raquel Liberman: La ca\u00edda de la Zwi Migdal. V\u00edctima de trata que se rehus\u00f3, se rebel\u00f3 y con coraje se plant\u00f3 ante sus explotadores.\" \/>\n<meta property=\"og:url\" content=\"https:\/\/blog.argxp.com\/it\/blog\/raquel-liberman-historia-de-una-mujer-que-fue-simbolo-de-la-lucha-contra-la-trata\/\" \/>\n<meta property=\"og:site_name\" content=\"Blog\" \/>\n<meta name=\"twitter:card\" content=\"summary_large_image\" \/>\n<meta name=\"twitter:label1\" content=\"Tempo di lettura stimato\" \/>\n\t<meta name=\"twitter:data1\" content=\"8 minuti\" \/>\n<script type=\"application\/ld+json\" class=\"yoast-schema-graph\">{\"@context\":\"https:\\\/\\\/schema.org\",\"@graph\":[{\"@type\":\"WebPage\",\"@id\":\"https:\\\/\\\/blog.argxp.com\\\/zh\\\/%e5%8d%9a%e5%ae%a2\\\/raquel-liberman-historia-de-una-mujer-que-fue-simbolo-de-la-lucha-contra-la-trata\\\/\",\"url\":\"https:\\\/\\\/blog.argxp.com\\\/zh\\\/%e5%8d%9a%e5%ae%a2\\\/raquel-liberman-historia-de-una-mujer-que-fue-simbolo-de-la-lucha-contra-la-trata\\\/\",\"name\":\"Raquel Liberman: Historia de una mujer s\u00edmbolo de la lucha contra la trata\",\"isPartOf\":{\"@id\":\"http:\\\/\\\/blog.argxp.com\\\/#website\"},\"primaryImageOfPage\":{\"@id\":\"https:\\\/\\\/blog.argxp.com\\\/zh\\\/%e5%8d%9a%e5%ae%a2\\\/raquel-liberman-historia-de-una-mujer-que-fue-simbolo-de-la-lucha-contra-la-trata\\\/#primaryimage\"},\"image\":{\"@id\":\"https:\\\/\\\/blog.argxp.com\\\/zh\\\/%e5%8d%9a%e5%ae%a2\\\/raquel-liberman-historia-de-una-mujer-que-fue-simbolo-de-la-lucha-contra-la-trata\\\/#primaryimage\"},\"thumbnailUrl\":\"\",\"datePublished\":\"2022-03-21T12:21:56+00:00\",\"description\":\"La polaca Raquel Liberman: La ca\u00edda de la Zwi Migdal. V\u00edctima de trata que se rehus\u00f3, se rebel\u00f3 y con coraje se plant\u00f3 ante sus explotadores.\",\"breadcrumb\":{\"@id\":\"https:\\\/\\\/blog.argxp.com\\\/zh\\\/%e5%8d%9a%e5%ae%a2\\\/raquel-liberman-historia-de-una-mujer-que-fue-simbolo-de-la-lucha-contra-la-trata\\\/#breadcrumb\"},\"inLanguage\":\"it-IT\",\"potentialAction\":[{\"@type\":\"ReadAction\",\"target\":[\"https:\\\/\\\/blog.argxp.com\\\/zh\\\/%e5%8d%9a%e5%ae%a2\\\/raquel-liberman-historia-de-una-mujer-que-fue-simbolo-de-la-lucha-contra-la-trata\\\/\"]}]},{\"@type\":\"ImageObject\",\"inLanguage\":\"it-IT\",\"@id\":\"https:\\\/\\\/blog.argxp.com\\\/zh\\\/%e5%8d%9a%e5%ae%a2\\\/raquel-liberman-historia-de-una-mujer-que-fue-simbolo-de-la-lucha-contra-la-trata\\\/#primaryimage\",\"url\":\"\",\"contentUrl\":\"\"},{\"@type\":\"BreadcrumbList\",\"@id\":\"https:\\\/\\\/blog.argxp.com\\\/zh\\\/%e5%8d%9a%e5%ae%a2\\\/raquel-liberman-historia-de-una-mujer-que-fue-simbolo-de-la-lucha-contra-la-trata\\\/#breadcrumb\",\"itemListElement\":[{\"@type\":\"ListItem\",\"position\":1,\"name\":\"Portada\",\"item\":\"http:\\\/\\\/blog.argxp.com\\\/\"},{\"@type\":\"ListItem\",\"position\":2,\"name\":\"Raquel Liberman: Historia de una mujer que fue s\u00edmbolo de la lucha contra la trata\"}]},{\"@type\":\"WebSite\",\"@id\":\"http:\\\/\\\/blog.argxp.com\\\/#website\",\"url\":\"http:\\\/\\\/blog.argxp.com\\\/\",\"name\":\"Blog\",\"description\":\"\",\"potentialAction\":[{\"@type\":\"SearchAction\",\"target\":{\"@type\":\"EntryPoint\",\"urlTemplate\":\"http:\\\/\\\/blog.argxp.com\\\/?s={search_term_string}\"},\"query-input\":{\"@type\":\"PropertyValueSpecification\",\"valueRequired\":true,\"valueName\":\"search_term_string\"}}],\"inLanguage\":\"it-IT\"}]}<\/script>\n<!-- \/ Yoast SEO plugin. -->","yoast_head_json":{"title":"Raquel Liberman: Storia di una donna simbolo della lotta alla tratta","description":"La polacca Raquel Liberman: La caduta dello Zwi Migdal. Vittima di tratta che si \u00e8 rifiutata, si \u00e8 ribellata e con coraggio si \u00e8 opposta ai suoi sfruttatori.","robots":{"index":"noindex","follow":"follow","max-snippet":"max-snippet:-1","max-image-preview":"max-image-preview:large","max-video-preview":"max-video-preview:-1"},"og_locale":"it_IT","og_type":"article","og_title":"Raquel Liberman: Historia de una mujer s\u00edmbolo de la lucha contra la trata","og_description":"La polaca Raquel Liberman: La ca\u00edda de la Zwi Migdal. V\u00edctima de trata que se rehus\u00f3, se rebel\u00f3 y con coraje se plant\u00f3 ante sus explotadores.","og_url":"https:\/\/blog.argxp.com\/it\/blog\/raquel-liberman-historia-de-una-mujer-que-fue-simbolo-de-la-lucha-contra-la-trata\/","og_site_name":"Blog","twitter_card":"summary_large_image","twitter_misc":{"Tempo di lettura stimato":"8 minuti"},"schema":{"@context":"https:\/\/schema.org","@graph":[{"@type":"WebPage","@id":"https:\/\/blog.argxp.com\/zh\/%e5%8d%9a%e5%ae%a2\/raquel-liberman-historia-de-una-mujer-que-fue-simbolo-de-la-lucha-contra-la-trata\/","url":"https:\/\/blog.argxp.com\/zh\/%e5%8d%9a%e5%ae%a2\/raquel-liberman-historia-de-una-mujer-que-fue-simbolo-de-la-lucha-contra-la-trata\/","name":"Raquel Liberman: Storia di una donna simbolo della lotta alla tratta","isPartOf":{"@id":"http:\/\/blog.argxp.com\/#website"},"primaryImageOfPage":{"@id":"https:\/\/blog.argxp.com\/zh\/%e5%8d%9a%e5%ae%a2\/raquel-liberman-historia-de-una-mujer-que-fue-simbolo-de-la-lucha-contra-la-trata\/#primaryimage"},"image":{"@id":"https:\/\/blog.argxp.com\/zh\/%e5%8d%9a%e5%ae%a2\/raquel-liberman-historia-de-una-mujer-que-fue-simbolo-de-la-lucha-contra-la-trata\/#primaryimage"},"thumbnailUrl":"","datePublished":"2022-03-21T12:21:56+00:00","description":"La polacca Raquel Liberman: La caduta dello Zwi Migdal. Vittima di tratta che si \u00e8 rifiutata, si \u00e8 ribellata e con coraggio si \u00e8 opposta ai suoi sfruttatori.","breadcrumb":{"@id":"https:\/\/blog.argxp.com\/zh\/%e5%8d%9a%e5%ae%a2\/raquel-liberman-historia-de-una-mujer-que-fue-simbolo-de-la-lucha-contra-la-trata\/#breadcrumb"},"inLanguage":"it-IT","potentialAction":[{"@type":"ReadAction","target":["https:\/\/blog.argxp.com\/zh\/%e5%8d%9a%e5%ae%a2\/raquel-liberman-historia-de-una-mujer-que-fue-simbolo-de-la-lucha-contra-la-trata\/"]}]},{"@type":"ImageObject","inLanguage":"it-IT","@id":"https:\/\/blog.argxp.com\/zh\/%e5%8d%9a%e5%ae%a2\/raquel-liberman-historia-de-una-mujer-que-fue-simbolo-de-la-lucha-contra-la-trata\/#primaryimage","url":"","contentUrl":""},{"@type":"BreadcrumbList","@id":"https:\/\/blog.argxp.com\/zh\/%e5%8d%9a%e5%ae%a2\/raquel-liberman-historia-de-una-mujer-que-fue-simbolo-de-la-lucha-contra-la-trata\/#breadcrumb","itemListElement":[{"@type":"ListItem","position":1,"name":"Portada","item":"http:\/\/blog.argxp.com\/"},{"@type":"ListItem","position":2,"name":"Raquel Liberman: Historia de una mujer que fue s\u00edmbolo de la lucha contra la trata"}]},{"@type":"WebSite","@id":"http:\/\/blog.argxp.com\/#website","url":"http:\/\/blog.argxp.com\/","name":"Blog","description":"","potentialAction":[{"@type":"SearchAction","target":{"@type":"EntryPoint","urlTemplate":"http:\/\/blog.argxp.com\/?s={search_term_string}"},"query-input":{"@type":"PropertyValueSpecification","valueRequired":true,"valueName":"search_term_string"}}],"inLanguage":"it-IT"}]}},"_links":{"self":[{"href":"https:\/\/blog.argxp.com\/it\/wp-json\/wp\/v2\/blog\/76187","targetHints":{"allow":["GET"]}}],"collection":[{"href":"https:\/\/blog.argxp.com\/it\/wp-json\/wp\/v2\/blog"}],"about":[{"href":"https:\/\/blog.argxp.com\/it\/wp-json\/wp\/v2\/types\/blog"}],"wp:attachment":[{"href":"https:\/\/blog.argxp.com\/it\/wp-json\/wp\/v2\/media?parent=76187"}],"wp:term":[{"taxonomy":"blog-categoria","embeddable":true,"href":"https:\/\/blog.argxp.com\/it\/wp-json\/wp\/v2\/blog-categoria?post=76187"}],"curies":[{"name":"buona partita","href":"https:\/\/api.w.org\/{rel}","templated":true}]}}