{"id":85466,"date":"2022-06-26T23:06:16","date_gmt":"2022-06-27T02:06:16","guid":{"rendered":"https:\/\/argentinaxp.com\/?post_type=blog&#038;p=85466"},"modified":"2022-06-26T23:06:16","modified_gmt":"2022-06-27T02:06:16","slug":"los-86-anos-del-obelisco-de-buenos-aires","status":"publish","type":"blog","link":"https:\/\/blog.argxp.com\/it\/blog\/los-86-anos-del-obelisco-de-buenos-aires\/","title":{"rendered":"Gli 86 anni dell&#039;Obelisco di Buenos Aires"},"content":{"rendered":"<p class=\"wp-block-paragraph\">L&#039;obelisco \u00e8 considerato un&#039;icona della Citt\u00e0 di Buenos Aires, nelle cartoline che girano il mondo, i paesi seducono con le immagini delle loro costruzioni pi\u00f9 emblematiche; Parigi con la Tour Eiffel, Londra con il Big Ben o New York con la Statua della Libert\u00e0, una di quelle immagini dell&#039;Argentina e simbolo inconfondibile della City \u00e8 l&#039;Obelisco. Il prossimo 23 maggio, questo protagonista di innumerevoli eventi, compie 86 anni, \u00e8 una buona occasione per saperne di pi\u00f9 su di lui.<\/p>\n\n\n\n<div class=\"wp-block-image\"><figure class=\"aligncenter size-large\"><img decoding=\"async\" src=\"https:\/\/blog.argxp.com\/wp-content\/uploads\/2025\/05\/8d67fe53-4eb0-4aaf-8cc8-a08511ad2fb0-800x429.jpg\" alt=\"Obelisco Buenos Aires\" class=\"wp-image-85468\"\/><\/figure><\/div>\n\n\n\n<p class=\"wp-block-paragraph\">Il progetto di apertura dell&#039;Avenida 9 de Julio, come arteria che attraversava la citt\u00e0 da nord a sud, risale alla fine del XIX secolo e, sebbene fosse incluso in vari piani e progetti, la legge nazionale 8855, che ha approvato l&#039;esproprio con pubblica utilit\u00e0 fini degli immobili ubicati sul futuro tracciato del Viale, risale al 1912.<\/p>\n\n\n\n<p class=\"wp-block-paragraph\">Erano tempi di cambiamento e tutto era inquadrato in un vasto piano di opere pubbliche che prevedeva la ristrutturazione e l&#039;ammodernamento della citt\u00e0 oltre l&#039;asse che fino ad allora era stato la Plaza e l&#039;Avenida de Mayo; Era giunto il momento di risolvere i problemi di traffico e velocit\u00e0 dei veicoli e per questo l&#039;apertura di Avenida 9 de Julio prevedeva una rotatoria all&#039;incrocio tra l&#039;attuale Av. Corrientes e Diagonal Norte; la Plaza de la Rep\u00fablica, cos\u00ec come l&#039;ampliamento di Av. Corrientes.<\/p>\n\n\n\n<p class=\"wp-block-paragraph\">L&#039;indirizzo esatto dell&#039;Obelisco \u00e8: Av. Corrientes 1066, Citt\u00e0 di Buenos Aires, (Fonte: GCBA) ma... nello stesso luogo in cui si trovava prima?: l&#039;Hip\u00f3dromo, un palcoscenico da circo dove si esibiva il famoso clown Frank Brown, il primitivo stadio Luna Park, il Teatro del Pueblo e la chiesa di San Nicol\u00e1s de Bari, eretta durante la colonia nella cosiddetta Calle del Sol, poi San Nicol\u00e1s e poi Corrientes e che diede anche il nome al quartiere in cui si trovava Era collocato.<\/p>\n\n\n\n<p class=\"wp-block-paragraph\">Per vari motivi la chiesa di San Nicol\u00e1s de Bari fu un tempio storico: vi furono battezzati Mariano Moreno e Manuel Dorrego, riposarono le spoglie del presbitero Manuel Alberti; membro della Prima Giunta di Governo del 1810, che mor\u00ec nel gennaio 1811 e anche nella sua torre fu sventolata per la prima volta la bandiera argentina il 23 agosto 1812. La chiesa fu demolita nel 1931 e spostata nell&#039;attuale sede: Avenida Santa Fe 1364. \u00c8 l&#039;unica chiesa coloniale che attualmente non esiste.<\/p>\n\n\n\n<p class=\"wp-block-paragraph\">Con l&#039;intera area ristrutturata, il sindaco Mariano de Vedia y Mitre propone al governo nazionale di erigere un obelisco in Plaza de la Rep\u00fablica come simbolo del quarto centenario della fondazione della citt\u00e0 di Buenos Aires.<\/p>\n\n\n\n<p class=\"wp-block-paragraph\">Un monumento che renderebbe giustizia alla grandezza dell&#039;evento e nel decreto di realizzazione si fa riferimento ad un&#039;opera... &quot;Che indica al popolo della Repubblica la vera importanza della ricorrenza...&quot; &quot;... che non c&#039;\u00e8 monumento nella Citt\u00e0 che simboleggi l&#039;omaggio della Capitale dell&#039;intera Nazione\u2026\u201d Nasce l&#039;Obelisco.<\/p>\n\n\n\n<p class=\"wp-block-paragraph\">I lavori iniziarono nel marzo 1936 e furono completati due mesi dopo, una vera sfida per l&#039;epoca.<\/p>\n\n\n\n<p class=\"wp-block-paragraph\">Il 23 maggio 1936 fu inaugurato il grande Obelisco, opera dell&#039;architetto Alberto Prebisch, uno dei principali riferimenti del modernismo argentino.<\/p>\n\n\n\n<p class=\"wp-block-paragraph\">Per ottimizzare i tempi e facilitare il getto del calcestruzzo, \u00e8 stato realizzato in sezioni di due metri. Utilizzando tra i suoi materiali 1300 m\u00b2 di pietra bianca di Olaen, C\u00f3rdoba.<\/p>\n\n\n\n<div class=\"wp-block-image\"><figure class=\"aligncenter size-full\"><img decoding=\"async\" src=\"https:\/\/blog.argxp.com\/wp-content\/uploads\/2025\/05\/121a8cc2-1b1e-4acd-a982-56ea958611fe.jpg\" alt=\"obelisco della metropolitana\" class=\"wp-image-85470\"\/><\/figure><\/div>\n\n\n\n<p class=\"wp-block-paragraph\">La risoluzione della struttura \u00e8 stata raggiunta con la collocazione di due grandi basamenti ai lati della galleria della metropolitana linea D (in costruzione, e inaugurata nel 1937), che poggiavano anche sulle gallerie inferiori della linea B (1930), su queste su due basi, furono poste cinque grosse travi che servirono da sostegno ad un&#039;estesa lastra su cui poggia l&#039;obelisco.<\/p>\n\n\n\n<p class=\"wp-block-paragraph\">La sua altezza totale \u00e8 di 67,5 m; a 63,5 m inizia l&#039;apice, che \u00e8 di 3,5 m. Ha una sola porta d&#039;ingresso che guarda ad ovest della citt\u00e0 e, in alto, quattro finestre alle quali si accede da una scala marina di 206 gradini, con sette pianerottoli distanziati di otto metri, tranne uno di essi ad una distanza di sei metri. Visti dal basso i pianerottoli a forma di diamante hanno portata limitata, in alcuni tratti il muro \u00e8 cos\u00ec stretto che il cemento sfrega contro la schiena di chi sale, ma non i pianerottoli quadrati che permettono un giro completo all&#039;interno dell&#039;obelisco.<\/p>\n\n\n\n<p class=\"wp-block-paragraph\">Verso l&#039;alto si apre un piatto con due fori: gli &quot;occhi di fuoco&quot; che permettono il passaggio della luce solare all&#039;interno e accolgono la meravigliosa punta smussata che conclude l&#039;obelisco.<\/p>\n\n\n\n<div class=\"wp-block-image\"><figure class=\"aligncenter size-large\"><img decoding=\"async\" src=\"https:\/\/blog.argxp.com\/wp-content\/uploads\/2025\/05\/17e5dce6-7a58-4663-a034-3555fc3d8eed-800x534.jpg\" alt=\"manutenzione dell&#039;obelisco\" class=\"wp-image-85471\"\/><\/figure><\/div>\n\n\n\n<p class=\"wp-block-paragraph\">Dalle finestre poste nel punto smussato si vedono i quattro punti cardinali della Citt\u00e0; dalla finestra ovest, Av. Corrientes, in direzione di Av. Callao, a est, Av. Corrientes si vede nella direzione opposta; verso Av. Leandro N. Alem e Puerto Madero e anche Diagonal Norte verso Plaza de Mayo; la vista sud, \u00e8 con l&#039;edificio del Ministero dell&#039;Azione Sociale della Nazione e l&#039;Autostrada 25 de Mayo e attraverso la finestra nord si pu\u00f2 vedere l&#039;Autostrada Dr. Arturo Umberto Illia (AV1Norte) e il R\u00edo de la Plata.<\/p>\n\n\n\n<p class=\"wp-block-paragraph\">Sulle pareti interne sono state scolpite le legende indicanti la data, l&#039;anno ei partecipanti al completamento dei lavori, nonch\u00e9 la data di inaugurazione. Fuori ci sono telecamere, radar e parafulmini.<\/p>\n\n\n\n<div class=\"wp-block-image\"><figure class=\"aligncenter size-full\"><img decoding=\"async\" src=\"https:\/\/blog.argxp.com\/wp-content\/uploads\/2025\/05\/7b77f133-a91d-498d-a220-8e1d85a5a289-1.jpg\" alt=\"iscrizioni di obelisco\" class=\"wp-image-85472\"\/><\/figure><\/div>\n\n\n\n<p class=\"wp-block-paragraph\">All&#039;esterno delle quattro facce sono presenti iscrizioni che ricordano diversi eventi storici: il fronte nord dice: &quot;In questo luogo, nella torre di San Nicol\u00e1s, la bandiera nazionale fu issata per la prima volta in citt\u00e0 il XXIII agosto del MDCCCXII &quot; , sul fronte ovest si dice; &quot;Capitale Federale, legge emanata dal Congresso Nazionale il XX settembre di MDCCCLXXX su iniziativa del Presidente Nicol\u00e1s Avellaneda, decreto del Presidente Julio A. Roca VI di dicembre di MDCCCLXXX&quot;, l&#039;iscrizione sul fronte sud recita: &quot;Seconda fondazione di Juan de Garay XI de Junio de MDLXXX&quot; e anche in un piccolo rettangolo la poesia &quot;El Obelisk&quot; che Baldomero Fernandez Moreno scrisse in omaggio ad Alberto Prebisch (secondo l&#039;aneddoto fu scritta durante una cena all&#039;Hotel Alvear, il un tovagliolo e consegnato alla moglie di Prebisch), infine sul fronte est, l&#039;iscrizione recita: &quot;Buenos Aires alla Repubblica, nel IV centenario della fondazione della citt\u00e0 da parte di Don Pedro de Mendoza XI del febbraio MDXXXVI&quot;.<\/p>\n\n\n\n<p class=\"wp-block-paragraph\">All&#039;inizio l&#039;Obelisco fu scartato e ironicamente soprannominato &quot;fermacarte di cemento&quot;, &quot;pugno&quot; o &quot;palo&quot;. Il 21 giugno 1938 si staccarono pezzi di muratura, per i quali un anno dopo ne fu votata la demolizione nel Consiglio Deliberativo di Buenos Aires, adducendo ragioni di pubblica incolumit\u00e0, economiche ed estetiche, il Presidente della Repubblica Roberto M. Ortiz che espresse che il monumento commemorava un evento importante come la prima fondazione di Buenos Aires, e che il Ministero dei Lavori Pubblici avrebbe pagato le spese di riparazione, mentre il sindaco della citt\u00e0 di Buenos Aires, Arturo Goyeneche, pose il veto all&#039;Ordinanza che ne approvava la demolizione. La riparazione fu eseguita, ma la leggenda che indicava Prebisch come artefice dell&#039;opera and\u00f2 perduta.<\/p>\n\n\n\n<p class=\"wp-block-paragraph\">In diverse occasioni \u00e8 intervenuto l&#039;Obelisco: negli ultimi giorni del 1973 \u00e8 stato addobbato come un albero di Natale; nel 1975 \u00e8 stato utilizzato per consegnare due messaggi al cittadino: &quot;Silence is health&quot; e &quot;Keep Buenos Aires clean&quot;, nel 2005 \u00e8 stato ricoperto con un panno rosa che simulava un preservativo per commemorare la Giornata Mondiale della lotta all&#039;AIDS e nel 2009 \u00e8 stato decorato con un braccialetto con lo slogan \u201cSay no More\u201d per annunciare il ritorno sul palco del musicista Charly Garcia, e in alcune occasioni \u00e8 stato illuminato per commemorare date significative.<\/p>\n\n\n\n<p class=\"wp-block-paragraph\">Alcuni di questi interventi hanno suscitato le polemiche pi\u00f9 accese, e forse quello che ha destato pi\u00f9 sorpresa per la sua originalit\u00e0, \u00e8 stato quello realizzato nel 2015 dall&#039;artista Leandro Erlich, che ha cercato di creare l&#039;illusione che l&#039;apice fosse stato rimosso; Per ottenere ci\u00f2, il monumento \u00e8 stato ricoperto con un rivestimento in ferro che ne simulava il cemento, mentre una replica della parte superiore si trovava nel Museo di Arte Latinoamericana di Buenos Aires, (Malba), dalle sue finestre le vere vedute dell&#039;obelisco simulavano il visitatore di essere al suo apice. Nelle parole dell&#039;artista si \u00e8 generata la fantasia di conoscere l&#039;obelisco dall&#039;interno, visto che \u00e8 sempre visto dall&#039;esterno e dal basso.<\/p>\n\n\n\n<div class=\"wp-block-image\"><figure class=\"aligncenter size-large\"><img decoding=\"async\" src=\"https:\/\/blog.argxp.com\/wp-content\/uploads\/2025\/05\/5f3d9832-dfda-47ce-963b-3cce6dfd1f9f-1-800x533.jpg\" alt=\"manutenzione dell&#039;obelisco\" class=\"wp-image-85474\"\/><\/figure><\/div>\n\n\n\n<p class=\"wp-block-paragraph\">Regolarmente, i lavori di manutenzione degli edifici sono svolti dal Ministero dello Spazio Pubblico e dell&#039;Igiene Urbana del Comune, che detiene le &quot;chiavi dell&#039;obelisco&quot; e ne autorizza l&#039;accesso, essendo necessarie alcune misure di sicurezza (imbracatura, corde di sicurezza, guanti , caschi) Cos\u00ec, solo alcuni media nazionali ed esteri l&#039;hanno visitata per mostrarla al suo interno.<\/p>\n\n\n\n<p class=\"wp-block-paragraph\">Il pubblico pu\u00f2 visitarlo all&#039;interno? Solo in occasioni eccezionali, una di queste \u00e8 stata quando l&#039;obelisco ha compiuto 75 anni e 75 vicini dei 15.000 registrati hanno potuto festeggiarlo.<\/p>\n\n\n\n<p class=\"wp-block-paragraph\">Poi, in occasione dell&#039;ottantesimo compleanno, sono stati invitati attraverso i social network a partecipare all&#039;esperienza, e delle 21.143 iscritte sono state sorteggiate ottanta iscrizioni.<\/p>\n\n\n\n<p class=\"wp-block-paragraph\">Nei prossimi giorni e in occasione del suo 86\u00b0 compleanno, anche il pubblico \u00e8 stato invitato, attraverso i media e i social network, a partecipare alla selezione per effettuare la visita, evento che, come previsto, avr\u00e0 riscontro sulla stampa.<\/p>\n\n\n\n<div class=\"wp-block-image\"><figure class=\"aligncenter size-large\"><img decoding=\"async\" src=\"https:\/\/blog.argxp.com\/wp-content\/uploads\/2025\/05\/50dafb22-ece9-4f87-9a30-776963e06ce9-800x785.jpg\" alt=\"Obelisco\" class=\"wp-image-85475\"\/><\/figure><\/div>\n\n\n\n<p class=\"wp-block-paragraph\">L&#039;Obelisco \u00e8 stato pi\u00f9 di una cartolina della citt\u00e0, presente nei momenti pi\u00f9 felici e nelle rivendicazioni pi\u00f9 angosciose, a volte era del River e altre del Boca, ma sempre della Nazionale, ha celebrato la Democrazia e il Bicentenario come gi\u00e0 Nel corso della sua storia \u00e8 stato il centro indiscusso dell&#039;espressione popolare.<\/p>","protected":false},"featured_media":85467,"template":"","blog-categoria":[43],"class_list":["post-85466","blog","type-blog","status-publish","has-post-thumbnail","hentry","blog-categoria-historia-e-historias"],"yoast_head":"<!-- This site is optimized with the Yoast SEO plugin v28.4 - https:\/\/yoast.com\/product\/yoast-seo-wordpress\/ -->\n<title>Los 86 a\u00f1os del Obelisco de Buenos Aires - Blog<\/title>\n<meta name=\"robots\" content=\"noindex, follow, max-snippet:-1, max-image-preview:large, max-video-preview:-1\" \/>\n<meta property=\"og:locale\" content=\"it_IT\" \/>\n<meta property=\"og:type\" content=\"article\" \/>\n<meta property=\"og:title\" content=\"Los 86 a\u00f1os del Obelisco de Buenos Aires - Blog\" \/>\n<meta property=\"og:description\" content=\"El obelisco es considerado un icono de la Ciudad de Buenos Aires, en las postales que recorren el mundo, los pa\u00edses seducen con las im\u00e1genes de sus construcciones m\u00e1s emblem\u00e1ticas; Par\u00eds con la Torre Eiffel, Londres con el Big Ben o Nueva York con la Estatua de la Libertad, una de esas im\u00e1genes de Argentina [&hellip;]\" \/>\n<meta property=\"og:url\" content=\"https:\/\/blog.argxp.com\/it\/blog\/los-86-anos-del-obelisco-de-buenos-aires\/\" \/>\n<meta property=\"og:site_name\" content=\"Blog\" \/>\n<meta name=\"twitter:card\" content=\"summary_large_image\" \/>\n<meta name=\"twitter:label1\" content=\"Tempo di lettura stimato\" \/>\n\t<meta name=\"twitter:data1\" content=\"9 minuti\" \/>\n<script type=\"application\/ld+json\" class=\"yoast-schema-graph\">{\"@context\":\"https:\\\/\\\/schema.org\",\"@graph\":[{\"@type\":\"WebPage\",\"@id\":\"https:\\\/\\\/blog.argxp.com\\\/it\\\/blog\\\/los-86-anos-del-obelisco-de-buenos-aires\\\/\",\"url\":\"https:\\\/\\\/blog.argxp.com\\\/it\\\/blog\\\/los-86-anos-del-obelisco-de-buenos-aires\\\/\",\"name\":\"Los 86 a\u00f1os del Obelisco de Buenos Aires - Blog\",\"isPartOf\":{\"@id\":\"http:\\\/\\\/blog.argxp.com\\\/#website\"},\"primaryImageOfPage\":{\"@id\":\"https:\\\/\\\/blog.argxp.com\\\/it\\\/blog\\\/los-86-anos-del-obelisco-de-buenos-aires\\\/#primaryimage\"},\"image\":{\"@id\":\"https:\\\/\\\/blog.argxp.com\\\/it\\\/blog\\\/los-86-anos-del-obelisco-de-buenos-aires\\\/#primaryimage\"},\"thumbnailUrl\":\"\",\"datePublished\":\"2022-06-27T02:06:16+00:00\",\"breadcrumb\":{\"@id\":\"https:\\\/\\\/blog.argxp.com\\\/it\\\/blog\\\/los-86-anos-del-obelisco-de-buenos-aires\\\/#breadcrumb\"},\"inLanguage\":\"it-IT\",\"potentialAction\":[{\"@type\":\"ReadAction\",\"target\":[\"https:\\\/\\\/blog.argxp.com\\\/it\\\/blog\\\/los-86-anos-del-obelisco-de-buenos-aires\\\/\"]}]},{\"@type\":\"ImageObject\",\"inLanguage\":\"it-IT\",\"@id\":\"https:\\\/\\\/blog.argxp.com\\\/it\\\/blog\\\/los-86-anos-del-obelisco-de-buenos-aires\\\/#primaryimage\",\"url\":\"\",\"contentUrl\":\"\"},{\"@type\":\"BreadcrumbList\",\"@id\":\"https:\\\/\\\/blog.argxp.com\\\/it\\\/blog\\\/los-86-anos-del-obelisco-de-buenos-aires\\\/#breadcrumb\",\"itemListElement\":[{\"@type\":\"ListItem\",\"position\":1,\"name\":\"Portada\",\"item\":\"http:\\\/\\\/blog.argxp.com\\\/\"},{\"@type\":\"ListItem\",\"position\":2,\"name\":\"Los 86 a\u00f1os del Obelisco de Buenos Aires\"}]},{\"@type\":\"WebSite\",\"@id\":\"http:\\\/\\\/blog.argxp.com\\\/#website\",\"url\":\"http:\\\/\\\/blog.argxp.com\\\/\",\"name\":\"Blog\",\"description\":\"\",\"potentialAction\":[{\"@type\":\"SearchAction\",\"target\":{\"@type\":\"EntryPoint\",\"urlTemplate\":\"http:\\\/\\\/blog.argxp.com\\\/?s={search_term_string}\"},\"query-input\":{\"@type\":\"PropertyValueSpecification\",\"valueRequired\":true,\"valueName\":\"search_term_string\"}}],\"inLanguage\":\"it-IT\"}]}<\/script>\n<!-- \/ Yoast SEO plugin. -->","yoast_head_json":{"title":"Los 86 a\u00f1os del Obelisco de Buenos Aires - Blog","robots":{"index":"noindex","follow":"follow","max-snippet":"max-snippet:-1","max-image-preview":"max-image-preview:large","max-video-preview":"max-video-preview:-1"},"og_locale":"it_IT","og_type":"article","og_title":"Los 86 a\u00f1os del Obelisco de Buenos Aires - Blog","og_description":"El obelisco es considerado un icono de la Ciudad de Buenos Aires, en las postales que recorren el mundo, los pa\u00edses seducen con las im\u00e1genes de sus construcciones m\u00e1s emblem\u00e1ticas; Par\u00eds con la Torre Eiffel, Londres con el Big Ben o Nueva York con la Estatua de la Libertad, una de esas im\u00e1genes de Argentina [&hellip;]","og_url":"https:\/\/blog.argxp.com\/it\/blog\/los-86-anos-del-obelisco-de-buenos-aires\/","og_site_name":"Blog","twitter_card":"summary_large_image","twitter_misc":{"Tempo di lettura stimato":"9 minuti"},"schema":{"@context":"https:\/\/schema.org","@graph":[{"@type":"WebPage","@id":"https:\/\/blog.argxp.com\/it\/blog\/los-86-anos-del-obelisco-de-buenos-aires\/","url":"https:\/\/blog.argxp.com\/it\/blog\/los-86-anos-del-obelisco-de-buenos-aires\/","name":"Los 86 a\u00f1os del Obelisco de Buenos Aires - Blog","isPartOf":{"@id":"http:\/\/blog.argxp.com\/#website"},"primaryImageOfPage":{"@id":"https:\/\/blog.argxp.com\/it\/blog\/los-86-anos-del-obelisco-de-buenos-aires\/#primaryimage"},"image":{"@id":"https:\/\/blog.argxp.com\/it\/blog\/los-86-anos-del-obelisco-de-buenos-aires\/#primaryimage"},"thumbnailUrl":"","datePublished":"2022-06-27T02:06:16+00:00","breadcrumb":{"@id":"https:\/\/blog.argxp.com\/it\/blog\/los-86-anos-del-obelisco-de-buenos-aires\/#breadcrumb"},"inLanguage":"it-IT","potentialAction":[{"@type":"ReadAction","target":["https:\/\/blog.argxp.com\/it\/blog\/los-86-anos-del-obelisco-de-buenos-aires\/"]}]},{"@type":"ImageObject","inLanguage":"it-IT","@id":"https:\/\/blog.argxp.com\/it\/blog\/los-86-anos-del-obelisco-de-buenos-aires\/#primaryimage","url":"","contentUrl":""},{"@type":"BreadcrumbList","@id":"https:\/\/blog.argxp.com\/it\/blog\/los-86-anos-del-obelisco-de-buenos-aires\/#breadcrumb","itemListElement":[{"@type":"ListItem","position":1,"name":"Portada","item":"http:\/\/blog.argxp.com\/"},{"@type":"ListItem","position":2,"name":"Los 86 a\u00f1os del Obelisco de Buenos Aires"}]},{"@type":"WebSite","@id":"http:\/\/blog.argxp.com\/#website","url":"http:\/\/blog.argxp.com\/","name":"Blog","description":"","potentialAction":[{"@type":"SearchAction","target":{"@type":"EntryPoint","urlTemplate":"http:\/\/blog.argxp.com\/?s={search_term_string}"},"query-input":{"@type":"PropertyValueSpecification","valueRequired":true,"valueName":"search_term_string"}}],"inLanguage":"it-IT"}]}},"_links":{"self":[{"href":"https:\/\/blog.argxp.com\/it\/wp-json\/wp\/v2\/blog\/85466","targetHints":{"allow":["GET"]}}],"collection":[{"href":"https:\/\/blog.argxp.com\/it\/wp-json\/wp\/v2\/blog"}],"about":[{"href":"https:\/\/blog.argxp.com\/it\/wp-json\/wp\/v2\/types\/blog"}],"wp:attachment":[{"href":"https:\/\/blog.argxp.com\/it\/wp-json\/wp\/v2\/media?parent=85466"}],"wp:term":[{"taxonomy":"blog-categoria","embeddable":true,"href":"https:\/\/blog.argxp.com\/it\/wp-json\/wp\/v2\/blog-categoria?post=85466"}],"curies":[{"name":"buona partita","href":"https:\/\/api.w.org\/{rel}","templated":true}]}}