{"id":323424,"date":"2025-06-28T17:02:07","date_gmt":"2025-06-28T20:02:07","guid":{"rendered":"http:\/\/&amp;p=323424"},"modified":"2025-06-28T17:02:07","modified_gmt":"2025-06-28T20:02:07","slug":"comunidad-lgbtq","status":"publish","type":"blog","link":"https:\/\/blog.argxp.com\/pt\/blog\/comunidad-lgbtq\/","title":{"rendered":"Comunidade LGBTQ+ - Luta hist\u00f3rica por direitos e reconhecimento"},"content":{"rendered":"<p class=\"wp-block-paragraph\">A comunidade LGBTQ+ percorreu um longo e \u00e1rduo caminho em sua luta por direitos e reconhecimento, enfrentando desafios significativos ao longo da hist\u00f3ria. Da opress\u00e3o e discrimina\u00e7\u00e3o \u00e0 busca por igualdade e aceita\u00e7\u00e3o, a hist\u00f3ria dessa comunidade \u00e9 um testemunho de coragem e resili\u00eancia. Em cada etapa de sua luta, foram feitos avan\u00e7os importantes que transformaram n\u00e3o apenas a vida das pessoas LGBTQ+, mas tamb\u00e9m a sociedade como um todo. Entretanto, apesar dessas conquistas, ainda h\u00e1 barreiras que precisam ser superadas.<\/p>\n\n\n\n<p class=\"wp-block-paragraph\">Este artigo analisa os marcos mais relevantes da luta hist\u00f3rica da comunidade LGBTQ+, explorando os principais momentos que marcaram sua jornada rumo \u00e0 igualdade. Ao navegarmos por essa hist\u00f3ria, convidamos nossos leitores a refletirem sobre o significado desses eventos e a reconhecerem o trabalho que ainda precisa ser feito.<\/p>\n\n\n\n<p class=\"wp-block-paragraph\">Convidamos os senhores a continuar lendo para descobrir como a comunidade tem lutado por seus direitos e como cada um de n\u00f3s pode contribuir para um futuro mais inclusivo e justo.<\/p>\n\n\n\n<h2 class=\"wp-block-heading\" id=\"h-la-rebelion-de-stonewall\">A rebeli\u00e3o de Stonewall<\/h2>\n\n\n\n<p class=\"wp-block-paragraph\">Um dos momentos mais emblem\u00e1ticos da luta pelos direitos LGBTQ+ foi a Rebeli\u00e3o de Stonewall, em Nova York. Esse evento, que ocorreu em junho de 1969, marcou o in\u00edcio de um movimento organizado pelos direitos dos homossexuais. A resist\u00eancia da comunidade \u00e0 repress\u00e3o policial tornou-se um s\u00edmbolo da luta pela igualdade. Stonewall n\u00e3o apenas representa um ponto de virada hist\u00f3rico, mas tamb\u00e9m inspirou as gera\u00e7\u00f5es posteriores a lutar por seus direitos.<\/p>\n\n\n\n<figure class=\"wp-block-image aligncenter size-full\"><img decoding=\"async\" src=\"https:\/\/blog.argxp.com\/wp-content\/uploads\/2025\/05\/8db5d4a447f7ca892f0a4d27c2b11863.jpg\" alt=\"\" class=\"wp-image-323428\"\/><\/figure>\n\n\n\n<h2 class=\"wp-block-heading\" id=\"h-la-despatologizacion-de-la-homosexualidad\">A despatologiza\u00e7\u00e3o da homossexualidade<\/h2>\n\n\n\n<p class=\"wp-block-paragraph\">Em 1973, a Associa\u00e7\u00e3o Americana de Psiquiatria retirou a homossexualidade de sua lista de transtornos mentais. Essa mudan\u00e7a foi um avan\u00e7o significativo na sa\u00fade mental e ajudou a desestigmatizar a identidade da comunidade LGBTQ+ na sociedade. A decis\u00e3o foi um passo crucial para que as pessoas LGBTQ+ pudessem viver suas vidas sem o peso de um diagn\u00f3stico psiqui\u00e1trico desumanizador. A partir desse momento, a luta por aceita\u00e7\u00e3o e reconhecimento ganhou novo impulso.<\/p>\n\n\n\n<h2 class=\"wp-block-heading\" id=\"h-la-epidemia-del-sida\">A epidemia de AIDS<\/h2>\n\n\n\n<p class=\"wp-block-paragraph\">A crise da AIDS na d\u00e9cada de 1980 afetou profundamente a comunidade LGBTQ+. Apesar da devasta\u00e7\u00e3o que causou, essa crise tamb\u00e9m estimulou a organiza\u00e7\u00e3o e o ativismo em torno da sa\u00fade, dos direitos e da visibilidade da comunidade. Organiza\u00e7\u00f5es como a ACT UP surgiram para combater a indiferen\u00e7a do governo e exigir tratamento adequado. Essa luta n\u00e3o era apenas pela sa\u00fade, mas tamb\u00e9m pela dignidade e pelo reconhecimento das pessoas afetadas, o que fortaleceu ainda mais o senso de comunidade.<\/p>\n\n\n\n<h2 class=\"wp-block-heading\" id=\"h-legalizacion-del-matrimonio-entre-personas-del-mismo-sexo\">Legaliza\u00e7\u00e3o do casamento entre pessoas do mesmo sexo<\/h2>\n\n\n\n<p class=\"wp-block-paragraph\">A legaliza\u00e7\u00e3o do casamento entre pessoas do mesmo sexo em v\u00e1rios pa\u00edses, come\u00e7ando pela Holanda em 2001, foi um marco monumental para a comunidade LGBTQ+. Esse reconhecimento legal n\u00e3o apenas concedeu direitos aos casais LGBTQ+, mas tamb\u00e9m simbolizou a aceita\u00e7\u00e3o social. O casamento tornou-se um s\u00edmbolo de igualdade e amor, e sua legaliza\u00e7\u00e3o ajudou a derrubar barreiras culturais e sociais que mantinham a comunidade na sombra.<\/p>\n\n\n\n<h2 class=\"wp-block-heading\" id=\"h-movimientos-actuales-y-avances-recientes\">Movimentos atuais e desenvolvimentos recentes<\/h2>\n\n\n\n<p class=\"wp-block-paragraph\">Na \u00faltima d\u00e9cada, vimos um aumento na visibilidade e na aceita\u00e7\u00e3o da comunidade LGBTQ+. Desde a inclus\u00e3o de identidades n\u00e3o bin\u00e1rias at\u00e9 a luta contra a discrimina\u00e7\u00e3o e a viol\u00eancia no local de trabalho, os movimentos atuais continuam a buscar igualdade e justi\u00e7a. A m\u00eddia social tem desempenhado um papel crucial na dissemina\u00e7\u00e3o de informa\u00e7\u00f5es e na cria\u00e7\u00e3o de espa\u00e7os seguros onde a comunidade pode se expressar livremente e compartilhar suas experi\u00eancias.<\/p>\n\n\n\n<h2 class=\"wp-block-heading\" id=\"h-desafios-persistentes\">Desafios persistentes<\/h2>\n\n\n\n<p class=\"wp-block-paragraph\">Apesar do progresso alcan\u00e7ado, a comunidade LGBTQ+ enfrenta muitos desafios. A discrimina\u00e7\u00e3o, a viol\u00eancia e a falta de acesso a servi\u00e7os de sa\u00fade adequados s\u00e3o apenas alguns dos problemas que persistem. Continuar a educar e promover a empatia \u00e9 essencial para abordar essas quest\u00f5es. A luta pelos direitos da comunidade ainda n\u00e3o acabou, e \u00e9 essencial que todos n\u00f3s nos envolvamos na cria\u00e7\u00e3o de um ambiente mais inclusivo e seguro.<\/p>\n\n\n\n<figure class=\"wp-block-image aligncenter size-full\"><img decoding=\"async\" src=\"https:\/\/blog.argxp.com\/wp-content\/uploads\/2025\/05\/74f96c9c66bd506d96d04db9fa7b98d6.jpg\" alt=\"\" class=\"wp-image-323429\"\/><\/figure>\n\n\n\n<h2 class=\"wp-block-heading\" id=\"h-conclusion\">Conclus\u00e3o<\/h2>\n\n\n\n<p class=\"wp-block-paragraph\">A luta hist\u00f3rica da comunidade LGBTQ+ por direitos e reconhecimento \u00e9 uma narrativa rica e complexa que reflete tanto os desafios quanto os triunfos de seus membros. Ao longo das d\u00e9cadas, essa comunidade demonstrou incr\u00edvel resili\u00eancia e unidade, transformando a luta pela igualdade em um movimento global que inspira muitos. Embora tenha havido um progresso significativo, \u00e9 fundamental lembrar que a luta ainda n\u00e3o terminou.<\/p>\n\n\n\n<p class=\"wp-block-paragraph\">Cada um de n\u00f3s tem um papel importante a desempenhar nessa hist\u00f3ria cont\u00ednua. Ao nos educarmos, levantarmos nossas vozes e sermos aliados ativos, podemos contribuir para um mundo em que todos, independentemente da identidade de g\u00eanero ou orienta\u00e7\u00e3o sexual, sejam tratados com dignidade e respeito.<\/p>\n\n\n\n<p class=\"wp-block-paragraph\">A hist\u00f3ria da comunidade LGBTQ+ \u00e9 um lembrete de que a luta pelos direitos humanos \u00e9 um esfor\u00e7o coletivo e que, juntos, podemos continuar a avan\u00e7ar em dire\u00e7\u00e3o a um futuro mais inclusivo e equitativo. Ao continuarmos essa conversa, \u00e9 fundamental que todos n\u00f3s nos comprometamos a fazer parte da mudan\u00e7a.<\/p>\n\n\n\n<div class=\"wp-block-yoast-seo-table-of-contents yoast-table-of-contents\"><h2>Tabela de conte\u00fados<\/h2><ul><li><a href=\"\/#h-la-rebelion-de-stonewall\" data-level=\"2\">A rebeli\u00e3o de Stonewall<\/a><\/li><li><a href=\"\/#h-la-despatologizacion-de-la-homosexualidad\" data-level=\"2\">A despatologiza\u00e7\u00e3o da homossexualidade<\/a><\/li><li><a href=\"\/#h-la-epidemia-del-sida\" data-level=\"2\">A epidemia de AIDS<\/a><\/li><li><a href=\"\/#h-legalizacion-del-matrimonio-entre-personas-del-mismo-sexo\" data-level=\"2\">Legaliza\u00e7\u00e3o do casamento entre pessoas do mesmo sexo<\/a><\/li><li><a href=\"\/#h-movimientos-actuales-y-avances-recientes\" data-level=\"2\">Movimentos atuais e desenvolvimentos recentes<\/a><\/li><li><a href=\"\/#h-desafios-persistentes\" data-level=\"2\">Desafios persistentes<\/a><\/li><li><a href=\"\/#h-conclusion\" data-level=\"2\">Conclus\u00e3o<\/a><\/li><\/ul><\/div>","protected":false},"featured_media":323427,"template":"","blog-categoria":[40],"class_list":["post-323424","blog","type-blog","status-publish","has-post-thumbnail","hentry","blog-categoria-estilo-vida"],"yoast_head":"<!-- This site is optimized with the Yoast SEO plugin v28.4 - https:\/\/yoast.com\/product\/yoast-seo-wordpress\/ -->\n<title>Comunidad LGBTQ+ - Lucha Hist\u00f3rica por Derechos y Reconocimiento<\/title>\n<meta name=\"description\" content=\"Explora la lucha hist\u00f3rica de la comunidad LGBTQ+ por derechos y reconocimiento, sus hitos y desaf\u00edos en busca de igualdad.\" \/>\n<meta name=\"robots\" content=\"noindex, follow, max-snippet:-1, max-image-preview:large, max-video-preview:-1\" \/>\n<meta property=\"og:locale\" content=\"pt_BR\" \/>\n<meta property=\"og:type\" content=\"article\" \/>\n<meta property=\"og:title\" content=\"Comunidad LGBTQ+ - Lucha Hist\u00f3rica por Derechos y Reconocimiento\" \/>\n<meta property=\"og:description\" content=\"Explora la lucha hist\u00f3rica de la comunidad LGBTQ+ por derechos y reconocimiento, sus hitos y desaf\u00edos en busca de igualdad.\" \/>\n<meta property=\"og:url\" content=\"https:\/\/blog.argxp.com\/pt\/blog\/comunidad-lgbtq\/\" \/>\n<meta property=\"og:site_name\" content=\"Blog\" \/>\n<meta name=\"twitter:card\" content=\"summary_large_image\" \/>\n<meta name=\"twitter:label1\" content=\"Est. tempo de leitura\" \/>\n\t<meta name=\"twitter:data1\" content=\"5 minutos\" \/>\n<script type=\"application\/ld+json\" class=\"yoast-schema-graph\">{\"@context\":\"https:\\\/\\\/schema.org\",\"@graph\":[{\"@type\":\"WebPage\",\"@id\":\"https:\\\/\\\/blog.argxp.com\\\/it\\\/blog\\\/comunidad-lgbtq\\\/\",\"url\":\"https:\\\/\\\/blog.argxp.com\\\/it\\\/blog\\\/comunidad-lgbtq\\\/\",\"name\":\"Comunidad LGBTQ+ - Lucha Hist\u00f3rica por Derechos y Reconocimiento\",\"isPartOf\":{\"@id\":\"http:\\\/\\\/blog.argxp.com\\\/#website\"},\"primaryImageOfPage\":{\"@id\":\"https:\\\/\\\/blog.argxp.com\\\/it\\\/blog\\\/comunidad-lgbtq\\\/#primaryimage\"},\"image\":{\"@id\":\"https:\\\/\\\/blog.argxp.com\\\/it\\\/blog\\\/comunidad-lgbtq\\\/#primaryimage\"},\"thumbnailUrl\":\"\",\"datePublished\":\"2025-06-28T20:02:07+00:00\",\"description\":\"Explora la lucha hist\u00f3rica de la comunidad LGBTQ+ por derechos y reconocimiento, sus hitos y desaf\u00edos en busca de igualdad.\",\"breadcrumb\":{\"@id\":\"https:\\\/\\\/blog.argxp.com\\\/it\\\/blog\\\/comunidad-lgbtq\\\/#breadcrumb\"},\"inLanguage\":\"pt-BR\",\"potentialAction\":[{\"@type\":\"ReadAction\",\"target\":[\"https:\\\/\\\/blog.argxp.com\\\/it\\\/blog\\\/comunidad-lgbtq\\\/\"]}],\"accessibilityFeature\":[\"tableOfContents\"]},{\"@type\":\"ImageObject\",\"inLanguage\":\"pt-BR\",\"@id\":\"https:\\\/\\\/blog.argxp.com\\\/it\\\/blog\\\/comunidad-lgbtq\\\/#primaryimage\",\"url\":\"\",\"contentUrl\":\"\"},{\"@type\":\"BreadcrumbList\",\"@id\":\"https:\\\/\\\/blog.argxp.com\\\/it\\\/blog\\\/comunidad-lgbtq\\\/#breadcrumb\",\"itemListElement\":[{\"@type\":\"ListItem\",\"position\":1,\"name\":\"Portada\",\"item\":\"http:\\\/\\\/blog.argxp.com\\\/\"},{\"@type\":\"ListItem\",\"position\":2,\"name\":\"Comunidad LGBTQ+ &#8211; Lucha Hist\u00f3rica por Derechos y Reconocimiento\"}]},{\"@type\":\"WebSite\",\"@id\":\"http:\\\/\\\/blog.argxp.com\\\/#website\",\"url\":\"http:\\\/\\\/blog.argxp.com\\\/\",\"name\":\"Blog\",\"description\":\"\",\"potentialAction\":[{\"@type\":\"SearchAction\",\"target\":{\"@type\":\"EntryPoint\",\"urlTemplate\":\"http:\\\/\\\/blog.argxp.com\\\/?s={search_term_string}\"},\"query-input\":{\"@type\":\"PropertyValueSpecification\",\"valueRequired\":true,\"valueName\":\"search_term_string\"}}],\"inLanguage\":\"pt-BR\"}]}<\/script>\n<!-- \/ Yoast SEO plugin. -->","yoast_head_json":{"title":"Comunidade LGBTQ+ - Luta hist\u00f3rica por direitos e reconhecimento","description":"Explora a luta hist\u00f3rica da comunidade LGBTQ+ por direitos e reconhecimento, seus marcos e desafios em busca da igualdade.","robots":{"index":"noindex","follow":"follow","max-snippet":"max-snippet:-1","max-image-preview":"max-image-preview:large","max-video-preview":"max-video-preview:-1"},"og_locale":"pt_BR","og_type":"article","og_title":"Comunidad LGBTQ+ - Lucha Hist\u00f3rica por Derechos y Reconocimiento","og_description":"Explora la lucha hist\u00f3rica de la comunidad LGBTQ+ por derechos y reconocimiento, sus hitos y desaf\u00edos en busca de igualdad.","og_url":"https:\/\/blog.argxp.com\/pt\/blog\/comunidad-lgbtq\/","og_site_name":"Blog","twitter_card":"summary_large_image","twitter_misc":{"Est. tempo de leitura":"5 minutos"},"schema":{"@context":"https:\/\/schema.org","@graph":[{"@type":"WebPage","@id":"https:\/\/blog.argxp.com\/it\/blog\/comunidad-lgbtq\/","url":"https:\/\/blog.argxp.com\/it\/blog\/comunidad-lgbtq\/","name":"Comunidade LGBTQ+ - Luta hist\u00f3rica por direitos e reconhecimento","isPartOf":{"@id":"http:\/\/blog.argxp.com\/#website"},"primaryImageOfPage":{"@id":"https:\/\/blog.argxp.com\/it\/blog\/comunidad-lgbtq\/#primaryimage"},"image":{"@id":"https:\/\/blog.argxp.com\/it\/blog\/comunidad-lgbtq\/#primaryimage"},"thumbnailUrl":"","datePublished":"2025-06-28T20:02:07+00:00","description":"Explora a luta hist\u00f3rica da comunidade LGBTQ+ por direitos e reconhecimento, seus marcos e desafios em busca da igualdade.","breadcrumb":{"@id":"https:\/\/blog.argxp.com\/it\/blog\/comunidad-lgbtq\/#breadcrumb"},"inLanguage":"pt-BR","potentialAction":[{"@type":"ReadAction","target":["https:\/\/blog.argxp.com\/it\/blog\/comunidad-lgbtq\/"]}],"accessibilityFeature":["tableOfContents"]},{"@type":"ImageObject","inLanguage":"pt-BR","@id":"https:\/\/blog.argxp.com\/it\/blog\/comunidad-lgbtq\/#primaryimage","url":"","contentUrl":""},{"@type":"BreadcrumbList","@id":"https:\/\/blog.argxp.com\/it\/blog\/comunidad-lgbtq\/#breadcrumb","itemListElement":[{"@type":"ListItem","position":1,"name":"Portada","item":"http:\/\/blog.argxp.com\/"},{"@type":"ListItem","position":2,"name":"Comunidad LGBTQ+ &#8211; Lucha Hist\u00f3rica por Derechos y Reconocimiento"}]},{"@type":"WebSite","@id":"http:\/\/blog.argxp.com\/#website","url":"http:\/\/blog.argxp.com\/","name":"blog","description":"","potentialAction":[{"@type":"SearchAction","target":{"@type":"EntryPoint","urlTemplate":"http:\/\/blog.argxp.com\/?s={search_term_string}"},"query-input":{"@type":"PropertyValueSpecification","valueRequired":true,"valueName":"search_term_string"}}],"inLanguage":"pt-BR"}]}},"_links":{"self":[{"href":"https:\/\/blog.argxp.com\/pt\/wp-json\/wp\/v2\/blog\/323424","targetHints":{"allow":["GET"]}}],"collection":[{"href":"https:\/\/blog.argxp.com\/pt\/wp-json\/wp\/v2\/blog"}],"about":[{"href":"https:\/\/blog.argxp.com\/pt\/wp-json\/wp\/v2\/types\/blog"}],"wp:attachment":[{"href":"https:\/\/blog.argxp.com\/pt\/wp-json\/wp\/v2\/media?parent=323424"}],"wp:term":[{"taxonomy":"blog-categoria","embeddable":true,"href":"https:\/\/blog.argxp.com\/pt\/wp-json\/wp\/v2\/blog-categoria?post=323424"}],"curies":[{"name":"wp","href":"https:\/\/api.w.org\/{rel}","templated":true}]}}