{"id":45038,"date":"2021-05-02T13:43:00","date_gmt":"2021-05-02T16:43:00","guid":{"rendered":"https:\/\/argentinaxp.com\/?post_type=blog&#038;p=45038"},"modified":"2021-05-02T13:43:00","modified_gmt":"2021-05-02T16:43:00","slug":"cabarets-portenos-nostalgia-de-buenos-aires","status":"publish","type":"blog","link":"https:\/\/blog.argxp.com\/pt\/blog\/cabarets-portenos-nostalgia-de-buenos-aires\/","title":{"rendered":"Cabar\u00e9s de Buenos Aires, nostalgia de Buenos Aires"},"content":{"rendered":"<div class=\"wp-block-yoast-seo-table-of-contents yoast-table-of-contents\"><h2>\u00cdndice<\/h2><ul><li><a href=\"#h-como-eran-los-cabarets-portenos\" data-level=\"2\">Como eram os cabar\u00e9s de Buenos Aires?<\/a><\/li><li><a href=\"#h-acerca-los-espectaculos-variete\" data-level=\"2\">Sobre os programas de variedades<\/a><\/li><li><a href=\"#h-cabaret-buenos-aires-de-categoria\" data-level=\"2\">Cabaret Buenos Aires da categoria<\/a><\/li><li><a href=\"#h-cabaret-buenos-aires-y-cultura\" data-level=\"2\">Cabaret Buenos Aires e cultura<\/a><\/li><\/ul><\/div>\n\n\n\n<p class=\"wp-block-paragraph\">Palavra <em><strong>cabar\u00e9 <\/strong><\/em>es tomada del franc\u00e9s, que significa \u00ab<em><strong>taberna<\/strong><\/em>\u00ab. Sin embargo, nuestra historia es recorrida por particularidades porte\u00f1as que nada tienen que envidiarle a la lejana Europa. Es as\u00ed que daremos un paseo por las singularidades de los <strong><em>cabar\u00e9s <\/em><\/strong>nas <em>noites de Buenos Aires<\/em>.<\/p>\n\n\n\n<div class=\"wp-block-image\"><figure class=\"aligncenter size-large\"><img decoding=\"async\" src=\"https:\/\/argentinaxp.com\/wp-content\/uploads\/2020\/10\/550x508_5ED.jpg\" alt=\"Tita Merello, renomada atriz e cantora da \u00e9poca.\" class=\"wp-image-45046\"\/><figcaption><strong><em>tia merello<\/em><\/strong>, renomada atriz e cantora da \u00e9poca.<\/figcaption><\/figure><\/div>\n\n\n\n<h2 class=\"wp-block-heading\" id=\"h-como-eran-los-cabarets-portenos\">Como foram os <strong><em>cabar\u00e9s <\/em><\/strong>portenhos?<\/h2>\n\n\n\n<p class=\"wp-block-paragraph\">O <em><strong>cabar\u00e9s <\/strong><\/em>Antigamente eram grandes sal\u00f5es com muita ilumina\u00e7\u00e3o gra\u00e7as a luxuosos candelabros de franjas, com uma longa pista de dan\u00e7a rodeada de mesas, e aquele famoso bar inevit\u00e1vel, suporte para in\u00fameras hist\u00f3rias e drinks.&nbsp;<\/p>\n\n\n\n<p class=\"wp-block-paragraph\">\u00c0s vezes frequentado por casais, em sua maioria homens compareciam sozinhos ou em grupos. Eles iam dan\u00e7ar com <em><strong>alternadores<\/strong><\/em>, o llamadas tambi\u00e9n de manera rea \u00ab<strong><em>copos<\/em><\/strong>\u00ab, que con sus largos vestidos de \u201csat\u00e9n\u201d y su sedoso brillo y <em>glamour<\/em>Incentivaram os clientes a convid\u00e1-los a sentarem-se \u00e0 sua mesa, claro, para tomarem uma bebida, e outra. Tentaram seduzir o homem a continuar usando e, claro, insistir em convid\u00e1-la. Se eles &quot;fisgassem&quot; algu\u00e9m, eles n\u00e3o poderiam sair do <strong><em>cabar\u00e9 <\/em><\/strong>antes que o lugar fechasse as portas. Beber tem sido, e sempre foi, um neg\u00f3cio formid\u00e1vel.<\/p>\n\n\n\n<div class=\"wp-block-image\"><figure class=\"aligncenter size-large\"><img decoding=\"async\" src=\"https:\/\/argentinaxp.com\/wp-content\/uploads\/2020\/10\/550x404_D4B.jpg\" alt=\"Garotas alternadas ou garotas de copa de cabar\u00e9\" class=\"wp-image-45042\"\/><figcaption>Garotas <strong><em>alternadores <\/em><\/strong>qualquer <strong><em>copos <\/em><\/strong>cabar\u00e9<\/figcaption><\/figure><\/div>\n\n\n\n<p class=\"wp-block-paragraph\">Enquanto alguns frequentadores frequentavam para ouvir sua banda de jazz favorita, outros faziam quest\u00e3o de conquistar seu <em><strong>alternador <\/strong><\/em>favorito. No entanto, o <strong><em>copos <\/em><\/strong>foram mais um elemento da grandeza do espet\u00e1culo que ali se realizou.&nbsp;<\/p>\n\n\n\n<h2 class=\"wp-block-heading\" id=\"h-acerca-los-espectaculos-variete\">sobre os shows <em>variedade<\/em><\/h2>\n\n\n\n<p class=\"wp-block-paragraph\">Luego de la orquesta de jazz, por la medianoche, se presentaba un cl\u00e1sico espect\u00e1culo \u00abvariet\u00e9\u00bb, que luc\u00eda diferentes n\u00fameros art\u00edsticos animando la entrenoche. El \u201cvariet\u00e9\u201d de raigambre bohemia, pariente lejano de las <strong><em>tabernas <\/em><\/strong>medieval, e perto do <em><strong>cabar\u00e9 <\/strong><\/em>do s\u00e9culo XIX, tem sido a express\u00e3o art\u00edstica que cruza o rom\u00e2ntico e o \u00e1lcool. \u00c9 um g\u00eanero cujo desenvolvimento no s\u00e9culo XX \u00e9 fomentado nas grandes cidades, caracterizado por uma maior flexibilidade que o teatro tradicional, por ser mais desafiador e arriscado, com maior cumplicidade com o p\u00fablico. o pesquisador <strong><em>Raquel Prestigi\u00e1como<\/em><\/strong> define-o como &quot;espet\u00e1culo de luzes, sem trama cont\u00ednua, de prefer\u00eancia de cariz musical, n\u00e3o teatral, mas de representa\u00e7\u00e3o de rua ou taberna, com n\u00fameros circenses como ilusionistas, contorcionistas e acrobatas e atrac\u00e7\u00f5es ex\u00f3ticas, como ventr\u00edloquos e bandas de um s\u00f3 homem&quot;. Possui tr\u00eas elementos fundamentais: o n\u00famero cant\u00e1vel, o n\u00famero dan\u00e7ante e o n\u00famero c\u00f4mico.<\/p>\n\n\n\n<div class=\"wp-block-image\"><figure class=\"aligncenter size-large\"><img decoding=\"async\" src=\"https:\/\/argentinaxp.com\/wp-content\/uploads\/2020\/10\/550x430_476.jpg\" alt=\"Artistas de variedades em show completo.\" class=\"wp-image-45043\"\/><figcaption>Artistas de <strong><em>variedade<\/em><\/strong> em pleno show<\/figcaption><\/figure><\/div>\n\n\n\n<h2 class=\"wp-block-heading\" id=\"h-cabaret-buenos-aires-de-categoria\"><strong><em>Cabar\u00e9 Buenos Aires <\/em><\/strong>de categoria<\/h2>\n\n\n\n<p class=\"wp-block-paragraph\">Que elemento demonstrou o alto status de um <strong><em>Cabar\u00e9<\/em><\/strong>, se fosse assim? Claro a import\u00e2ncia e o reconhecimento da orquestra de jazz que animou com m\u00fasica os ouvidos festivos...&nbsp;<\/p>\n\n\n\n<p class=\"wp-block-paragraph\">Um bon\u00e9 com o nome do <strong><em>cabar\u00e9 <\/em><\/strong>coroou o porteiro com bot\u00f5es dourados, que n\u00e3o se moveu da entrada, apesar de um sinal de que, como no caso do <strong><em>Marabu <\/em><\/strong>transeuntes convidados. Sua inscri\u00e7\u00e3o dizia: <em>&nbsp;\u00abTodo el mundo al Marab\u00fa\/ La bo\u00eete de m\u00e1s alto rango\/ donde Pichuco y su orquesta\/ har\u00e1 bailar buenos tangos\u00bb<\/em><\/p>\n\n\n\n<div class=\"wp-block-image\"><figure class=\"aligncenter size-large\"><img decoding=\"async\" src=\"https:\/\/argentinaxp.com\/wp-content\/uploads\/2020\/10\/550x366_C74.jpg\" alt=\"Porteiro do cabar\u00e9 Tabar\u00eds, Avenida Corrientes 831 entre Suipacha e Esmeralda.\" class=\"wp-image-45044\"\/><figcaption>goleiro <strong><em>cabar\u00e9 tabaris<\/em><\/strong>Avenida Corrientes 831 entre Suipacha e Esmeralda.<\/figcaption><\/figure><\/div>\n\n\n\n<p class=\"wp-block-paragraph\">Ele <strong><em>cabar\u00e9 marabu<\/em><\/strong> nascido segundo o historiador <strong><em>Gabriel Moon<\/em><\/strong>, no por\u00e3o de um pal\u00e1cio italiano, data da mesma \u00e9poca em que o Obelisco viu a luz, \u00e9 por volta do ano &#039;35.&nbsp;&nbsp;<\/p>\n\n\n\n<p class=\"wp-block-paragraph\">Se olharmos para o nome <strong><em>marab\u00edu<\/em><\/strong>, tra\u00e7amos em sua origem uma caracter\u00edstica profundamente <strong><em>er\u00f3tico<\/em><\/strong>.<\/p>\n\n\n\n<p class=\"wp-block-paragraph\">Seu nome \u00e9 devido \u00e0s penas sedosas de um <em>ex\u00f3tico <\/em>Ave africana, usada na \u00e9poca para confeccionar a lingerie da <em>dan\u00e7arinas <\/em>e aquelas pomposas boas coloridas cujo <em>extravag\u00e2ncia sensual<\/em> est\u00e1 associado ao <strong>mulheres charleston<\/strong> e as <strong>bonecas corajosas<\/strong> do tango&nbsp;<\/p>\n\n\n\n<p class=\"wp-block-paragraph\">Se falamos de luxo e prest\u00edgio, devemos mencionar o <strong><em>armenonville<\/em><\/strong>, entre os anos 10 e os anos 20, cujo modelo de constru\u00e7\u00e3o foi baseado na vers\u00e3o francesa na qual se inspirou.<\/p>\n\n\n\n<div class=\"wp-block-image\"><figure class=\"aligncenter size-large is-resized\"><img loading=\"lazy\" decoding=\"async\" src=\"https:\/\/argentinaxp.com\/wp-content\/uploads\/2020\/10\/550x631_E03.jpg\" alt=\"Armenonville, localizado na Avenida Alvear (atual Del Libertador) esquina Tagle.\" class=\"wp-image-45045\" width=\"459\" height=\"527\"\/><figcaption><strong><em>armenonville<\/em><\/strong>, localizado na Avenida Alvear (atual Del Libertador) esquina Tagle.<\/figcaption><\/figure><\/div>\n\n\n\n<h2 class=\"wp-block-heading\" id=\"h-cabaret-buenos-aires-y-cultura\"><strong><em>Cabar\u00e9 Buenos Aires <\/em><\/strong>e cultura<\/h2>\n\n\n\n<p class=\"wp-block-paragraph\">Localizado na Avenida Alvear, que agora \u00e9 batizada com o nome de Avenida del Libertador General San Mart\u00edn, no bairro de <strong><em>a Recoleta<\/em><\/strong>, ele <strong><em>cabar\u00e9<\/em><\/strong> adquiriu seu grande prest\u00edgio quando o grande <strong><em>Carlos Gardel<\/em><\/strong> fez sua primeira grande apresenta\u00e7\u00e3o em dueto com <strong><em>Jose Razzano<\/em><\/strong> no ano novo de 1914. Com um tango no nome, e citado em v\u00e1rios temas, e at\u00e9 em um romance de <strong><em>Adolfo Bioy Casares<\/em><\/strong>, \u00ab<strong><em>o sonho dos her\u00f3is<\/em><\/strong>\u00ab, nos queda su recuerdo impregnado en la cultura porte\u00f1a.&nbsp;<\/p>\n\n\n\n<p class=\"wp-block-paragraph\">O <strong><em>cabar\u00e9s <\/em><\/strong>em geral s\u00e3o a mem\u00f3ria de um jovem e vivo <strong><em>bons ares<\/em><\/strong> cujas mem\u00f3rias remetem para a sensualidade e o glamour de uma \u00e9poca da qual pouco resta, mas da qual talvez muito tenhamos herdado.\u00a0<\/p>\n\n\n\n<p class=\"wp-block-paragraph\">Conhe\u00e7a os melhores acompanhantes vip de Buenos Aires.<\/p>","protected":false},"featured_media":45053,"template":"","blog-categoria":[43],"class_list":["post-45038","blog","type-blog","status-publish","has-post-thumbnail","hentry","blog-categoria-historia-e-historias"],"yoast_head":"<!-- This site is optimized with the Yoast SEO plugin v28.4 - https:\/\/yoast.com\/product\/yoast-seo-wordpress\/ -->\n<title>\u00bfC\u00f3mo eran los CABARETS de Buenos Aires? Cabarets porte\u00f1os<\/title>\n<meta name=\"description\" content=\"Cabarets porte\u00f1os y su glamur. Toda la informaci\u00f3n que necesit\u00e1s saber sobre los Cabarets de Buenos Aires. Marab\u00fa, Armenonville, Tabaris.\" \/>\n<meta name=\"robots\" content=\"noindex, follow, max-snippet:-1, max-image-preview:large, max-video-preview:-1\" \/>\n<meta property=\"og:locale\" content=\"pt_BR\" \/>\n<meta property=\"og:type\" content=\"article\" \/>\n<meta property=\"og:title\" content=\"\u00bfC\u00f3mo eran los CABARETS de Buenos Aires? Cabarets porte\u00f1os\" \/>\n<meta property=\"og:description\" content=\"Cabarets porte\u00f1os y su glamur. Toda la informaci\u00f3n que necesit\u00e1s saber sobre los Cabarets de Buenos Aires. Marab\u00fa, Armenonville, Tabaris.\" \/>\n<meta property=\"og:url\" content=\"https:\/\/blog.argxp.com\/pt\/blog\/cabarets-portenos-nostalgia-de-buenos-aires\/\" \/>\n<meta property=\"og:site_name\" content=\"Blog\" \/>\n<meta name=\"twitter:card\" content=\"summary_large_image\" \/>\n<meta name=\"twitter:label1\" content=\"Est. tempo de leitura\" \/>\n\t<meta name=\"twitter:data1\" content=\"5 minutos\" \/>\n<script type=\"application\/ld+json\" class=\"yoast-schema-graph\">{\"@context\":\"https:\\\/\\\/schema.org\",\"@graph\":[{\"@type\":\"WebPage\",\"@id\":\"https:\\\/\\\/blog.argxp.com\\\/it\\\/blog\\\/cabarets-portenos-nostalgia-de-buenos-aires\\\/\",\"url\":\"https:\\\/\\\/blog.argxp.com\\\/it\\\/blog\\\/cabarets-portenos-nostalgia-de-buenos-aires\\\/\",\"name\":\"\u00bfC\u00f3mo eran los CABARETS de Buenos Aires? Cabarets porte\u00f1os\",\"isPartOf\":{\"@id\":\"http:\\\/\\\/blog.argxp.com\\\/#website\"},\"primaryImageOfPage\":{\"@id\":\"https:\\\/\\\/blog.argxp.com\\\/it\\\/blog\\\/cabarets-portenos-nostalgia-de-buenos-aires\\\/#primaryimage\"},\"image\":{\"@id\":\"https:\\\/\\\/blog.argxp.com\\\/it\\\/blog\\\/cabarets-portenos-nostalgia-de-buenos-aires\\\/#primaryimage\"},\"thumbnailUrl\":\"\",\"datePublished\":\"2021-05-02T16:43:00+00:00\",\"description\":\"Cabarets porte\u00f1os y su glamur. Toda la informaci\u00f3n que necesit\u00e1s saber sobre los Cabarets de Buenos Aires. Marab\u00fa, Armenonville, Tabaris.\",\"breadcrumb\":{\"@id\":\"https:\\\/\\\/blog.argxp.com\\\/it\\\/blog\\\/cabarets-portenos-nostalgia-de-buenos-aires\\\/#breadcrumb\"},\"inLanguage\":\"pt-BR\",\"potentialAction\":[{\"@type\":\"ReadAction\",\"target\":[\"https:\\\/\\\/blog.argxp.com\\\/it\\\/blog\\\/cabarets-portenos-nostalgia-de-buenos-aires\\\/\"]}],\"accessibilityFeature\":[\"tableOfContents\"]},{\"@type\":\"ImageObject\",\"inLanguage\":\"pt-BR\",\"@id\":\"https:\\\/\\\/blog.argxp.com\\\/it\\\/blog\\\/cabarets-portenos-nostalgia-de-buenos-aires\\\/#primaryimage\",\"url\":\"\",\"contentUrl\":\"\"},{\"@type\":\"BreadcrumbList\",\"@id\":\"https:\\\/\\\/blog.argxp.com\\\/it\\\/blog\\\/cabarets-portenos-nostalgia-de-buenos-aires\\\/#breadcrumb\",\"itemListElement\":[{\"@type\":\"ListItem\",\"position\":1,\"name\":\"Portada\",\"item\":\"http:\\\/\\\/blog.argxp.com\\\/\"},{\"@type\":\"ListItem\",\"position\":2,\"name\":\"Cabarets porte\u00f1os, nostalgia de Buenos Aires\"}]},{\"@type\":\"WebSite\",\"@id\":\"http:\\\/\\\/blog.argxp.com\\\/#website\",\"url\":\"http:\\\/\\\/blog.argxp.com\\\/\",\"name\":\"Blog\",\"description\":\"\",\"potentialAction\":[{\"@type\":\"SearchAction\",\"target\":{\"@type\":\"EntryPoint\",\"urlTemplate\":\"http:\\\/\\\/blog.argxp.com\\\/?s={search_term_string}\"},\"query-input\":{\"@type\":\"PropertyValueSpecification\",\"valueRequired\":true,\"valueName\":\"search_term_string\"}}],\"inLanguage\":\"pt-BR\"}]}<\/script>\n<!-- \/ Yoast SEO plugin. -->","yoast_head_json":{"title":"Como eram os CABARETS de Buenos Aires? cabar\u00e9 de Buenos Aires","description":"Os cabar\u00e9s de Buenos Aires e seu glamour. Todas as informa\u00e7\u00f5es que voc\u00ea precisa saber sobre o Cabaret em Buenos Aires. Marabou, Armenonville, Tabaris.","robots":{"index":"noindex","follow":"follow","max-snippet":"max-snippet:-1","max-image-preview":"max-image-preview:large","max-video-preview":"max-video-preview:-1"},"og_locale":"pt_BR","og_type":"article","og_title":"\u00bfC\u00f3mo eran los CABARETS de Buenos Aires? Cabarets porte\u00f1os","og_description":"Cabarets porte\u00f1os y su glamur. Toda la informaci\u00f3n que necesit\u00e1s saber sobre los Cabarets de Buenos Aires. Marab\u00fa, Armenonville, Tabaris.","og_url":"https:\/\/blog.argxp.com\/pt\/blog\/cabarets-portenos-nostalgia-de-buenos-aires\/","og_site_name":"Blog","twitter_card":"summary_large_image","twitter_misc":{"Est. tempo de leitura":"5 minutos"},"schema":{"@context":"https:\/\/schema.org","@graph":[{"@type":"WebPage","@id":"https:\/\/blog.argxp.com\/it\/blog\/cabarets-portenos-nostalgia-de-buenos-aires\/","url":"https:\/\/blog.argxp.com\/it\/blog\/cabarets-portenos-nostalgia-de-buenos-aires\/","name":"Como eram os CABARETS de Buenos Aires? cabar\u00e9 de Buenos Aires","isPartOf":{"@id":"http:\/\/blog.argxp.com\/#website"},"primaryImageOfPage":{"@id":"https:\/\/blog.argxp.com\/it\/blog\/cabarets-portenos-nostalgia-de-buenos-aires\/#primaryimage"},"image":{"@id":"https:\/\/blog.argxp.com\/it\/blog\/cabarets-portenos-nostalgia-de-buenos-aires\/#primaryimage"},"thumbnailUrl":"","datePublished":"2021-05-02T16:43:00+00:00","description":"Os cabar\u00e9s de Buenos Aires e seu glamour. Todas as informa\u00e7\u00f5es que voc\u00ea precisa saber sobre o Cabaret em Buenos Aires. Marabou, Armenonville, Tabaris.","breadcrumb":{"@id":"https:\/\/blog.argxp.com\/it\/blog\/cabarets-portenos-nostalgia-de-buenos-aires\/#breadcrumb"},"inLanguage":"pt-BR","potentialAction":[{"@type":"ReadAction","target":["https:\/\/blog.argxp.com\/it\/blog\/cabarets-portenos-nostalgia-de-buenos-aires\/"]}],"accessibilityFeature":["tableOfContents"]},{"@type":"ImageObject","inLanguage":"pt-BR","@id":"https:\/\/blog.argxp.com\/it\/blog\/cabarets-portenos-nostalgia-de-buenos-aires\/#primaryimage","url":"","contentUrl":""},{"@type":"BreadcrumbList","@id":"https:\/\/blog.argxp.com\/it\/blog\/cabarets-portenos-nostalgia-de-buenos-aires\/#breadcrumb","itemListElement":[{"@type":"ListItem","position":1,"name":"Portada","item":"http:\/\/blog.argxp.com\/"},{"@type":"ListItem","position":2,"name":"Cabarets porte\u00f1os, nostalgia de Buenos Aires"}]},{"@type":"WebSite","@id":"http:\/\/blog.argxp.com\/#website","url":"http:\/\/blog.argxp.com\/","name":"blog","description":"","potentialAction":[{"@type":"SearchAction","target":{"@type":"EntryPoint","urlTemplate":"http:\/\/blog.argxp.com\/?s={search_term_string}"},"query-input":{"@type":"PropertyValueSpecification","valueRequired":true,"valueName":"search_term_string"}}],"inLanguage":"pt-BR"}]}},"_links":{"self":[{"href":"https:\/\/blog.argxp.com\/pt\/wp-json\/wp\/v2\/blog\/45038","targetHints":{"allow":["GET"]}}],"collection":[{"href":"https:\/\/blog.argxp.com\/pt\/wp-json\/wp\/v2\/blog"}],"about":[{"href":"https:\/\/blog.argxp.com\/pt\/wp-json\/wp\/v2\/types\/blog"}],"wp:attachment":[{"href":"https:\/\/blog.argxp.com\/pt\/wp-json\/wp\/v2\/media?parent=45038"}],"wp:term":[{"taxonomy":"blog-categoria","embeddable":true,"href":"https:\/\/blog.argxp.com\/pt\/wp-json\/wp\/v2\/blog-categoria?post=45038"}],"curies":[{"name":"wp","href":"https:\/\/api.w.org\/{rel}","templated":true}]}}