{"id":76187,"date":"2022-03-21T09:21:56","date_gmt":"2022-03-21T12:21:56","guid":{"rendered":"https:\/\/argentinaxp.com\/?post_type=blog&#038;p=76187"},"modified":"2022-03-21T09:21:56","modified_gmt":"2022-03-21T12:21:56","slug":"raquel-liberman-historia-de-una-mujer-que-fue-simbolo-de-la-lucha-contra-la-trata","status":"publish","type":"blog","link":"https:\/\/blog.argxp.com\/pt\/blog\/raquel-liberman-historia-de-una-mujer-que-fue-simbolo-de-la-lucha-contra-la-trata\/","title":{"rendered":"Raquel Liberman: Hist\u00f3ria de uma mulher que foi s\u00edmbolo da luta contra o tr\u00e1fico"},"content":{"rendered":"<p class=\"wp-block-paragraph\"><strong>Rachel Liberman<\/strong> ela morreu em 1935. O c\u00e2ncer de tireoide a consumiu. Ele n\u00e3o falou mais. A agonia foi curta, mas muito dolorosa. Antes de adoecer, sua apar\u00eancia tamb\u00e9m n\u00e3o era boa. Ele tinha 35 anos, mas parecia estar na casa dos cinquenta. Ele era uma pessoa desgastada e quebrada. Com um passado que n\u00e3o a abandonou, com uma dor perp\u00e9tua atravessando-a. No entanto, ela era uma mulher quieta. Lutou, n\u00e3o desistiu apesar das circunst\u00e2ncias adversas e venceu. Contra todas as probabilidades.<\/p>\n\n\n\n<figure class=\"wp-block-gallery has-nested-images columns-default is-cropped wp-block-gallery-1 is-layout-flex wp-block-gallery-is-layout-flex\">\n<figure class=\"wp-block-image size-large\"><img decoding=\"async\" data-id=\"76189\" src=\"https:\/\/blog.argxp.com\/wp-content\/uploads\/2025\/05\/pasaporte-raquel-liberman.jpg\" alt=\"\" class=\"wp-image-76189\"\/><\/figure>\n\n\n\n<figure class=\"wp-block-image size-large\"><img decoding=\"async\" data-id=\"76191\" src=\"https:\/\/blog.argxp.com\/wp-content\/uploads\/2025\/05\/raquel-liberman-prostituta-800x450.jpg\" alt=\"\" class=\"wp-image-76191\"\/><\/figure>\n\n\n\n<figure class=\"wp-block-image size-large\"><img decoding=\"async\" data-id=\"76190\" src=\"https:\/\/blog.argxp.com\/wp-content\/uploads\/2025\/05\/tumba-raquel-liberman.jpg\" alt=\"\" class=\"wp-image-76190\"\/><\/figure>\n\n\n\n<figure class=\"wp-block-image size-large\"><img decoding=\"async\" data-id=\"76192\" src=\"https:\/\/blog.argxp.com\/wp-content\/uploads\/2025\/05\/zwi-migdal-800x533.png\" alt=\"\" class=\"wp-image-76192\"\/><\/figure>\n<\/figure>\n\n\n\n<p class=\"wp-block-paragraph\"><strong>Ruchla Laja Liberman<\/strong> Ele nasceu em 10 de julho de 1900 em Berdichev, atual Ucr\u00e2nia. Quando crian\u00e7a, ela emigrou com seus pais para Vars\u00f3via, onde passou mais de dois ter\u00e7os de sua curta vida. Em 1919 ela se casou com Iaacov Ferber e no ano seguinte tiveram seu primeiro filho, Joshu\u00e9. Em 1921, quando ela estava gr\u00e1vida de seu segundo filho, seu marido imigrou para a Argentina em busca de trabalho. Mas seus \u00faltimos anos (e o nome que adotou durante eles) foram os que lhe deram a imortalidade. Seu destino era passar despercebido, ser subjugado, mais uma v\u00edtima, como tantos milhares de outras. Mas ela recusou, rebelou-se. E com coragem incomum, ele enfrentou seus exploradores.<\/p>\n\n\n\n<p class=\"wp-block-paragraph\">Inspirou -com muitas licen\u00e7as hist\u00f3ricas- a personagem interpretada por Eugenia La China Su\u00e1rez na Argentina, terra de amor e vingan\u00e7a.<br \/>No in\u00edcio do s\u00e9culo passado, a vida na Pol\u00f4nia era muito dif\u00edcil. Fome, necessidades e pogroms. Para os jovens judeus, qualquer sa\u00edda parecia tentadora, qualquer outro destino no mundo oferecia ilus\u00e3o.<\/p>\n\n\n\n<p class=\"wp-block-paragraph\">Ruchla como tantas otras j\u00f3venes polacas jud\u00edas parti\u00f3 hacia Argentina buscando un futuro mejor, escapar a la miseria. Pero su historia no es igual a la de las dem\u00e1s. \u00abLa Polaca\u00bb emigr\u00f3 a la Argentina en 1922 junto a dos peque\u00f1os hijos -Josu\u00e9 de dos a\u00f1os y Mois\u00e9s de meses- para reunirse con su esposo, que la esperaba en la localidad bonaerense de Tapalqu\u00e9. Elke, la cu\u00f1ada de \u00abla Polaca\u00bb, era la madama de un burdel. \u00abNo se sabe si Raquel sab\u00eda de esto antes de llegar al pa\u00eds o si cre\u00eda que iba a trabajar ayudando a su marido, que era sastre, pero nunca hab\u00eda conseguido trabajo y viv\u00eda de su hermana.\u201d<\/p>\n\n\n\n<p class=\"wp-block-paragraph\">Pouco depois, a tuberculose causou a morte de Iaacov. Ruchla, que ao chegar na Argentina adotou o nome de <strong>Rachel Liberman<\/strong>, (os nomes dos imigrantes eram espanh\u00f3is) deixou os filhos aos cuidados de tapalqu\u00e9 e se estabeleceu em Buenos Aires pronta para ganhar a vida. A prostitui\u00e7\u00e3o, uma marca da \u00e9poca, era um caminho quase imposs\u00edvel de evitar.<br \/>Rufi\u00f5es se moviam por Buenos Aires. Eles eram de todas as origens. Italianos, espanh\u00f3is, franceses, judeus. A organiza\u00e7\u00e3o que com o tempo ganhou mais fama foi a Zwi Migdal, de origem judaica polonesa.<\/p>\n\n\n\n<p class=\"wp-block-paragraph\"><strong>Rachel Liberman<\/strong> trabalhou v\u00e1rios anos nos bord\u00e9is do Zwi Migdal. Sua concord\u00e2ncia foi melhor do que o resto das meninas. Ele manteve uma porcentagem maior. Assim, ele logo conseguiu comprar sua liberdade em $1.500.<\/p>\n\n\n\n<p class=\"wp-block-paragraph\">Ele continuou a praticar por conta pr\u00f3pria. Ela se casou com Jos\u00e9 Korn, considerado por muitos um enviado do Zwi Migdal para faz\u00ea-la cair novamente em suas garras. Ningu\u00e9m consegue se livrar facilmente dessas associa\u00e7\u00f5es mafiosas. Este homem enganou Raquel. Ele adquiriu uma casa em seu nome com 60.000 pesos dela, em uma manobra fraudulenta. Korn instalou naquela casa, como n\u00e3o poderia deixar de ser, um bordel. Raquel ficou, mais uma vez, sem nada. E sua busca por justi\u00e7a come\u00e7ou.<\/p>\n\n\n\n<p class=\"wp-block-paragraph\">A ru\u00edna daquele emp\u00f3rio de prostitui\u00e7\u00e3o, que faturava milh\u00f5es por ano, come\u00e7ou nessa pequena trapa\u00e7a que o rachado trint\u00e3o decidiu n\u00e3o perdoar. Ambi\u00e7\u00e3o e impunidade perderam o Zwi Migdal. Ele se deparou com uma mulher determinada e cansada de ass\u00e9dio, uma comiss\u00e1ria de princ\u00edpios e uma ju\u00edza que n\u00e3o caiu na tenta\u00e7\u00e3o da venalidade.<br \/><br \/>Raquel teve o mesmo destino das outras garotas polonesas: entregar sua juventude a rufi\u00f5es e clientes, envelhecer prematuramente, entediar-se com a vida e ser substitu\u00edda por uma mais nova, talvez apenas cinco anos mais nova que ela, mas sem o desgaste \u00f3bvio. e l\u00e1grima., sem o ricto de derrota cinzelado em seu rosto, sem as marcas de explora\u00e7\u00e3o sulcando seu corpo.<\/p>\n\n\n\n<p class=\"wp-block-paragraph\">A mulher reivindicou seu dinheiro. Esse dinheiro era a sua independ\u00eancia. O paradoxo \u00e9 que ela conseguiu acabar com a organiza\u00e7\u00e3o dos rufi\u00f5es e quis, com suas economias, tornar-se madame. Eles n\u00e3o ouviram seus pedidos. Nem seu ex-marido Korn nem os diretores do Zwi Migdal a quem ela foi. Em seguida, ela denunciou o golpe, mas ningu\u00e9m acreditou que a Justi\u00e7a iria ouvi-la. Quem prestaria aten\u00e7\u00e3o a uma prostituta polonesa? Que tipo de investiga\u00e7\u00e3o eles n\u00e3o poderiam parar com alguns subornos oportunos?<br \/>O comiss\u00e1rio Julio Alsogaray, moralista e com fama de incorrupt\u00edvel, ouviu Raquel e come\u00e7ou a se mexer: ele estava por tr\u00e1s da organiza\u00e7\u00e3o h\u00e1 anos e sempre esbarrou no muro do sil\u00eancio e da cumplicidade. Com nobreza, Alsogaray advertiu Raquel dos riscos de ratificar suas den\u00fancias. Raquel escolheu seguir em frente. Encontrou eco em um juiz honesto, o magistrado Manuel Rodr\u00edguez Ocampo.<\/p>\n\n\n\n<p class=\"wp-block-paragraph\">Para que a den\u00fancia prosperasse, Raquel mentiu sobre sua origem. Ele queria proteger seus filhos. Ele apenas seguiu o roteiro da lenda. Ela disse que viajou seduzida por uma proposta de casamento enganosa e que ao desembarcar no porto foi sequestrada e for\u00e7ada a se prostituir.<\/p>\n\n\n\n<p class=\"wp-block-paragraph\">Como escribi\u00f3 Jorge Luis Borges sobre su Emma Zunz: \u00abLa historia era incre\u00edble, en efecto, pero se impuso a todos, porque sustancialmente era cierta. Verdadero era el tono, verdadero el pudor, verdadero el odio. Verdadero tambi\u00e9n era el ultraje que hab\u00eda padecido; solo eran falsas las circunstancias, la hora y uno o dos nombres propios.\u00bb<br \/><br \/>Raquel, que comenz\u00f3 solo reclamando su deuda, termin\u00f3 denunciando y describiendo el funcionamiento de la red criminal. La Zwi Migdal no pudo resistir el embate. El juez orden\u00f3 108 detenciones. La justicia de aquella \u00e9poca -en las v\u00edsperas de la llamada \u00abd\u00e9cada infame\u00bb-, a trav\u00e9s de la C\u00e1mara de Apelaciones, finalmente dej\u00f3 bajo el r\u00e9gimen de prisi\u00f3n preventiva a solamente tres miembros secundarios de la organizaci\u00f3n. Todos los dem\u00e1s, fueron liberados. Pero las circunstancias hicieron que el emporio de los rufianes fuera demolido.<br \/><br \/>A opini\u00e3o p\u00fablica tornava-se mais moralista (em 1936 a prostitui\u00e7\u00e3o foi proibida: Raquel nunca chegou a v\u00ea-lo, morreu no ano anterior). O impacto das not\u00edcias e o sensacionalismo deram-lhe um grande impacto e o fator anti-semita tamb\u00e9m desempenhou um papel. Redes de prostitui\u00e7\u00e3o maiores e mais estabelecidas foram contornadas porque pertenciam a outras comunidades.<br \/>Com sua reclama\u00e7\u00e3o, Raquel causou a queda do Zwi Migdal. Foi uma consequ\u00eancia n\u00e3o intencional. Durante anos repetiu-se a hist\u00f3ria da viagem, do casamento fraudulento, da fraude \u00e0 sua credulidade.<\/p>\n\n\n\n<p class=\"wp-block-paragraph\">A certa altura, Raquel reencontrou os filhos e morou mais alguns anos em Buenos Aires. Diz-se que queria obter um passaporte para regressar a Vars\u00f3via, mas a viagem \u00e0 Pol\u00f3nia nunca aconteceu. Alguns meses depois, em 7 de abril de 1935, ela foi internada no hospital Cosme Argerich, onde morreu.<br \/>Treze anos se passaram desde aquela chegada a Buenos Aires. Se aquele regresso a Vars\u00f3via n\u00e3o tivesse falhado, Jos\u00e9 e Mois\u00e9s teriam ca\u00eddo nas garras do nazismo que j\u00e1 sobrevoava a Alemanha e sobretudo a Pol\u00f3nia.<\/p>\n\n\n\n<p class=\"wp-block-paragraph\">As crian\u00e7as tinham apenas algumas fotos da m\u00e3e, nas quais ela estava feliz.<br \/>Esta mulher que escapou da pobreza na Pol\u00f4nia e viajou com esperan\u00e7a para a Argentina, em busca de uma oportunidade, encontrou aqui morte, dor, abuso e explora\u00e7\u00e3o. Por\u00e9m, \u00e0 sua maneira, sozinha, contra toda uma \u00e9poca, ela foi encorajada a lutar, a lutar pelo que era dela. Esse \u00e9 o seu legado, embora infelizmente n\u00e3o tenha conhecido a Lei Nacional de Profilaxia da qual foi a semente.<br \/><br \/>En 2015, cuando se cumplieron 80 a\u00f1os de su muerte, colocaron una placa en su honor en el cementerio de Avellaneda. Durante la D\u00e9cada Infame se dec\u00eda que ese era \u00abel lugar para enterrar prostitutas y proxenetas\u00bb. No se sabe d\u00f3nde est\u00e1 su tumba porque los libros de las parcelas est\u00e1n en Israel. Pero s\u00ed que est\u00e1 junto a Iacoov.<br \/><br \/>Su historia de valent\u00eda trascendi\u00f3 en el tiempo. Se escribieron otros libros sobre la Polaca. La Subsecretar\u00eda de Derechos Humanos y Pluralismo Cultural de la ciudad de Buenos Aires entrega cada a\u00f1o el \u00ab<strong>Pr\u00eamio Raquel Liberman<\/strong>\u00bb a todas las personas y organizaciones no gubernamentales comprometidas con la protecci\u00f3n y\/o promoci\u00f3n de los derechos de las mujeres sobrevivientes de situaciones de violencia\u00bb, seg\u00fan dice la p\u00e1gina oficial de la Ciudad.<\/p>\n\n\n\n<p class=\"wp-block-paragraph\">Um projeto apresentado \u00e0 Assembl\u00e9ia Legislativa de Buenos Aires solicita que o nome de <strong>Rachel Liberman<\/strong> a la estaci\u00f3n Callao de la l\u00ednea D. La autora del proyecto, la legisladora de UCR-Evoluci\u00f3n Patricia Vischi dijo que \u00abnos pareci\u00f3 muy importante que fuera esta estaci\u00f3n del subte D porque la vida de <strong>Rachel Liberman<\/strong> se desarroll\u00f3 en esta zona, donde ella fue victimizada, pero tambi\u00e9n donde, cuando pudo recuperarse, pudo poner un comercio con mucho sacrificio para criar a sus hijos\u00bb.<br \/><br \/>Compila\u00e7\u00e3o de textos de: Infobae, La Naci\u00f3n. Com os jornalistas, Pesquisador da Biblioteca Nacional Jos\u00e9 Luis Scarsi. Myrtha Schalom em seu livro La Polaca demoliu todas essas lendas com um formid\u00e1vel trabalho de pesquisa.<\/p>","protected":false},"featured_media":76188,"template":"","blog-categoria":[43],"class_list":["post-76187","blog","type-blog","status-publish","has-post-thumbnail","hentry","blog-categoria-historia-e-historias"],"yoast_head":"<!-- This site is optimized with the Yoast SEO plugin v28.4 - https:\/\/yoast.com\/product\/yoast-seo-wordpress\/ -->\n<title>Raquel Liberman: Historia de una mujer s\u00edmbolo de la lucha contra la trata<\/title>\n<meta name=\"description\" content=\"La polaca Raquel Liberman: La ca\u00edda de la Zwi Migdal. V\u00edctima de trata que se rehus\u00f3, se rebel\u00f3 y con coraje se plant\u00f3 ante sus explotadores.\" \/>\n<meta name=\"robots\" content=\"noindex, follow, max-snippet:-1, max-image-preview:large, max-video-preview:-1\" \/>\n<meta property=\"og:locale\" content=\"pt_BR\" \/>\n<meta property=\"og:type\" content=\"article\" \/>\n<meta property=\"og:title\" content=\"Raquel Liberman: Historia de una mujer s\u00edmbolo de la lucha contra la trata\" \/>\n<meta property=\"og:description\" content=\"La polaca Raquel Liberman: La ca\u00edda de la Zwi Migdal. V\u00edctima de trata que se rehus\u00f3, se rebel\u00f3 y con coraje se plant\u00f3 ante sus explotadores.\" \/>\n<meta property=\"og:url\" content=\"https:\/\/blog.argxp.com\/pt\/blog\/raquel-liberman-historia-de-una-mujer-que-fue-simbolo-de-la-lucha-contra-la-trata\/\" \/>\n<meta property=\"og:site_name\" content=\"Blog\" \/>\n<meta name=\"twitter:card\" content=\"summary_large_image\" \/>\n<meta name=\"twitter:label1\" content=\"Est. tempo de leitura\" \/>\n\t<meta name=\"twitter:data1\" content=\"8 minutos\" \/>\n<script type=\"application\/ld+json\" class=\"yoast-schema-graph\">{\"@context\":\"https:\\\/\\\/schema.org\",\"@graph\":[{\"@type\":\"WebPage\",\"@id\":\"https:\\\/\\\/blog.argxp.com\\\/zh\\\/%e5%8d%9a%e5%ae%a2\\\/raquel-liberman-historia-de-una-mujer-que-fue-simbolo-de-la-lucha-contra-la-trata\\\/\",\"url\":\"https:\\\/\\\/blog.argxp.com\\\/zh\\\/%e5%8d%9a%e5%ae%a2\\\/raquel-liberman-historia-de-una-mujer-que-fue-simbolo-de-la-lucha-contra-la-trata\\\/\",\"name\":\"Raquel Liberman: Historia de una mujer s\u00edmbolo de la lucha contra la trata\",\"isPartOf\":{\"@id\":\"http:\\\/\\\/blog.argxp.com\\\/#website\"},\"primaryImageOfPage\":{\"@id\":\"https:\\\/\\\/blog.argxp.com\\\/zh\\\/%e5%8d%9a%e5%ae%a2\\\/raquel-liberman-historia-de-una-mujer-que-fue-simbolo-de-la-lucha-contra-la-trata\\\/#primaryimage\"},\"image\":{\"@id\":\"https:\\\/\\\/blog.argxp.com\\\/zh\\\/%e5%8d%9a%e5%ae%a2\\\/raquel-liberman-historia-de-una-mujer-que-fue-simbolo-de-la-lucha-contra-la-trata\\\/#primaryimage\"},\"thumbnailUrl\":\"\",\"datePublished\":\"2022-03-21T12:21:56+00:00\",\"description\":\"La polaca Raquel Liberman: La ca\u00edda de la Zwi Migdal. V\u00edctima de trata que se rehus\u00f3, se rebel\u00f3 y con coraje se plant\u00f3 ante sus explotadores.\",\"breadcrumb\":{\"@id\":\"https:\\\/\\\/blog.argxp.com\\\/zh\\\/%e5%8d%9a%e5%ae%a2\\\/raquel-liberman-historia-de-una-mujer-que-fue-simbolo-de-la-lucha-contra-la-trata\\\/#breadcrumb\"},\"inLanguage\":\"pt-BR\",\"potentialAction\":[{\"@type\":\"ReadAction\",\"target\":[\"https:\\\/\\\/blog.argxp.com\\\/zh\\\/%e5%8d%9a%e5%ae%a2\\\/raquel-liberman-historia-de-una-mujer-que-fue-simbolo-de-la-lucha-contra-la-trata\\\/\"]}]},{\"@type\":\"ImageObject\",\"inLanguage\":\"pt-BR\",\"@id\":\"https:\\\/\\\/blog.argxp.com\\\/zh\\\/%e5%8d%9a%e5%ae%a2\\\/raquel-liberman-historia-de-una-mujer-que-fue-simbolo-de-la-lucha-contra-la-trata\\\/#primaryimage\",\"url\":\"\",\"contentUrl\":\"\"},{\"@type\":\"BreadcrumbList\",\"@id\":\"https:\\\/\\\/blog.argxp.com\\\/zh\\\/%e5%8d%9a%e5%ae%a2\\\/raquel-liberman-historia-de-una-mujer-que-fue-simbolo-de-la-lucha-contra-la-trata\\\/#breadcrumb\",\"itemListElement\":[{\"@type\":\"ListItem\",\"position\":1,\"name\":\"Portada\",\"item\":\"http:\\\/\\\/blog.argxp.com\\\/\"},{\"@type\":\"ListItem\",\"position\":2,\"name\":\"Raquel Liberman: Historia de una mujer que fue s\u00edmbolo de la lucha contra la trata\"}]},{\"@type\":\"WebSite\",\"@id\":\"http:\\\/\\\/blog.argxp.com\\\/#website\",\"url\":\"http:\\\/\\\/blog.argxp.com\\\/\",\"name\":\"Blog\",\"description\":\"\",\"potentialAction\":[{\"@type\":\"SearchAction\",\"target\":{\"@type\":\"EntryPoint\",\"urlTemplate\":\"http:\\\/\\\/blog.argxp.com\\\/?s={search_term_string}\"},\"query-input\":{\"@type\":\"PropertyValueSpecification\",\"valueRequired\":true,\"valueName\":\"search_term_string\"}}],\"inLanguage\":\"pt-BR\"}]}<\/script>\n<!-- \/ Yoast SEO plugin. -->","yoast_head_json":{"title":"Raquel Liberman: Hist\u00f3ria de uma mulher s\u00edmbolo da luta contra o tr\u00e1fico","description":"A polonesa Raquel Liberman: A queda do Zwi Migdal. V\u00edtima de tr\u00e1fico que se recusou, se rebelou e corajosamente enfrentou seus exploradores.","robots":{"index":"noindex","follow":"follow","max-snippet":"max-snippet:-1","max-image-preview":"max-image-preview:large","max-video-preview":"max-video-preview:-1"},"og_locale":"pt_BR","og_type":"article","og_title":"Raquel Liberman: Historia de una mujer s\u00edmbolo de la lucha contra la trata","og_description":"La polaca Raquel Liberman: La ca\u00edda de la Zwi Migdal. V\u00edctima de trata que se rehus\u00f3, se rebel\u00f3 y con coraje se plant\u00f3 ante sus explotadores.","og_url":"https:\/\/blog.argxp.com\/pt\/blog\/raquel-liberman-historia-de-una-mujer-que-fue-simbolo-de-la-lucha-contra-la-trata\/","og_site_name":"Blog","twitter_card":"summary_large_image","twitter_misc":{"Est. tempo de leitura":"8 minutos"},"schema":{"@context":"https:\/\/schema.org","@graph":[{"@type":"WebPage","@id":"https:\/\/blog.argxp.com\/zh\/%e5%8d%9a%e5%ae%a2\/raquel-liberman-historia-de-una-mujer-que-fue-simbolo-de-la-lucha-contra-la-trata\/","url":"https:\/\/blog.argxp.com\/zh\/%e5%8d%9a%e5%ae%a2\/raquel-liberman-historia-de-una-mujer-que-fue-simbolo-de-la-lucha-contra-la-trata\/","name":"Raquel Liberman: Hist\u00f3ria de uma mulher s\u00edmbolo da luta contra o tr\u00e1fico","isPartOf":{"@id":"http:\/\/blog.argxp.com\/#website"},"primaryImageOfPage":{"@id":"https:\/\/blog.argxp.com\/zh\/%e5%8d%9a%e5%ae%a2\/raquel-liberman-historia-de-una-mujer-que-fue-simbolo-de-la-lucha-contra-la-trata\/#primaryimage"},"image":{"@id":"https:\/\/blog.argxp.com\/zh\/%e5%8d%9a%e5%ae%a2\/raquel-liberman-historia-de-una-mujer-que-fue-simbolo-de-la-lucha-contra-la-trata\/#primaryimage"},"thumbnailUrl":"","datePublished":"2022-03-21T12:21:56+00:00","description":"A polonesa Raquel Liberman: A queda do Zwi Migdal. V\u00edtima de tr\u00e1fico que se recusou, se rebelou e corajosamente enfrentou seus exploradores.","breadcrumb":{"@id":"https:\/\/blog.argxp.com\/zh\/%e5%8d%9a%e5%ae%a2\/raquel-liberman-historia-de-una-mujer-que-fue-simbolo-de-la-lucha-contra-la-trata\/#breadcrumb"},"inLanguage":"pt-BR","potentialAction":[{"@type":"ReadAction","target":["https:\/\/blog.argxp.com\/zh\/%e5%8d%9a%e5%ae%a2\/raquel-liberman-historia-de-una-mujer-que-fue-simbolo-de-la-lucha-contra-la-trata\/"]}]},{"@type":"ImageObject","inLanguage":"pt-BR","@id":"https:\/\/blog.argxp.com\/zh\/%e5%8d%9a%e5%ae%a2\/raquel-liberman-historia-de-una-mujer-que-fue-simbolo-de-la-lucha-contra-la-trata\/#primaryimage","url":"","contentUrl":""},{"@type":"BreadcrumbList","@id":"https:\/\/blog.argxp.com\/zh\/%e5%8d%9a%e5%ae%a2\/raquel-liberman-historia-de-una-mujer-que-fue-simbolo-de-la-lucha-contra-la-trata\/#breadcrumb","itemListElement":[{"@type":"ListItem","position":1,"name":"Portada","item":"http:\/\/blog.argxp.com\/"},{"@type":"ListItem","position":2,"name":"Raquel Liberman: Historia de una mujer que fue s\u00edmbolo de la lucha contra la trata"}]},{"@type":"WebSite","@id":"http:\/\/blog.argxp.com\/#website","url":"http:\/\/blog.argxp.com\/","name":"blog","description":"","potentialAction":[{"@type":"SearchAction","target":{"@type":"EntryPoint","urlTemplate":"http:\/\/blog.argxp.com\/?s={search_term_string}"},"query-input":{"@type":"PropertyValueSpecification","valueRequired":true,"valueName":"search_term_string"}}],"inLanguage":"pt-BR"}]}},"_links":{"self":[{"href":"https:\/\/blog.argxp.com\/pt\/wp-json\/wp\/v2\/blog\/76187","targetHints":{"allow":["GET"]}}],"collection":[{"href":"https:\/\/blog.argxp.com\/pt\/wp-json\/wp\/v2\/blog"}],"about":[{"href":"https:\/\/blog.argxp.com\/pt\/wp-json\/wp\/v2\/types\/blog"}],"wp:attachment":[{"href":"https:\/\/blog.argxp.com\/pt\/wp-json\/wp\/v2\/media?parent=76187"}],"wp:term":[{"taxonomy":"blog-categoria","embeddable":true,"href":"https:\/\/blog.argxp.com\/pt\/wp-json\/wp\/v2\/blog-categoria?post=76187"}],"curies":[{"name":"wp","href":"https:\/\/api.w.org\/{rel}","templated":true}]}}