{"id":85459,"date":"2022-06-26T22:08:07","date_gmt":"2022-06-27T01:08:07","guid":{"rendered":"https:\/\/argentinaxp.com\/?post_type=blog&#038;p=85459"},"modified":"2022-06-26T22:08:07","modified_gmt":"2022-06-27T01:08:07","slug":"marie-anne-perichon-de-vandeuil-y-santiago-de-liniers","status":"publish","type":"blog","link":"https:\/\/blog.argxp.com\/pt\/blog\/marie-anne-perichon-de-vandeuil-y-santiago-de-liniers\/","title":{"rendered":"MARIE ANNE P\u00c9RICHON DE VANDEUIL E SANTIAGO DE LINIERS"},"content":{"rendered":"<p class=\"wp-block-paragraph\">Fi-Fiuuuuuu, que mina! Os portenhos da Buenos Aires colonial teriam exclamado \u2013 se pudessem \u2013 ao ver chegar o deslumbrante e vulc\u00e2nico Perichon. A beleza dessa mulher, sua conversa encantadora com sotaque ex\u00f3tico e sensualidade marcante, avivavam o pulso dos cavalheiros e provocavam a inveja das damas crioulas. Logo ela foi acusada de ser uma &quot;devoradora de homens&quot;, contrabandista e espi\u00e3. E a gota d&#039;\u00e1gua foi quando o vice-rei Liniers perdeu a cabe\u00e7a por ela, e come\u00e7ou uma das novelas mais comentadas da \u00e9poca das Invas\u00f5es Inglesas.<\/p>\n\n\n\n<div class=\"wp-block-image\"><figure class=\"aligncenter size-full\"><img decoding=\"async\" src=\"https:\/\/blog.argxp.com\/wp-content\/uploads\/2025\/05\/597565d0-139f-4be3-a408-157018b1fabf.jpg\" alt=\"a perichona\" class=\"wp-image-85463\"\/><\/figure><\/div>\n\n\n\n<p class=\"wp-block-paragraph\">Marie Anne P\u00e9richon de Vandeuil, mais conhecida como Anita Perich\u00f3n ou \u201cla Perichona\u201d, nasceu em 1775 na Ilha Bourbon (hoje \u201cLa R\u00e9union\u201d no Arquip\u00e9lago das Mascarenhas), uma antiga possess\u00e3o francesa localizada no Oceano \u00cdndico. Ela pertencia a uma fam\u00edlia da elite colonial francesa e muito jovem casou-se com um oficial irland\u00eas a servi\u00e7o da Fran\u00e7a, Thomas O&#039;Gorman. Em 1797, a fam\u00edlia se estabeleceu em Buenos Aires, onde j\u00e1 estava instalado o tio de Thomas, o m\u00e9dico Miguel O&#039;Gorman, criador do Protomedicato, institui\u00e7\u00e3o encarregada de regulamentar as pr\u00e1ticas sanit\u00e1rias na col\u00f4nia. Chegaram com \u201cgrande esplendor\u201d, como se dizia na \u00e9poca, e enquanto o pai de Ana fracassava em sua tentativa de se tornar fazendeiro no Brasil, O&#039;Gorman castelhava seu nome como Tom\u00e1s e adquiria terras nos arredores de Buenos Aires.<\/p>\n\n\n\n<p class=\"wp-block-paragraph\">A vida de Don Tom\u00e1s complicou-se ap\u00f3s as invas\u00f5es inglesas, pois por colaborar com o inimigo foi preso em Luj\u00e1n ap\u00f3s a reconquista e, por insistir em oferecer seus servi\u00e7os ao invasor em 1807, teve que buscar ref\u00fagio no Rio de Janeiro. Sua esposa, Anita, ficou em Buenos Aires, onde se tornou amante do \u201cher\u00f3i do dia\u201d e do novo homem forte de Buenos Aires, Santiago de Liniers, que se tornou vice-rei por decis\u00e3o dos \u201cvizinhos\u201d. O historiador Vicente Fidel L\u00f3pez aponta que seu amante anterior n\u00e3o era outro sen\u00e3o o general Beresford, chefe da primeira invas\u00e3o inglesa. Ali nasceram as suspeitas, que a acompanhar\u00e3o por grande parte de sua vida, sobre sua espionagem a favor dos ingleses.<\/p>\n\n\n\n<div class=\"wp-block-image\"><figure class=\"aligncenter size-full\"><img decoding=\"async\" src=\"https:\/\/blog.argxp.com\/wp-content\/uploads\/2025\/05\/9ca01f18-5176-46f5-95a1-b6a09c9e5638.jpg\" alt=\"Santiago de Liniers\" class=\"wp-image-85462\"\/><\/figure><\/div>\n\n\n\n<p class=\"wp-block-paragraph\">Segundo nos conta Paul Groussac, enquanto Liniers avan\u00e7ava \u00e0 frente de sua coluna, em 12 de agosto de 1806, ao chegar \u00e0 Calle de San Nicol\u00e1s -atual Avenida Corrientes- algu\u00e9m jogou a seus p\u00e9s um len\u00e7o bordado e perfumado como homenagem ao vencedor. . Liniers o pegou com a ponta da espada e, ao responder \u00e0 sauda\u00e7\u00e3o com o len\u00e7o levantado, p\u00f4de ver a bela Anita e a partir desse momento come\u00e7ou uma rela\u00e7\u00e3o muito ardente. As rela\u00e7\u00f5es entre &quot;Madama O&#039;Gorman&quot; e Liniers eram o esc\u00e2ndalo da cidade naquela \u00e9poca. Em parte porque aos 31 anos ela n\u00e3o era mais considerada uma mocinha naquela \u00e9poca e uma &quot;dama&quot; deveria ser muito mais discreta. A informal \u201cvirreina\u201d instalou-se na casa dos Liniers e mudou-se com escolta, e para horror das senhoras portenhas, at\u00e9 vestiu uniforme militar e andou a cavalo.<\/p>\n\n\n\n<p class=\"wp-block-paragraph\">O apelido de Perichona, obviamente referindo-se ao seu sobrenome, estava associado na \u00e9poca a Mar\u00eda Michaela Villegas y Hurtado, uma not\u00e1vel atriz de Lima que, al\u00e9m de seu grande talento, ficou famosa por seus casos amorosos com o vice-rei do Peru, Don Manuel de Amat y Juniet. , Cavaleiro da Ordem de S\u00e3o Jo\u00e3o. O adjetivo era um tanto ofensivo porque derivava de &quot;cadela&quot; e &quot;chola&quot;. Por sua vez, Liniers preferiu cham\u00e1-la de \u201cLa Petaquita\u201d.<\/p>\n\n\n\n<p class=\"wp-block-paragraph\">Segundo um espi\u00e3o do governo portugu\u00eas, a mulher \u201cpode fazer o que quiser sobre o esp\u00edrito dele\u201d e era o \u201ccanal adot\u00e1vel para dirigir a vontade\u201d do vice-rei. O boato aberto era que, por meio dele, excelentes neg\u00f3cios eram realizados, gra\u00e7as ao favor oficial; algo que n\u00e3o era novidade na col\u00f4nia, mas que naqueles tempos conturbados e com o er\u00e1rio esgotado ficou mais evidente.<\/p>\n\n\n\n<p class=\"wp-block-paragraph\">A situa\u00e7\u00e3o se complicou ainda mais quando Napole\u00e3o decidiu tomar a Espanha e entronizar seu irm\u00e3o Jos\u00e9. A condi\u00e7\u00e3o francesa de Liniers e &quot;Madama Perich\u00f3n&quot; os colocou na mira dos ataques. O rico comerciante espanhol e chefe do Cabildo, Mart\u00edn de \u00c1lzaga, viu chegar a oportunidade de se livrar do &quot;franc\u00eas&quot;, e em outubro de 1808 mandou redigir um of\u00edcio do Cabildo ao Supremo Tribunal Central em que era l\u00ea-se: &quot;Aquela mulher com Quem mora no vice-rei mant\u00e9m uma amizade que \u00e9 esc\u00e2ndalo entre o povo, que n\u00e3o sai sem escolta, que tem guarda em casa dia e noite, que emprega as tropas de servi\u00e7o no trabalho de seu propriedade rural, onde passa os seus dias, vice-rei, cuja comunica\u00e7\u00e3o nem as insinua\u00e7\u00f5es nem os conselhos das autoridades, nem os sussurros nem os gritos do povo conseguiram cortar, aquela mulher, em suma, desprezada e criminosa por todos suas circunst\u00e2ncias, \u00e9 o \u00e1rbitro do governo e at\u00e9 mesmo de nosso destino. N\u00e3o h\u00e1 nada, por mais injusto que seja, que n\u00e3o seja alcan\u00e7ado e alcan\u00e7ado por meio dele. O compromisso e o dinheiro s\u00e3o agentes muito poderosos para ela. Nada temeroso, e assim se veem monstruosidades no comando, desordens sobre desordens transcendentais entre o pr\u00f3prio povo, em quem os magistrados n\u00e3o podem administrar a justi\u00e7a porque sua conduta \u00e9 escusada\u201d.<\/p>\n\n\n\n<div class=\"wp-block-image\"><figure class=\"aligncenter size-full\"><img decoding=\"async\" src=\"https:\/\/blog.argxp.com\/wp-content\/uploads\/2025\/05\/af13acfb-758a-4c59-8bd8-9312595070b5.jpg\" alt=\"Infanta Carlota Joaquina\" class=\"wp-image-85460\"\/><\/figure><\/div>\n\n\n\n<p class=\"wp-block-paragraph\">A gota que quebrou o lombo do pequeno camelo na t\u00edmida sociedade portenha da \u00e9poca foi a inten\u00e7\u00e3o da filha de Liniers de se casar com o irm\u00e3o mais novo de Anita, Juan Bautista Perich\u00f3n. O vice-rei, deixando de lado suas paix\u00f5es amorosas e tentando defender seu &quot;bom nome e honra&quot;, acusou a amante de reunir conspiradores em ajuntamentos em sua casa, fez-a embarcar e expulsou-a para o Rio de Janeiro, para se encontrar com o marido. A corte portuguesa j\u00e1 havia sido instalada por seus aliados brit\u00e2nicos no Brasil, fugindo da invas\u00e3o napole\u00f4nica, e era o centro das intrigas protagonizadas pela princesa Carlota Joaquina de Borb\u00f3n, irm\u00e3 do rei Fernando VII e esposa do pr\u00edncipe regente de Portugal. . Recordemos que Carlota ambicionava governar as col\u00f3nias americanas como regente enquanto durasse o &quot;cativeiro&quot; do seu &quot;irm\u00e3o real&quot;, prisioneiro VIP de Napole\u00e3o no pal\u00e1cio franc\u00eas de Valen\u00e7ay.<\/p>\n\n\n\n<p class=\"wp-block-paragraph\">Em sua casa no Rio de Janeiro, Anita Perich\u00f3n de O&#039;Gorman continuou com suas tert\u00falias, onde se reuniam diferentes conspiradores do Rio da Prata, ingleses e portugueses. Diz a lenda que seu novo protetor e amante n\u00e3o era outro sen\u00e3o Lord Strangford, o representante brit\u00e2nico perante a corte portuguesa no Rio; como se diria em tempos mais recentes, um dos principais &quot;operadores pol\u00edticos&quot; de todo o processo em curso na Am\u00e9rica do Sul e, sobretudo, o mais ferrenho opositor aos planos da princesa Carlota de se ver dona da situa\u00e7\u00e3o. Assim, Dona Carlota decidiu que para &quot;intrigar&quot; nas praias cariocas consigo mesma era mais que suficiente, e em 1809 decidiu expulsar Dona Anita.<\/p>\n\n\n\n<p class=\"wp-block-paragraph\">Presas, secret\u00e1rio de Carlota, conta em suas &quot;Mem\u00f3rias Secretas&quot; que a princ\u00edpio a princesa lhe pediu que fizesse uma lista de conspiradores na qual n\u00e3o poderia faltar Madame Perich\u00f3n. Ele teve pena de Anita e contou: \u201cEu me formei no momento com os detalhes e circunst\u00e2ncias que a princesa pediu; mas omiti de colocar P\u00e9richon nele, porque n\u00e3o h\u00e1 nada pior para quem come\u00e7a a escrever sobre ela em assuntos semelhantes. Ao ler a lista de SA, ela notou que faltava o nome daquele que ela queria que fosse pesquisado. &quot;E por que&quot;, ele me disse, &quot;P\u00e9richon n\u00e3o est\u00e1 aqui?&quot; \u2013 Porque esta mulher n\u00e3o se mete em tais neg\u00f3cios, e sua situa\u00e7\u00e3o \u00e9 t\u00e3o lament\u00e1vel hoje, que vale mais a pena que VAR tenha pena dela, do que aumentarmos sua afli\u00e7\u00e3o. - Ol\u00e1! \u2013ele respondeu-, parece que voc\u00ea \u00e9 um protetor das boas meninas. \u2013Senhora, eu sou um homem; mas eu falei com ela em vida, e se ser uma boa menina nesta ocasi\u00e3o n\u00e3o a favorece, tamb\u00e9m n\u00e3o deve prejudic\u00e1-la, j\u00e1 que n\u00e3o h\u00e1 causa certa para agir contra ela e, acima de tudo, VA poder\u00e1 fazer o que ela gosta\u201d. Presas conclui: &quot;N\u00e3o \u00e9 f\u00e1cil explicar o \u00f3dio e o desgosto com que as mulheres feias olham para as belas, defeito do qual nem mesmo as pr\u00f3prias princesas est\u00e3o isentas.&quot;<\/p>\n\n\n\n<p class=\"wp-block-paragraph\">Por fim, Anita foi deportada e embarcou em um navio ingl\u00eas, mas as autoridades espanholas de Montevid\u00e9u e Buenos Aires, lideradas pelo vice-rei Cisneros, negaram-lhe permiss\u00e3o para desembarcar. Logo ap\u00f3s a Revolu\u00e7\u00e3o de Maio, a Junta decretou que &quot;Madame O&#039;Gorman poderia desembarcar com a condi\u00e7\u00e3o de que n\u00e3o se estabelecesse no centro da cidade, mas na fazenda de La Matanza, onde deveria manter a discri\u00e7\u00e3o e a reclus\u00e3o&quot;. .<\/p>\n\n\n\n<div class=\"wp-block-image\"><figure class=\"aligncenter size-full\"><img decoding=\"async\" src=\"https:\/\/blog.argxp.com\/wp-content\/uploads\/2025\/05\/8fca75c6-6485-4fe8-9dfa-c562bc34d4ea.jpg\" alt=\"Casona de Sarratea - Casa de Santiago de Liniers\" class=\"wp-image-85461\"\/><\/figure><\/div>\n\n\n\n<p class=\"wp-block-paragraph\">Ali, a fren\u00e9tica animadora das tert\u00falias portenhas e paulistas passou os \u00faltimos trinta anos de sua vida praticamente confinada. As not\u00edcias que recebeu n\u00e3o foram geralmente animadoras, pois desde sua estada em La Matanza deve ter sabido de duas execu\u00e7\u00f5es de pessoas pr\u00f3ximas a ele: o ex-vice-rei Santiago de Liniers, sua ex-amante, e Camila O&#039;Gorman, sua neta e herdeira .de seu esp\u00edrito rebelde. Algo demasiado perigoso numa sociedade onde a liberdade sempre foi uma qualidade que suscita suspeitas e san\u00e7\u00f5es.<\/p>\n\n\n\n<p class=\"wp-block-paragraph\">Compila\u00e7\u00e3o de textos e imagens: elhistoriador.com.ar; ag\u00eancianova.com; elsoldesantelmo.com.ar; pressreader.com<\/p>","protected":false},"featured_media":85464,"template":"","blog-categoria":[43],"class_list":["post-85459","blog","type-blog","status-publish","has-post-thumbnail","hentry","blog-categoria-historia-e-historias"],"yoast_head":"<!-- This site is optimized with the Yoast SEO plugin v28.4 - https:\/\/yoast.com\/product\/yoast-seo-wordpress\/ -->\n<title>MARIE ANNE P\u00c9RICHON DE VANDEUIL Y SANTIAGO DE LINIERS - Blog<\/title>\n<meta name=\"robots\" content=\"noindex, follow, max-snippet:-1, max-image-preview:large, max-video-preview:-1\" \/>\n<meta property=\"og:locale\" content=\"pt_BR\" \/>\n<meta property=\"og:type\" content=\"article\" \/>\n<meta property=\"og:title\" content=\"MARIE ANNE P\u00c9RICHON DE VANDEUIL Y SANTIAGO DE LINIERS - Blog\" \/>\n<meta property=\"og:description\" content=\"\u00a1Fi-Fiuuuuu, qu\u00e9 mina! Hubieran exclamado \u2013de haber podido- los porte\u00f1os de la Buenos Aires colonial, cuando vieron llegar a la deslumbrante y volc\u00e1nica Perichon. La belleza de esta mujer, su encantadora conversaci\u00f3n con acento ex\u00f3tico y marcada sensualidad, aceleraba el pulso de los caballeros y encend\u00eda la envidia de las damas criollas. Muy pronto la [&hellip;]\" \/>\n<meta property=\"og:url\" content=\"https:\/\/blog.argxp.com\/pt\/blog\/marie-anne-perichon-de-vandeuil-y-santiago-de-liniers\/\" \/>\n<meta property=\"og:site_name\" content=\"Blog\" \/>\n<meta name=\"twitter:card\" content=\"summary_large_image\" \/>\n<meta name=\"twitter:label1\" content=\"Est. tempo de leitura\" \/>\n\t<meta name=\"twitter:data1\" content=\"8 minutos\" \/>\n<script type=\"application\/ld+json\" class=\"yoast-schema-graph\">{\"@context\":\"https:\\\/\\\/schema.org\",\"@graph\":[{\"@type\":\"WebPage\",\"@id\":\"https:\\\/\\\/blog.argxp.com\\\/fr\\\/blog\\\/marie-anne-perichon-de-vandeuil-y-santiago-de-liniers\\\/\",\"url\":\"https:\\\/\\\/blog.argxp.com\\\/fr\\\/blog\\\/marie-anne-perichon-de-vandeuil-y-santiago-de-liniers\\\/\",\"name\":\"MARIE ANNE P\u00c9RICHON DE VANDEUIL Y SANTIAGO DE LINIERS - Blog\",\"isPartOf\":{\"@id\":\"http:\\\/\\\/blog.argxp.com\\\/#website\"},\"primaryImageOfPage\":{\"@id\":\"https:\\\/\\\/blog.argxp.com\\\/fr\\\/blog\\\/marie-anne-perichon-de-vandeuil-y-santiago-de-liniers\\\/#primaryimage\"},\"image\":{\"@id\":\"https:\\\/\\\/blog.argxp.com\\\/fr\\\/blog\\\/marie-anne-perichon-de-vandeuil-y-santiago-de-liniers\\\/#primaryimage\"},\"thumbnailUrl\":\"\",\"datePublished\":\"2022-06-27T01:08:07+00:00\",\"breadcrumb\":{\"@id\":\"https:\\\/\\\/blog.argxp.com\\\/fr\\\/blog\\\/marie-anne-perichon-de-vandeuil-y-santiago-de-liniers\\\/#breadcrumb\"},\"inLanguage\":\"pt-BR\",\"potentialAction\":[{\"@type\":\"ReadAction\",\"target\":[\"https:\\\/\\\/blog.argxp.com\\\/fr\\\/blog\\\/marie-anne-perichon-de-vandeuil-y-santiago-de-liniers\\\/\"]}]},{\"@type\":\"ImageObject\",\"inLanguage\":\"pt-BR\",\"@id\":\"https:\\\/\\\/blog.argxp.com\\\/fr\\\/blog\\\/marie-anne-perichon-de-vandeuil-y-santiago-de-liniers\\\/#primaryimage\",\"url\":\"\",\"contentUrl\":\"\"},{\"@type\":\"BreadcrumbList\",\"@id\":\"https:\\\/\\\/blog.argxp.com\\\/fr\\\/blog\\\/marie-anne-perichon-de-vandeuil-y-santiago-de-liniers\\\/#breadcrumb\",\"itemListElement\":[{\"@type\":\"ListItem\",\"position\":1,\"name\":\"Portada\",\"item\":\"http:\\\/\\\/blog.argxp.com\\\/\"},{\"@type\":\"ListItem\",\"position\":2,\"name\":\"MARIE ANNE P\u00c9RICHON DE VANDEUIL Y SANTIAGO DE LINIERS\"}]},{\"@type\":\"WebSite\",\"@id\":\"http:\\\/\\\/blog.argxp.com\\\/#website\",\"url\":\"http:\\\/\\\/blog.argxp.com\\\/\",\"name\":\"Blog\",\"description\":\"\",\"potentialAction\":[{\"@type\":\"SearchAction\",\"target\":{\"@type\":\"EntryPoint\",\"urlTemplate\":\"http:\\\/\\\/blog.argxp.com\\\/?s={search_term_string}\"},\"query-input\":{\"@type\":\"PropertyValueSpecification\",\"valueRequired\":true,\"valueName\":\"search_term_string\"}}],\"inLanguage\":\"pt-BR\"}]}<\/script>\n<!-- \/ Yoast SEO plugin. -->","yoast_head_json":{"title":"MARIE ANNE P\u00c9RICHON DE VANDEUIL Y SANTIAGO DE LINIERS - Blog","robots":{"index":"noindex","follow":"follow","max-snippet":"max-snippet:-1","max-image-preview":"max-image-preview:large","max-video-preview":"max-video-preview:-1"},"og_locale":"pt_BR","og_type":"article","og_title":"MARIE ANNE P\u00c9RICHON DE VANDEUIL Y SANTIAGO DE LINIERS - Blog","og_description":"\u00a1Fi-Fiuuuuu, qu\u00e9 mina! Hubieran exclamado \u2013de haber podido- los porte\u00f1os de la Buenos Aires colonial, cuando vieron llegar a la deslumbrante y volc\u00e1nica Perichon. La belleza de esta mujer, su encantadora conversaci\u00f3n con acento ex\u00f3tico y marcada sensualidad, aceleraba el pulso de los caballeros y encend\u00eda la envidia de las damas criollas. Muy pronto la [&hellip;]","og_url":"https:\/\/blog.argxp.com\/pt\/blog\/marie-anne-perichon-de-vandeuil-y-santiago-de-liniers\/","og_site_name":"Blog","twitter_card":"summary_large_image","twitter_misc":{"Est. tempo de leitura":"8 minutos"},"schema":{"@context":"https:\/\/schema.org","@graph":[{"@type":"WebPage","@id":"https:\/\/blog.argxp.com\/fr\/blog\/marie-anne-perichon-de-vandeuil-y-santiago-de-liniers\/","url":"https:\/\/blog.argxp.com\/fr\/blog\/marie-anne-perichon-de-vandeuil-y-santiago-de-liniers\/","name":"MARIE ANNE P\u00c9RICHON DE VANDEUIL Y SANTIAGO DE LINIERS - Blog","isPartOf":{"@id":"http:\/\/blog.argxp.com\/#website"},"primaryImageOfPage":{"@id":"https:\/\/blog.argxp.com\/fr\/blog\/marie-anne-perichon-de-vandeuil-y-santiago-de-liniers\/#primaryimage"},"image":{"@id":"https:\/\/blog.argxp.com\/fr\/blog\/marie-anne-perichon-de-vandeuil-y-santiago-de-liniers\/#primaryimage"},"thumbnailUrl":"","datePublished":"2022-06-27T01:08:07+00:00","breadcrumb":{"@id":"https:\/\/blog.argxp.com\/fr\/blog\/marie-anne-perichon-de-vandeuil-y-santiago-de-liniers\/#breadcrumb"},"inLanguage":"pt-BR","potentialAction":[{"@type":"ReadAction","target":["https:\/\/blog.argxp.com\/fr\/blog\/marie-anne-perichon-de-vandeuil-y-santiago-de-liniers\/"]}]},{"@type":"ImageObject","inLanguage":"pt-BR","@id":"https:\/\/blog.argxp.com\/fr\/blog\/marie-anne-perichon-de-vandeuil-y-santiago-de-liniers\/#primaryimage","url":"","contentUrl":""},{"@type":"BreadcrumbList","@id":"https:\/\/blog.argxp.com\/fr\/blog\/marie-anne-perichon-de-vandeuil-y-santiago-de-liniers\/#breadcrumb","itemListElement":[{"@type":"ListItem","position":1,"name":"Portada","item":"http:\/\/blog.argxp.com\/"},{"@type":"ListItem","position":2,"name":"MARIE ANNE P\u00c9RICHON DE VANDEUIL Y SANTIAGO DE LINIERS"}]},{"@type":"WebSite","@id":"http:\/\/blog.argxp.com\/#website","url":"http:\/\/blog.argxp.com\/","name":"blog","description":"","potentialAction":[{"@type":"SearchAction","target":{"@type":"EntryPoint","urlTemplate":"http:\/\/blog.argxp.com\/?s={search_term_string}"},"query-input":{"@type":"PropertyValueSpecification","valueRequired":true,"valueName":"search_term_string"}}],"inLanguage":"pt-BR"}]}},"_links":{"self":[{"href":"https:\/\/blog.argxp.com\/pt\/wp-json\/wp\/v2\/blog\/85459","targetHints":{"allow":["GET"]}}],"collection":[{"href":"https:\/\/blog.argxp.com\/pt\/wp-json\/wp\/v2\/blog"}],"about":[{"href":"https:\/\/blog.argxp.com\/pt\/wp-json\/wp\/v2\/types\/blog"}],"wp:attachment":[{"href":"https:\/\/blog.argxp.com\/pt\/wp-json\/wp\/v2\/media?parent=85459"}],"wp:term":[{"taxonomy":"blog-categoria","embeddable":true,"href":"https:\/\/blog.argxp.com\/pt\/wp-json\/wp\/v2\/blog-categoria?post=85459"}],"curies":[{"name":"wp","href":"https:\/\/api.w.org\/{rel}","templated":true}]}}