{"id":85466,"date":"2022-06-26T23:06:16","date_gmt":"2022-06-27T02:06:16","guid":{"rendered":"https:\/\/argentinaxp.com\/?post_type=blog&#038;p=85466"},"modified":"2022-06-26T23:06:16","modified_gmt":"2022-06-27T02:06:16","slug":"los-86-anos-del-obelisco-de-buenos-aires","status":"publish","type":"blog","link":"https:\/\/blog.argxp.com\/pt\/blog\/los-86-anos-del-obelisco-de-buenos-aires\/","title":{"rendered":"Os 86 anos do Obelisco de Buenos Aires"},"content":{"rendered":"<p class=\"wp-block-paragraph\">O obelisco \u00e9 considerado um \u00edcone da cidade de Buenos Aires, nos cart\u00f5es postais que percorrem o mundo, os pa\u00edses seduzem com as imagens de suas constru\u00e7\u00f5es mais emblem\u00e1ticas; Paris com a Torre Eiffel, Londres com o Big Ben ou Nova York com a Est\u00e1tua da Liberdade, uma daquelas imagens da Argentina e s\u00edmbolo inconfund\u00edvel da Cidade \u00e9 o Obelisco. No pr\u00f3ximo dia 23 de maio, este protagonista de in\u00fameros acontecimentos, completa 86 anos, \u00e9 uma boa oportunidade para conhec\u00ea-lo melhor.<\/p>\n\n\n\n<div class=\"wp-block-image\"><figure class=\"aligncenter size-large\"><img decoding=\"async\" src=\"https:\/\/blog.argxp.com\/wp-content\/uploads\/2025\/05\/8d67fe53-4eb0-4aaf-8cc8-a08511ad2fb0-800x429.jpg\" alt=\"Obelisco Buenos Aires\" class=\"wp-image-85468\"\/><\/figure><\/div>\n\n\n\n<p class=\"wp-block-paragraph\">O projeto de abertura da Avenida 9 de Julio, como art\u00e9ria que atravessava a cidade de Norte a Sul, datava de finais do s\u00e9culo XIX e, embora constasse de v\u00e1rios planos e projetos, a Lei Nacional 8855, que aprovou a desapropria\u00e7\u00e3o com utilidade p\u00fablica efeitos dos im\u00f3veis situados no futuro tra\u00e7ado da Avenida, data de 1912.<\/p>\n\n\n\n<p class=\"wp-block-paragraph\">Eram tempos de mudan\u00e7a e tudo se enquadrava num vasto plano de obras p\u00fablicas que implicava a reestrutura\u00e7\u00e3o e moderniza\u00e7\u00e3o da cidade para al\u00e9m do eixo que at\u00e9 ent\u00e3o era a Pra\u00e7a e a Avenida de Maio; era hora de resolver os problemas de tr\u00e1fego e velocidade dos ve\u00edculos e para isso a abertura da Avenida 9 de Julio contemplou uma rotat\u00f3ria no cruzamento da atual Av. Corrientes com a Diagonal Norte; a Plaza de la Rep\u00fablica, bem como o alargamento da Av. Corrientes.<\/p>\n\n\n\n<p class=\"wp-block-paragraph\">O endere\u00e7o exato do Obelisco \u00e9: Av. Corrientes 1066, Cidade de Buenos Aires, (Fonte: GCBA) mas\u2026 no mesmo lugar onde estava anteriormente?: o Hip\u00f3dromo, palco de circo onde se apresentou o famoso palha\u00e7o Frank Brown, o primitivo est\u00e1dio Luna Park, o Teatro del Pueblo e a igreja de San Nicol\u00e1s de Bari, erguida durante a col\u00f4nia na chamada Calle del Sol, depois San Nicol\u00e1s e depois Corrientes e que tamb\u00e9m deu nome ao bairro em que foi localizado.<\/p>\n\n\n\n<p class=\"wp-block-paragraph\">Por v\u00e1rias raz\u00f5es, a igreja de San Nicol\u00e1s de Bari foi um templo hist\u00f3rico: nela foram batizados Mariano Moreno e Manuel Dorrego, repousaram os restos mortais do presb\u00edtero Manuel Alberti; membro da Primeira Junta de Governo de 1810, falecido em janeiro de 1811 e tamb\u00e9m em sua torre a bandeira argentina foi hasteada pela primeira vez em 23 de agosto de 1812. A igreja foi demolida em 1931 e transferida para sua localiza\u00e7\u00e3o atual: Avenida Santa Fe 1364. \u00c9 a \u00fanica igreja colonial que atualmente n\u00e3o existe.<\/p>\n\n\n\n<p class=\"wp-block-paragraph\">Com toda a \u00e1rea reestruturada, o prefeito Mariano de Vedia y Mitre prop\u00f5e ao Governo Nacional a constru\u00e7\u00e3o de um obelisco na Pra\u00e7a da Rep\u00fablica como s\u00edmbolo do quarto centen\u00e1rio da funda\u00e7\u00e3o da Cidade de Buenos Aires.<\/p>\n\n\n\n<p class=\"wp-block-paragraph\">Um monumento que faria jus \u00e0 dimens\u00e3o do evento e no decreto da sua cria\u00e7\u00e3o referia-se a uma obra... &quot;Que aponta ao povo da Rep\u00fablica a verdadeira import\u00e2ncia do anivers\u00e1rio...&quot; &quot;... que n\u00e3o h\u00e1 monumento na Cidade que simbolize a homenagem \u00e0 Capital de toda a Na\u00e7\u00e3o\u2026\u201d Nascia assim o Obelisco.<\/p>\n\n\n\n<p class=\"wp-block-paragraph\">As obras come\u00e7aram em mar\u00e7o de 1936 e foram conclu\u00eddas dois meses depois, um grande desafio para a \u00e9poca.<\/p>\n\n\n\n<p class=\"wp-block-paragraph\">Em 23 de maio de 1936 foi inaugurado o grande Obelisco, obra do arquiteto Alberto Prebisch, uma das principais refer\u00eancias do modernismo argentino.<\/p>\n\n\n\n<p class=\"wp-block-paragraph\">Para otimizar os tempos e facilitar a concretagem, ela foi constru\u00edda em trechos de dois metros. Utilizando entre seus materiais 1300 m\u00b2 de pedra branca de Olaen, C\u00f3rdoba.<\/p>\n\n\n\n<div class=\"wp-block-image\"><figure class=\"aligncenter size-full\"><img decoding=\"async\" src=\"https:\/\/blog.argxp.com\/wp-content\/uploads\/2025\/05\/121a8cc2-1b1e-4acd-a982-56ea958611fe.jpg\" alt=\"obelisco do metr\u00f4\" class=\"wp-image-85470\"\/><\/figure><\/div>\n\n\n\n<p class=\"wp-block-paragraph\">A resolu\u00e7\u00e3o da estrutura foi conseguida com a localiza\u00e7\u00e3o de duas grandes bases nas laterais do t\u00fanel da linha D do metr\u00f4 (em constru\u00e7\u00e3o e inaugurada em 1937), que tamb\u00e9m repousava sobre os t\u00faneis inferiores da Linha B (1930), nestes duas bases, foram colocadas cinco grandes vigas que serviram de suporte para uma extensa laje sobre a qual repousa o obelisco.<\/p>\n\n\n\n<p class=\"wp-block-paragraph\">Sua altura total \u00e9 de 67,5 m; a 63,5m come\u00e7a o \u00e1pice, que \u00e9 de 3,5m. Possui apenas uma porta de entrada que d\u00e1 para o oeste da cidade e, no topo, quatro janelas que s\u00e3o acessadas por uma escada mar\u00edtima de 206 degraus, com sete patamares em intervalos de oito metros, exceto um deles \u00e0 dist\u00e2ncia de seis metros. Vistos de baixo, os patamares em forma de diamante t\u00eam capacidade limitada, em alguns trechos a parede \u00e9 t\u00e3o pr\u00f3xima que o cimento ro\u00e7a nas costas de quem sobe, mas n\u00e3o os patamares quadrados que permitem uma volta completa dentro do obelisco.<\/p>\n\n\n\n<p class=\"wp-block-paragraph\">Mais para o topo, existe um plano com dois orif\u00edcios: os &quot;olhos de fogo&quot; que permitem a passagem da luz do sol para o interior e acolhem a maravilhosa ponta romba que remata o obelisco.<\/p>\n\n\n\n<div class=\"wp-block-image\"><figure class=\"aligncenter size-large\"><img decoding=\"async\" src=\"https:\/\/blog.argxp.com\/wp-content\/uploads\/2025\/05\/17e5dce6-7a58-4663-a034-3555fc3d8eed-800x534.jpg\" alt=\"manuten\u00e7\u00e3o de obelisco\" class=\"wp-image-85471\"\/><\/figure><\/div>\n\n\n\n<p class=\"wp-block-paragraph\">Das janelas situadas no ponto rombudo, avistam-se os quatro pontos cardeais da Cidade; da janela oeste, Av. Corrientes, na dire\u00e7\u00e3o da Av. Callao, no leste, pode-se ver a Av. Corrientes na dire\u00e7\u00e3o oposta; em dire\u00e7\u00e3o \u00e0 Av. Leandro N. Alem e Puerto Madero e tamb\u00e9m a Diagonal Norte em dire\u00e7\u00e3o \u00e0 Plaza de Mayo; a vista sul, est\u00e1 com o edif\u00edcio do Minist\u00e9rio de A\u00e7\u00e3o Social da Na\u00e7\u00e3o e a Rodovia 25 de Mayo e pela janela norte voc\u00ea pode ver a Rodovia Dr. Arturo Umberto Illia (AV1Norte) e o R\u00edo de la Plata.<\/p>\n\n\n\n<p class=\"wp-block-paragraph\">Nas paredes internas foram gravadas legendas indicando a data, ano e participantes da conclus\u00e3o da obra, bem como a data de inaugura\u00e7\u00e3o. No exterior existem c\u00e2maras, radares e p\u00e1ra-raios.<\/p>\n\n\n\n<div class=\"wp-block-image\"><figure class=\"aligncenter size-full\"><img decoding=\"async\" src=\"https:\/\/blog.argxp.com\/wp-content\/uploads\/2025\/05\/7b77f133-a91d-498d-a220-8e1d85a5a289-1.jpg\" alt=\"inscri\u00e7\u00f5es de obelisco\" class=\"wp-image-85472\"\/><\/figure><\/div>\n\n\n\n<p class=\"wp-block-paragraph\">No exterior das quatro faces encontram-se inscri\u00e7\u00f5es que recordam diferentes acontecimentos hist\u00f3ricos: a fachada Norte diz: &quot;Neste lugar, na torre de San Nicol\u00e1s, foi i\u00e7ada pela primeira vez na cidade a bandeira nacional no dia XXIII de agosto de MDCCCXII &quot; , na frente oeste diz; &quot;Capital Federal, lei emitida pelo Congresso Nacional em XX de setembro de MDCCCLXXX por iniciativa do Presidente Nicol\u00e1s Avellaneda, decreto do Presidente Julio A. Roca VI de dezembro de MDCCCLXXX&quot;, a inscri\u00e7\u00e3o na frente sul diz: &quot;Segunda funda\u00e7\u00e3o por Juan de Garay XI de Junio de MDLXXX&quot; e tamb\u00e9m num pequeno rect\u00e2ngulo o poema &quot;El Obelisk&quot; que Baldomero Fernandez Moreno escreveu em homenagem a Alberto Prebisch (segundo a anedota, foi escrito durante um jantar no Hotel Alvear, em um guardanapo e entregue \u00e0 esposa de Prebisch), finalmente na frente leste, a inscri\u00e7\u00e3o diz: &quot;Buenos Aires \u00e0 Rep\u00fablica, no IV centen\u00e1rio da funda\u00e7\u00e3o da cidade por Don Pedro de Mendoza XI de fevereiro MDXXXVI&quot;.<\/p>\n\n\n\n<p class=\"wp-block-paragraph\">Em seus prim\u00f3rdios, o Obelisco foi rejeitado e foi ironicamente apelidado de &quot;peso de papel de cimento&quot;, &quot;punch&quot; ou &quot;estaca&quot;. Em 21 de junho de 1938, desprenderam-se pe\u00e7as de alvenaria, para as quais um ano depois foi votada sua demoli\u00e7\u00e3o no Conselho Deliberativo de Buenos Aires, argumentando por raz\u00f5es de seguran\u00e7a p\u00fablica, econ\u00f4micas e est\u00e9ticas, o Presidente da Rep\u00fablica Roberto M. Ortiz que expressou que o monumento comemorava um acontecimento importante como a primeira funda\u00e7\u00e3o de Buenos Aires, e que o Minist\u00e9rio de Obras P\u00fablicas arcaria com os custos da reforma, enquanto o prefeito da cidade de Buenos Aires, Arturo Goyeneche vetou a Portaria que aprovava a demoli\u00e7\u00e3o. O reparo foi feito, mas a lenda que indicava Prebisch como o arquiteto da obra se perdeu.<\/p>\n\n\n\n<p class=\"wp-block-paragraph\">Em diferentes ocasi\u00f5es, o Obelisco foi intervencionado: nos \u00faltimos dias de 1973, foi decorado como \u00e1rvore de Natal; em 1975 foi usado para entregar duas mensagens ao cidad\u00e3o: &quot;Sil\u00eancio \u00e9 sa\u00fade&quot; e &quot;Mantenha Buenos Aires limpo&quot;, em 2005 foi coberto com um pano rosa simulando um preservativo para comemorar o Dia Mundial de luta contra a AIDS e em Em 2009 foi decorado com uma pulseira com o slogan \u201cSay no More\u201d para anunciar a volta aos palcos do m\u00fasico Charly Garcia, e em algumas ocasi\u00f5es foi iluminado para comemorar datas marcantes.<\/p>\n\n\n\n<p class=\"wp-block-paragraph\">Algumas dessas interven\u00e7\u00f5es despertaram as pol\u00eamicas mais acaloradas, e talvez a que mais surpreendeu pela originalidade, foi a realizada em 2015 pelo artista pl\u00e1stico Leandro Erlich, que tentou criar a ilus\u00e3o de que o \u00e1pice havia sido retirado; Para conseguir isso, o monumento foi coberto com um revestimento de ferro que simulava seu concreto, enquanto uma r\u00e9plica do topo foi localizada no Museu de Arte Latino-Americana de Buenos Aires, (Malba), de suas janelas as vistas reais do obelisco simulando o visitante esteja no seu auge. Nas palavras do artista, gerou-se a fantasia de conhecer o obelisco por dentro, j\u00e1 que ele \u00e9 sempre visto de fora e de baixo.<\/p>\n\n\n\n<div class=\"wp-block-image\"><figure class=\"aligncenter size-large\"><img decoding=\"async\" src=\"https:\/\/blog.argxp.com\/wp-content\/uploads\/2025\/05\/5f3d9832-dfda-47ce-963b-3cce6dfd1f9f-1-800x533.jpg\" alt=\"manuten\u00e7\u00e3o de obelisco\" class=\"wp-image-85474\"\/><\/figure><\/div>\n\n\n\n<p class=\"wp-block-paragraph\">Regularmente, as tarefas de manuten\u00e7\u00e3o predial s\u00e3o realizadas pelo Minist\u00e9rio do Espa\u00e7o P\u00fablico e Higiene Urbana da C\u00e2mara Municipal, que tem as &quot;chaves do obelisco&quot; e autoriza qualquer entrada, desde que sejam necess\u00e1rias algumas medidas de seguran\u00e7a (arn\u00eas de escalada, cordas de seguran\u00e7a, luvas , capacetes) Assim, apenas alguns meios de comunica\u00e7\u00e3o nacionais e estrangeiros o visitaram para o mostrar por dentro.<\/p>\n\n\n\n<p class=\"wp-block-paragraph\">O p\u00fablico em geral pode visit\u00e1-lo por dentro? Apenas em ocasi\u00f5es excepcionais, uma delas foi quando o obelisco completou 75 anos e 75 vizinhos dos 15.000 inscritos puderam celebr\u00e1-lo.<\/p>\n\n\n\n<p class=\"wp-block-paragraph\">Ent\u00e3o, no anivers\u00e1rio de 80 anos, eles foram convidados pelas redes sociais a participar da experi\u00eancia e, dos 21.143 inscritos, foram sorteados oitenta inscri\u00e7\u00f5es.<\/p>\n\n\n\n<p class=\"wp-block-paragraph\">Nos pr\u00f3ximos dias e por ocasi\u00e3o do seu 86\u00ba anivers\u00e1rio, o p\u00fablico tamb\u00e9m foi convidado, atrav\u00e9s dos meios de comunica\u00e7\u00e3o e redes sociais, a participar da sele\u00e7\u00e3o para fazer a visita, evento que, como esperado, ter\u00e1 repercuss\u00e3o na imprensa.<\/p>\n\n\n\n<div class=\"wp-block-image\"><figure class=\"aligncenter size-large\"><img decoding=\"async\" src=\"https:\/\/blog.argxp.com\/wp-content\/uploads\/2025\/05\/50dafb22-ece9-4f87-9a30-776963e06ce9-800x785.jpg\" alt=\"Obelisco\" class=\"wp-image-85475\"\/><\/figure><\/div>\n\n\n\n<p class=\"wp-block-paragraph\">O Obelisco foi mais que um cart\u00e3o postal da cidade, presente nos momentos mais alegres e nas reivindica\u00e7\u00f5es mais angustiantes, ora do River, ora do Boca, mas sempre da Sele\u00e7\u00e3o, celebrava a Democracia e o Bicenten\u00e1rio como j\u00e1 Ao longo de sua hist\u00f3ria, tem sido o centro indiscut\u00edvel da express\u00e3o popular.<\/p>","protected":false},"featured_media":85467,"template":"","blog-categoria":[43],"class_list":["post-85466","blog","type-blog","status-publish","has-post-thumbnail","hentry","blog-categoria-historia-e-historias"],"yoast_head":"<!-- This site is optimized with the Yoast SEO plugin v28.4 - https:\/\/yoast.com\/product\/yoast-seo-wordpress\/ -->\n<title>Los 86 a\u00f1os del Obelisco de Buenos Aires - Blog<\/title>\n<meta name=\"robots\" content=\"noindex, follow, max-snippet:-1, max-image-preview:large, max-video-preview:-1\" \/>\n<meta property=\"og:locale\" content=\"pt_BR\" \/>\n<meta property=\"og:type\" content=\"article\" \/>\n<meta property=\"og:title\" content=\"Los 86 a\u00f1os del Obelisco de Buenos Aires - Blog\" \/>\n<meta property=\"og:description\" content=\"El obelisco es considerado un icono de la Ciudad de Buenos Aires, en las postales que recorren el mundo, los pa\u00edses seducen con las im\u00e1genes de sus construcciones m\u00e1s emblem\u00e1ticas; Par\u00eds con la Torre Eiffel, Londres con el Big Ben o Nueva York con la Estatua de la Libertad, una de esas im\u00e1genes de Argentina [&hellip;]\" \/>\n<meta property=\"og:url\" content=\"https:\/\/blog.argxp.com\/pt\/blog\/los-86-anos-del-obelisco-de-buenos-aires\/\" \/>\n<meta property=\"og:site_name\" content=\"Blog\" \/>\n<meta name=\"twitter:card\" content=\"summary_large_image\" \/>\n<meta name=\"twitter:label1\" content=\"Est. tempo de leitura\" \/>\n\t<meta name=\"twitter:data1\" content=\"9 minutos\" \/>\n<script type=\"application\/ld+json\" class=\"yoast-schema-graph\">{\"@context\":\"https:\\\/\\\/schema.org\",\"@graph\":[{\"@type\":\"WebPage\",\"@id\":\"https:\\\/\\\/blog.argxp.com\\\/it\\\/blog\\\/los-86-anos-del-obelisco-de-buenos-aires\\\/\",\"url\":\"https:\\\/\\\/blog.argxp.com\\\/it\\\/blog\\\/los-86-anos-del-obelisco-de-buenos-aires\\\/\",\"name\":\"Los 86 a\u00f1os del Obelisco de Buenos Aires - Blog\",\"isPartOf\":{\"@id\":\"http:\\\/\\\/blog.argxp.com\\\/#website\"},\"primaryImageOfPage\":{\"@id\":\"https:\\\/\\\/blog.argxp.com\\\/it\\\/blog\\\/los-86-anos-del-obelisco-de-buenos-aires\\\/#primaryimage\"},\"image\":{\"@id\":\"https:\\\/\\\/blog.argxp.com\\\/it\\\/blog\\\/los-86-anos-del-obelisco-de-buenos-aires\\\/#primaryimage\"},\"thumbnailUrl\":\"\",\"datePublished\":\"2022-06-27T02:06:16+00:00\",\"breadcrumb\":{\"@id\":\"https:\\\/\\\/blog.argxp.com\\\/it\\\/blog\\\/los-86-anos-del-obelisco-de-buenos-aires\\\/#breadcrumb\"},\"inLanguage\":\"pt-BR\",\"potentialAction\":[{\"@type\":\"ReadAction\",\"target\":[\"https:\\\/\\\/blog.argxp.com\\\/it\\\/blog\\\/los-86-anos-del-obelisco-de-buenos-aires\\\/\"]}]},{\"@type\":\"ImageObject\",\"inLanguage\":\"pt-BR\",\"@id\":\"https:\\\/\\\/blog.argxp.com\\\/it\\\/blog\\\/los-86-anos-del-obelisco-de-buenos-aires\\\/#primaryimage\",\"url\":\"\",\"contentUrl\":\"\"},{\"@type\":\"BreadcrumbList\",\"@id\":\"https:\\\/\\\/blog.argxp.com\\\/it\\\/blog\\\/los-86-anos-del-obelisco-de-buenos-aires\\\/#breadcrumb\",\"itemListElement\":[{\"@type\":\"ListItem\",\"position\":1,\"name\":\"Portada\",\"item\":\"http:\\\/\\\/blog.argxp.com\\\/\"},{\"@type\":\"ListItem\",\"position\":2,\"name\":\"Los 86 a\u00f1os del Obelisco de Buenos Aires\"}]},{\"@type\":\"WebSite\",\"@id\":\"http:\\\/\\\/blog.argxp.com\\\/#website\",\"url\":\"http:\\\/\\\/blog.argxp.com\\\/\",\"name\":\"Blog\",\"description\":\"\",\"potentialAction\":[{\"@type\":\"SearchAction\",\"target\":{\"@type\":\"EntryPoint\",\"urlTemplate\":\"http:\\\/\\\/blog.argxp.com\\\/?s={search_term_string}\"},\"query-input\":{\"@type\":\"PropertyValueSpecification\",\"valueRequired\":true,\"valueName\":\"search_term_string\"}}],\"inLanguage\":\"pt-BR\"}]}<\/script>\n<!-- \/ Yoast SEO plugin. -->","yoast_head_json":{"title":"Los 86 a\u00f1os del Obelisco de Buenos Aires - Blog","robots":{"index":"noindex","follow":"follow","max-snippet":"max-snippet:-1","max-image-preview":"max-image-preview:large","max-video-preview":"max-video-preview:-1"},"og_locale":"pt_BR","og_type":"article","og_title":"Los 86 a\u00f1os del Obelisco de Buenos Aires - Blog","og_description":"El obelisco es considerado un icono de la Ciudad de Buenos Aires, en las postales que recorren el mundo, los pa\u00edses seducen con las im\u00e1genes de sus construcciones m\u00e1s emblem\u00e1ticas; Par\u00eds con la Torre Eiffel, Londres con el Big Ben o Nueva York con la Estatua de la Libertad, una de esas im\u00e1genes de Argentina [&hellip;]","og_url":"https:\/\/blog.argxp.com\/pt\/blog\/los-86-anos-del-obelisco-de-buenos-aires\/","og_site_name":"Blog","twitter_card":"summary_large_image","twitter_misc":{"Est. tempo de leitura":"9 minutos"},"schema":{"@context":"https:\/\/schema.org","@graph":[{"@type":"WebPage","@id":"https:\/\/blog.argxp.com\/it\/blog\/los-86-anos-del-obelisco-de-buenos-aires\/","url":"https:\/\/blog.argxp.com\/it\/blog\/los-86-anos-del-obelisco-de-buenos-aires\/","name":"Los 86 a\u00f1os del Obelisco de Buenos Aires - Blog","isPartOf":{"@id":"http:\/\/blog.argxp.com\/#website"},"primaryImageOfPage":{"@id":"https:\/\/blog.argxp.com\/it\/blog\/los-86-anos-del-obelisco-de-buenos-aires\/#primaryimage"},"image":{"@id":"https:\/\/blog.argxp.com\/it\/blog\/los-86-anos-del-obelisco-de-buenos-aires\/#primaryimage"},"thumbnailUrl":"","datePublished":"2022-06-27T02:06:16+00:00","breadcrumb":{"@id":"https:\/\/blog.argxp.com\/it\/blog\/los-86-anos-del-obelisco-de-buenos-aires\/#breadcrumb"},"inLanguage":"pt-BR","potentialAction":[{"@type":"ReadAction","target":["https:\/\/blog.argxp.com\/it\/blog\/los-86-anos-del-obelisco-de-buenos-aires\/"]}]},{"@type":"ImageObject","inLanguage":"pt-BR","@id":"https:\/\/blog.argxp.com\/it\/blog\/los-86-anos-del-obelisco-de-buenos-aires\/#primaryimage","url":"","contentUrl":""},{"@type":"BreadcrumbList","@id":"https:\/\/blog.argxp.com\/it\/blog\/los-86-anos-del-obelisco-de-buenos-aires\/#breadcrumb","itemListElement":[{"@type":"ListItem","position":1,"name":"Portada","item":"http:\/\/blog.argxp.com\/"},{"@type":"ListItem","position":2,"name":"Los 86 a\u00f1os del Obelisco de Buenos Aires"}]},{"@type":"WebSite","@id":"http:\/\/blog.argxp.com\/#website","url":"http:\/\/blog.argxp.com\/","name":"blog","description":"","potentialAction":[{"@type":"SearchAction","target":{"@type":"EntryPoint","urlTemplate":"http:\/\/blog.argxp.com\/?s={search_term_string}"},"query-input":{"@type":"PropertyValueSpecification","valueRequired":true,"valueName":"search_term_string"}}],"inLanguage":"pt-BR"}]}},"_links":{"self":[{"href":"https:\/\/blog.argxp.com\/pt\/wp-json\/wp\/v2\/blog\/85466","targetHints":{"allow":["GET"]}}],"collection":[{"href":"https:\/\/blog.argxp.com\/pt\/wp-json\/wp\/v2\/blog"}],"about":[{"href":"https:\/\/blog.argxp.com\/pt\/wp-json\/wp\/v2\/types\/blog"}],"wp:attachment":[{"href":"https:\/\/blog.argxp.com\/pt\/wp-json\/wp\/v2\/media?parent=85466"}],"wp:term":[{"taxonomy":"blog-categoria","embeddable":true,"href":"https:\/\/blog.argxp.com\/pt\/wp-json\/wp\/v2\/blog-categoria?post=85466"}],"curies":[{"name":"wp","href":"https:\/\/api.w.org\/{rel}","templated":true}]}}