{"id":88240,"date":"2022-07-31T19:36:34","date_gmt":"2022-07-31T22:36:34","guid":{"rendered":"https:\/\/argentinaxp.com\/?post_type=blog&#038;p=88240"},"modified":"2022-07-31T19:36:34","modified_gmt":"2022-07-31T22:36:34","slug":"marca-personal","status":"publish","type":"blog","link":"https:\/\/blog.argxp.com\/pt\/blog\/marca-personal\/","title":{"rendered":"A \u201cMarca Pessoal\u201d e a sua import\u00e2ncia. o que \u00e9 muito"},"content":{"rendered":"<p class=\"wp-block-paragraph\">Hoje a &quot;Marca Pessoal&quot; pode fazer a diferen\u00e7a. Quer pretenda oferecer os seus servi\u00e7os a novos clientes, quer pretenda fidelizar os que j\u00e1 possui, a ideia de \u201cpersonal branding\u201d \u00e9 hoje um conceito da maior import\u00e2ncia em todas as \u00e1reas da atividade humana e sobretudo nas rela\u00e7\u00f5es pessoais. Nunca \u00e9 indiferente.<br \/>Vejamos do que se trata:<br \/>Trata-se de mostrar porque nos escolher \u00e9 o melhor que o nosso potencial empregador ou cliente pode fazer, e com isso colocamos em jogo os bens mais importantes que possu\u00edmos: o nosso nome, as nossas compet\u00eancias e conhecimentos e a nossa reputa\u00e7\u00e3o.<br \/>\u00c9 isso que devemos propor quando queremos dar-nos a conhecer, dizendo ao mundo que existimos e quanto valemos. A marca pessoal n\u00e3o \u00e9 nem mais nem menos que a marca que vamos deixar nos outros. Dito de forma um pouco mais pretensiosa, trata-se de definir nosso prop\u00f3sito e transcender com o que fazemos nas outras pessoas. Nada simples, ao que parece.<\/p>\n\n\n\n<h2 class=\"wp-block-heading\" id=\"h-y-como-crear-marca\">E como criar uma marca?<\/h2>\n\n\n\n<p class=\"wp-block-paragraph\">A grande refer\u00eancia do Marketing em espanhol, Vilma N\u00fa\u00f1ez, aconselha seguir estes passos para criar uma marca pessoal, robusta e saud\u00e1vel. Voc\u00ea tem que se fazer algumas perguntas:<br \/>*Primeiro, defina o nome que a marca pessoal ter\u00e1; Pode ser apenas o primeiro nome ou + sobrenome, ou um nome chique.<br \/>*Em seguida, escolha as palavras-chave que definir\u00e3o a marca pessoal do profissional ou empreendimento.<br \/>*Voc\u00ea deve criar uma mensagem que transmita essa marca pessoal. Por exemplo, no caso de acompanhante, uma proposta de valor: &quot;Um servi\u00e7o de excel\u00eancia, perfeito para os senhores mais exigentes, que o far\u00e1 voltar muito em breve e me recomendar.&quot;<br \/>*Devemos ponderar quais os Valores que v\u00e3o ser proclamados, aqueles que t\u00eam de estar presentes no design do novo emblema. Por exemplo: seriedade, profissionalismo, experi\u00eancia, discri\u00e7\u00e3o.<br \/>*\u00c9 muito importante o tom de comunica\u00e7\u00e3o que ser\u00e1 utilizado, seja ele formal ou coloquial. Recomendamos este \u00faltimo, mas sem cair no vulgar.<\/p>\n\n\n\n<h2 class=\"wp-block-heading\" id=\"h-y-no-olvides-que\">E n\u00e3o se esque\u00e7a disso...<\/h2>\n\n\n\n<p class=\"wp-block-paragraph\">*\u00c9 fundamental tratar com aten\u00e7\u00e3o a imagem e o design que a marca vai ter (tipografias, log\u00f3tipos, cores, etc.). N\u00e3o deixe nas m\u00e3os de amadores, nem recorra ao que nunca falta &quot;sobrinha gerente&quot; (aquele cara\/parente ou conhecido que &quot;pega jeito&quot; com design e tecnologia). Assim que puder, recorra a profissionais de imagem, porque \u00e9 um investimento em si!<br \/>*Voc\u00ea deve selecionar os canais por onde sua marca pessoal ir\u00e1 circular. Redes sociais, plataformas e sites de contato, f\u00f3runs, e-mails, etc. Eles podem ser todos ou alguns; \u00c9 essencial definir isso.<br \/>*Voc\u00ea deve criar um calend\u00e1rio editorial para definir as a\u00e7\u00f5es a serem realizadas e que tudo tenha uma ordem, principalmente se voc\u00ea planeja adicionar servi\u00e7os ou viagens. Se voc\u00ea vai divulgar sua marca pessoal nas redes sociais, \u00e9 indicado ter um calend\u00e1rio de conte\u00fado para publicar periodicamente por l\u00e1.<br \/>*Definir a\u00e7\u00f5es especiais; por exemplo: v\u00eddeos, participa\u00e7\u00e3o em eventos, viagens, produ\u00e7\u00f5es fotogr\u00e1ficas, e veja por quais canais divulg\u00e1-los.<\/p>\n\n\n\n<h2 class=\"wp-block-heading\" id=\"h-la-herramienta-fundamental-del-branding-el-storytelling\">La herramienta fundamental del branding: El \u00abStorytelling\u00bb<\/h2>\n\n\n\n<p class=\"wp-block-paragraph\">\u00c9 contar a sua hist\u00f3ria de forma interessante, coerente, cuidadosa, se poss\u00edvel, escrita ou pelo menos revisada por um redator profissional. Aqui deixo-vos o exemplo de um colega, <a href=\"https:\/\/argentinaxp.com\/blog\/ashly-tu-guia-sexual\/\">Ashley<\/a>.<br \/>A import\u00e2ncia de contar hist\u00f3rias na constru\u00e7\u00e3o da marca \u00e9 simplesmente TUDO. E n\u00e3o estamos exagerando. N\u00f3s, humanos, contamos hist\u00f3rias desde que aparecemos na face da terra, e tudo o que existe ou existir\u00e1 foi criado contando uma hist\u00f3ria.<br \/>Definimos o storytelling como a t\u00e9cnica e a habilidade de contar uma hist\u00f3ria peculiar que fala de uma pessoa, de uma organiza\u00e7\u00e3o ou de uma fam\u00edlia.<br \/>\u00c9 construir uma narrativa engenhosa que apela tanto \u00e0 realidade como \u00e0 imagina\u00e7\u00e3o de quem a ouve ou l\u00ea, capaz de transmitir as suas inquieta\u00e7\u00f5es e inquieta\u00e7\u00f5es, bem como as suas ideias e realiza\u00e7\u00f5es.<br \/>Elaborar este tipo de hist\u00f3rias requer sensibilidade, habilidade e uma linguagem expressiva rica. E tudo para alcan\u00e7ar a empatia: ser honesto consigo mesmo, ser um com o p\u00fablico e, acima de tudo, mostrar paix\u00e3o pelo que fazemos.<br \/>O objetivo do Storytelling aplicado \u00e0 marca pessoal \u00e9:<br \/>*Dar a conhecer<br \/>*ajuda e explica<br \/>*Preservar<br \/>* E principalmente cativar. S\u00f3 assim as marcas pessoais e as hist\u00f3rias por tr\u00e1s delas permanecem gravadas na mem\u00f3ria das pessoas.<br \/>Por isso, nada melhor do que praticar um bom Storytelling para criar uma imagem s\u00f3lida, memor\u00e1vel e cativante, que o identifique e consiga atrair clientes que depois s\u00e3o recomenda\u00e7\u00f5es entusi\u00e1sticas.<\/p>","protected":false},"featured_media":115978,"template":"","blog-categoria":[40],"class_list":["post-88240","blog","type-blog","status-publish","has-post-thumbnail","hentry","blog-categoria-estilo-vida"],"yoast_head":"<!-- This site is optimized with the Yoast SEO plugin v28.4 - https:\/\/yoast.com\/product\/yoast-seo-wordpress\/ -->\n<title>Marca personal branding y storytelling<\/title>\n<meta name=\"description\" content=\"&quot;Marca personal&quot; no es solo cuidar la propia imagen. Es un proceso que debe ser desarrollado paso a paso y con asesores expertos.\" \/>\n<meta name=\"robots\" content=\"noindex, follow, max-snippet:-1, max-image-preview:large, max-video-preview:-1\" \/>\n<meta property=\"og:locale\" content=\"pt_BR\" \/>\n<meta property=\"og:type\" content=\"article\" \/>\n<meta property=\"og:title\" content=\"Marca personal branding y storytelling\" \/>\n<meta property=\"og:description\" content=\"&quot;Marca personal&quot; no es solo cuidar la propia imagen. Es un proceso que debe ser desarrollado paso a paso y con asesores expertos.\" \/>\n<meta property=\"og:url\" content=\"https:\/\/blog.argxp.com\/pt\/blog\/marca-personal\/\" \/>\n<meta property=\"og:site_name\" content=\"Blog\" \/>\n<meta name=\"twitter:card\" content=\"summary_large_image\" \/>\n<meta name=\"twitter:label1\" content=\"Est. tempo de leitura\" \/>\n\t<meta name=\"twitter:data1\" content=\"4 minutos\" \/>\n<script type=\"application\/ld+json\" class=\"yoast-schema-graph\">{\"@context\":\"https:\\\/\\\/schema.org\",\"@graph\":[{\"@type\":\"WebPage\",\"@id\":\"https:\\\/\\\/blog.argxp.com\\\/it\\\/blog\\\/marca-personal\\\/\",\"url\":\"https:\\\/\\\/blog.argxp.com\\\/it\\\/blog\\\/marca-personal\\\/\",\"name\":\"Marca personal branding y storytelling\",\"isPartOf\":{\"@id\":\"http:\\\/\\\/blog.argxp.com\\\/#website\"},\"primaryImageOfPage\":{\"@id\":\"https:\\\/\\\/blog.argxp.com\\\/it\\\/blog\\\/marca-personal\\\/#primaryimage\"},\"image\":{\"@id\":\"https:\\\/\\\/blog.argxp.com\\\/it\\\/blog\\\/marca-personal\\\/#primaryimage\"},\"thumbnailUrl\":\"\",\"datePublished\":\"2022-07-31T22:36:34+00:00\",\"description\":\"\\\"Marca personal\\\" no es solo cuidar la propia imagen. Es un proceso que debe ser desarrollado paso a paso y con asesores expertos.\",\"breadcrumb\":{\"@id\":\"https:\\\/\\\/blog.argxp.com\\\/it\\\/blog\\\/marca-personal\\\/#breadcrumb\"},\"inLanguage\":\"pt-BR\",\"potentialAction\":[{\"@type\":\"ReadAction\",\"target\":[\"https:\\\/\\\/blog.argxp.com\\\/it\\\/blog\\\/marca-personal\\\/\"]}]},{\"@type\":\"ImageObject\",\"inLanguage\":\"pt-BR\",\"@id\":\"https:\\\/\\\/blog.argxp.com\\\/it\\\/blog\\\/marca-personal\\\/#primaryimage\",\"url\":\"\",\"contentUrl\":\"\"},{\"@type\":\"BreadcrumbList\",\"@id\":\"https:\\\/\\\/blog.argxp.com\\\/it\\\/blog\\\/marca-personal\\\/#breadcrumb\",\"itemListElement\":[{\"@type\":\"ListItem\",\"position\":1,\"name\":\"Portada\",\"item\":\"http:\\\/\\\/blog.argxp.com\\\/\"},{\"@type\":\"ListItem\",\"position\":2,\"name\":\"La \u00abMarca personal\u00bb y su importancia. Qu\u00e9 es mucha.\"}]},{\"@type\":\"WebSite\",\"@id\":\"http:\\\/\\\/blog.argxp.com\\\/#website\",\"url\":\"http:\\\/\\\/blog.argxp.com\\\/\",\"name\":\"Blog\",\"description\":\"\",\"potentialAction\":[{\"@type\":\"SearchAction\",\"target\":{\"@type\":\"EntryPoint\",\"urlTemplate\":\"http:\\\/\\\/blog.argxp.com\\\/?s={search_term_string}\"},\"query-input\":{\"@type\":\"PropertyValueSpecification\",\"valueRequired\":true,\"valueName\":\"search_term_string\"}}],\"inLanguage\":\"pt-BR\"}]}<\/script>\n<!-- \/ Yoast SEO plugin. -->","yoast_head_json":{"title":"Marca pessoal e storytelling","description":"&quot;Marca pessoal&quot; n\u00e3o \u00e9 apenas cuidar da pr\u00f3pria imagem. \u00c9 um processo que deve ser desenvolvido passo a passo e com consultores especializados.","robots":{"index":"noindex","follow":"follow","max-snippet":"max-snippet:-1","max-image-preview":"max-image-preview:large","max-video-preview":"max-video-preview:-1"},"og_locale":"pt_BR","og_type":"article","og_title":"Marca personal branding y storytelling","og_description":"\"Marca personal\" no es solo cuidar la propia imagen. Es un proceso que debe ser desarrollado paso a paso y con asesores expertos.","og_url":"https:\/\/blog.argxp.com\/pt\/blog\/marca-personal\/","og_site_name":"Blog","twitter_card":"summary_large_image","twitter_misc":{"Est. tempo de leitura":"4 minutos"},"schema":{"@context":"https:\/\/schema.org","@graph":[{"@type":"WebPage","@id":"https:\/\/blog.argxp.com\/it\/blog\/marca-personal\/","url":"https:\/\/blog.argxp.com\/it\/blog\/marca-personal\/","name":"Marca pessoal e storytelling","isPartOf":{"@id":"http:\/\/blog.argxp.com\/#website"},"primaryImageOfPage":{"@id":"https:\/\/blog.argxp.com\/it\/blog\/marca-personal\/#primaryimage"},"image":{"@id":"https:\/\/blog.argxp.com\/it\/blog\/marca-personal\/#primaryimage"},"thumbnailUrl":"","datePublished":"2022-07-31T22:36:34+00:00","description":"&quot;Marca pessoal&quot; n\u00e3o \u00e9 apenas cuidar da pr\u00f3pria imagem. \u00c9 um processo que deve ser desenvolvido passo a passo e com consultores especializados.","breadcrumb":{"@id":"https:\/\/blog.argxp.com\/it\/blog\/marca-personal\/#breadcrumb"},"inLanguage":"pt-BR","potentialAction":[{"@type":"ReadAction","target":["https:\/\/blog.argxp.com\/it\/blog\/marca-personal\/"]}]},{"@type":"ImageObject","inLanguage":"pt-BR","@id":"https:\/\/blog.argxp.com\/it\/blog\/marca-personal\/#primaryimage","url":"","contentUrl":""},{"@type":"BreadcrumbList","@id":"https:\/\/blog.argxp.com\/it\/blog\/marca-personal\/#breadcrumb","itemListElement":[{"@type":"ListItem","position":1,"name":"Portada","item":"http:\/\/blog.argxp.com\/"},{"@type":"ListItem","position":2,"name":"La \u00abMarca personal\u00bb y su importancia. Qu\u00e9 es mucha."}]},{"@type":"WebSite","@id":"http:\/\/blog.argxp.com\/#website","url":"http:\/\/blog.argxp.com\/","name":"blog","description":"","potentialAction":[{"@type":"SearchAction","target":{"@type":"EntryPoint","urlTemplate":"http:\/\/blog.argxp.com\/?s={search_term_string}"},"query-input":{"@type":"PropertyValueSpecification","valueRequired":true,"valueName":"search_term_string"}}],"inLanguage":"pt-BR"}]}},"_links":{"self":[{"href":"https:\/\/blog.argxp.com\/pt\/wp-json\/wp\/v2\/blog\/88240","targetHints":{"allow":["GET"]}}],"collection":[{"href":"https:\/\/blog.argxp.com\/pt\/wp-json\/wp\/v2\/blog"}],"about":[{"href":"https:\/\/blog.argxp.com\/pt\/wp-json\/wp\/v2\/types\/blog"}],"wp:attachment":[{"href":"https:\/\/blog.argxp.com\/pt\/wp-json\/wp\/v2\/media?parent=88240"}],"wp:term":[{"taxonomy":"blog-categoria","embeddable":true,"href":"https:\/\/blog.argxp.com\/pt\/wp-json\/wp\/v2\/blog-categoria?post=88240"}],"curies":[{"name":"wp","href":"https:\/\/api.w.org\/{rel}","templated":true}]}}