{"id":76187,"date":"2022-03-21T09:21:56","date_gmt":"2022-03-21T12:21:56","guid":{"rendered":"https:\/\/argentinaxp.com\/?post_type=blog&#038;p=76187"},"modified":"2022-03-21T09:21:56","modified_gmt":"2022-03-21T12:21:56","slug":"raquel-liberman-historia-de-una-mujer-que-fue-simbolo-de-la-lucha-contra-la-trata","status":"publish","type":"blog","link":"https:\/\/blog.argxp.com\/zh\/blog\/raquel-liberman-historia-de-una-mujer-que-fue-simbolo-de-la-lucha-contra-la-trata\/","title":{"rendered":"\u62c9\u594e\u5c14\u00b7\u5229\u4f2f\u66fc (Raquel Liberman)\uff1a\u4e00\u4f4d\u5973\u6027\u7684\u6545\u4e8b\uff0c\u5979\u662f\u6253\u51fb\u8d29\u5356\u4eba\u53e3\u7684\u8c61\u5f81"},"content":{"rendered":"<p class=\"wp-block-paragraph\"><strong>\u96f7\u5207\u5c14\u5229\u4f2f\u66fc<\/strong> \u5979\u4e8e 1935 \u5e74\u53bb\u4e16\u3002\u7532\u72b6\u817a\u764c\u541e\u566c\u4e86\u5979\u3002\u4ed6\u4e0d\u518d\u8bf4\u8bdd\u3002\u75db\u82e6\u662f\u77ed\u6682\u7684\uff0c\u4f46\u975e\u5e38\u75db\u82e6\u3002\u6ca1\u75c5\u4e4b\u524d\uff0c\u5979\u7684\u5bb9\u8c8c\u4e5f\u4e0d\u4f73\u3002\u4ed6\u4eca\u5e74 35 \u5c81\uff0c\u4f46\u770b\u4e0a\u53bb\u6709 50 \u591a\u5c81\u3002\u4ed6\u662f\u4e00\u4e2a\u75b2\u60eb\u4e0d\u582a\u3001\u7834\u788e\u7684\u4eba\u3002\u6709\u4e00\u4e2a\u6ca1\u6709\u653e\u5f03\u5979\u7684\u8fc7\u53bb\uff0c\u6709\u6c38\u6052\u7684\u75db\u82e6\u8d2f\u7a7f\u5979\u3002\u7136\u800c\uff0c\u5979\u662f\u4e00\u4e2a\u5b89\u9759\u7684\u5973\u4eba\u3002\u4ed6\u6218\u6597\u8fc7\uff0c\u4ed6\u5728\u9006\u5883\u4e2d\u6ca1\u6709\u653e\u5f03\uff0c\u4ed6\u8d62\u4e86\u3002\u514b\u670d\u4e00\u5207\u56f0\u96be\u3002<\/p>\n\n\n\n<figure class=\"wp-block-gallery has-nested-images columns-default is-cropped wp-block-gallery-1 is-layout-flex wp-block-gallery-is-layout-flex\">\n<figure class=\"wp-block-image size-large\"><img decoding=\"async\" data-id=\"76189\" src=\"https:\/\/blog.argxp.com\/wp-content\/uploads\/2025\/05\/pasaporte-raquel-liberman.jpg\" alt=\"\" class=\"wp-image-76189\"\/><\/figure>\n\n\n\n<figure class=\"wp-block-image size-large\"><img decoding=\"async\" data-id=\"76191\" src=\"https:\/\/blog.argxp.com\/wp-content\/uploads\/2025\/05\/raquel-liberman-prostituta-800x450.jpg\" alt=\"\" class=\"wp-image-76191\"\/><\/figure>\n\n\n\n<figure class=\"wp-block-image size-large\"><img decoding=\"async\" data-id=\"76190\" src=\"https:\/\/blog.argxp.com\/wp-content\/uploads\/2025\/05\/tumba-raquel-liberman.jpg\" alt=\"\" class=\"wp-image-76190\"\/><\/figure>\n\n\n\n<figure class=\"wp-block-image size-large\"><img decoding=\"async\" data-id=\"76192\" src=\"https:\/\/blog.argxp.com\/wp-content\/uploads\/2025\/05\/zwi-migdal-800x533.png\" alt=\"\" class=\"wp-image-76192\"\/><\/figure>\n<\/figure>\n\n\n\n<p class=\"wp-block-paragraph\"><strong>Ruchla Laja \u5229\u4f2f\u66fc<\/strong> \u4ed6\u4e8e 1900 \u5e74 7 \u6708 10 \u65e5\u51fa\u751f\u5728\u522b\u5c14\u5b63\u5207\u592b\uff08\u4eca\u4e4c\u514b\u5170\uff09\u3002\u5c0f\u65f6\u5019\uff0c\u5979\u968f\u7236\u6bcd\u79fb\u6c11\u5230\u534e\u6c99\uff0c\u5728\u90a3\u91cc\u5ea6\u8fc7\u4e86\u5979\u77ed\u6682\u751f\u547d\u4e2d\u8d85\u8fc7\u4e09\u5206\u4e4b\u4e8c\u7684\u65f6\u95f4\u3002 1919 \u5e74\uff0c\u5979\u4e0e Iaacov Ferber \u7ed3\u5a5a\uff0c\u6b21\u5e74\u4ed6\u4eec\u6709\u4e86\u7b2c\u4e00\u4e2a\u513f\u5b50\uff0cJoshu\u00e9\u3002 1921 \u5e74\uff0c\u5f53\u5979\u6000\u4e0a\u7b2c\u4e8c\u4e2a\u5b69\u5b50\u65f6\uff0c\u5979\u7684\u4e08\u592b\u79fb\u6c11\u5230\u963f\u6839\u5ef7\u5bfb\u627e\u5de5\u4f5c\u3002\u4f46\u4ed6\u7684\u6700\u540e\u51e0\u5e74\uff08\u4ee5\u53ca\u4ed6\u5728\u6b64\u671f\u95f4\u91c7\u7528\u7684\u540d\u5b57\uff09\u8ba9\u4ed6\u6c38\u5782\u4e0d\u673d\u3002\u5979\u7684\u547d\u8fd0\u662f\u88ab\u5ffd\u89c6\uff0c\u6210\u4e3a\u53e6\u4e00\u4e2a\u53d7\u5bb3\u8005\uff0c\u5c31\u50cf\u5176\u4ed6\u6210\u5343\u4e0a\u4e07\u7684\u4eba\u4e00\u6837\u3002\u4f46\u5979\u62d2\u7edd\u4e86\uff0c\u53cd\u6297\u4e86\u3002\u4ed6\u4ee5\u975e\u540c\u5bfb\u5e38\u7684\u52c7\u6c14\u633a\u8eab\u800c\u51fa\uff0c\u53cd\u6297\u5265\u524a\u4ed6\u7684\u4eba\u3002<\/p>\n\n\n\n<p class=\"wp-block-paragraph\">\u4ed6\u4ee5\u8bb8\u591a\u5386\u53f2\u8bb8\u53ef\u542f\u53d1\u4e86 Eugenia La China Su\u00e1rez \u5728\u963f\u6839\u5ef7\u8fd9\u4e2a\u5145\u6ee1\u7231\u4e0e\u590d\u4ec7\u7684\u56fd\u5ea6\u6240\u626e\u6f14\u7684\u89d2\u8272\u3002<br \/>\u4e0a\u4e16\u7eaa\u521d\uff0c\u6ce2\u5170\u7684\u751f\u6d3b\u5341\u5206\u8270\u82e6\u3002\u9965\u997f\u3001\u9700\u6c42\u548c\u5927\u5c60\u6740\u3002\u5bf9\u4e8e\u5e74\u8f7b\u7684\u72b9\u592a\u4eba\u6765\u8bf4\uff0c\u4efb\u4f55\u51fa\u53e3\u4f3c\u4e4e\u90fd\u5f88\u8bf1\u4eba\uff0c\u4e16\u754c\u4e0a\u4efb\u4f55\u5176\u4ed6\u76ee\u7684\u5730\u90fd\u63d0\u4f9b\u4e86\u5e7b\u60f3\u3002<\/p>\n\n\n\n<p class=\"wp-block-paragraph\">Ruchla como tantas otras j\u00f3venes polacas jud\u00edas parti\u00f3 hacia Argentina buscando un futuro mejor, escapar a la miseria. Pero su historia no es igual a la de las dem\u00e1s. \u00abLa Polaca\u00bb emigr\u00f3 a la Argentina en 1922 junto a dos peque\u00f1os hijos -Josu\u00e9 de dos a\u00f1os y Mois\u00e9s de meses- para reunirse con su esposo, que la esperaba en la localidad bonaerense de Tapalqu\u00e9. Elke, la cu\u00f1ada de \u00abla Polaca\u00bb, era la madama de un burdel. \u00abNo se sabe si Raquel sab\u00eda de esto antes de llegar al pa\u00eds o si cre\u00eda que iba a trabajar ayudando a su marido, que era sastre, pero nunca hab\u00eda conseguido trabajo y viv\u00eda de su hermana.\u201d<\/p>\n\n\n\n<p class=\"wp-block-paragraph\">\u7ed3\u6838\u75c5\u5bfc\u81f4 Iaacov \u6b7b\u4ea1\u540e\u4e0d\u4e45\u3002 Ruchla\uff0c\u62b5\u8fbe\u963f\u6839\u5ef7\u540e\u91c7\u7528\u4e86\u540d\u5b57 <strong>\u96f7\u5207\u5c14\u5229\u4f2f\u66fc<\/strong>\uff0c\uff08\u4ee5\u524d\u79fb\u6c11\u7684\u540d\u5b57\u662f\u897f\u73ed\u7259\u6587\uff09\u628a\u5979\u7684\u5b69\u5b50\u4ea4\u7ed9\u6765\u81ea\u5854\u5e15\u5c14\u514b\u7684\u4eba\u7167\u987e\uff0c\u5e76\u5b9a\u5c45\u5728\u5e03\u5b9c\u8bfa\u65af\u827e\u5229\u65af\u51c6\u5907\u8c0b\u751f\u3002\u5356\u6deb\u662f\u90a3\u4e2a\u65f6\u4ee3\u7684\u6807\u5fd7\uff0c\u662f\u4e00\u6761\u51e0\u4e4e\u65e0\u6cd5\u907f\u514d\u7684\u9053\u8def\u3002<br \/>\u6076\u68cd\u904d\u5e03\u5e03\u5b9c\u8bfa\u65af\u827e\u5229\u65af\u3002\u4ed6\u4eec\u6765\u5386\u4e0d\u4e00\u3002\u610f\u5927\u5229\u4eba\u3001\u897f\u73ed\u7259\u4eba\u3001\u6cd5\u56fd\u4eba\u3001\u72b9\u592a\u4eba\u3002\u968f\u7740\u65f6\u95f4\u7684\u63a8\u79fb\uff0c\u6700\u8457\u540d\u7684\u7ec4\u7ec7\u662f\u6ce2\u5170\u72b9\u592a\u4eba\u8840\u7edf\u7684 Zwi Migdal\u3002<\/p>\n\n\n\n<p class=\"wp-block-paragraph\"><strong>\u96f7\u5207\u5c14\u5229\u4f2f\u66fc<\/strong> \u4ed6\u5728 Zwi Migdal \u7684\u5993\u9662\u91cc\u5de5\u4f5c\u4e86\u51e0\u5e74\u3002\u5979\u7684\u540c\u610f\u6bd4\u5176\u4ed6\u5973\u5b69\u8981\u597d\u3002\u4ed6\u4fdd\u6301\u4e86\u66f4\u9ad8\u7684\u767e\u5206\u6bd4\u3002\u56e0\u6b64\uff0c\u4ed6\u5f88\u5feb\u5c31\u80fd\u591f\u7528 $1,500 \u8d2d\u4e70\u4ed6\u7684\u81ea\u7531\u3002<\/p>\n\n\n\n<p class=\"wp-block-paragraph\">\u4ed6\u7ee7\u7eed\u81ea\u5df1\u4fee\u70bc\u3002\u5979\u5ac1\u7ed9\u4e86\u4f55\u585e\u00b7\u79d1\u6069 (Jos\u00e9 Korn)\uff0c\u8bb8\u591a\u4eba\u8ba4\u4e3a\u4ed6\u662f\u6765\u81ea Zwi Migdal \u7684\u7279\u4f7f\uff0c\u76ee\u7684\u662f\u8ba9\u5979\u91cd\u65b0\u843d\u5165\u4ed6\u4eec\u7684\u9b54\u722a\u3002\u6ca1\u6709\u4eba\u80fd\u591f\u8f7b\u6613\u6446\u8131\u8fd9\u4e9b\u9ed1\u624b\u515a\u7ec4\u7ec7\u3002\u8fd9\u4e2a\u4eba\u9a97\u4e86\u62c9\u594e\u5c14\u3002\u4ed6\u4ee5\u6b3a\u8bc8\u624b\u6bb5\u4ece\u5979\u90a3\u91cc\u7528 60,000 \u6bd4\u7d22\u4ee5\u5979\u7684\u540d\u4e49\u8d2d\u4e70\u4e86\u4e00\u5957\u623f\u5b50\u3002\u79d1\u6069\u5b89\u5728\u90a3\u6240\u623f\u5b50\u91cc\uff0c\u5426\u5219\u600e\u4e48\u53ef\u80fd\u662f\u5993\u9662\u3002 Raquel \u518d\u4e00\u6b21\u4e00\u65e0\u6240\u6709\u3002\u4ed6\u5f00\u59cb\u5bfb\u6c42\u6b63\u4e49\u3002<\/p>\n\n\n\n<p class=\"wp-block-paragraph\">\u90a3\u4e2a\u5e74\u6536\u5165\u6570\u767e\u4e07\u7684\u5356\u6deb\u5546\u573a\u7684\u57ae\u53f0\u59cb\u4e8e\u8fd9\u4e2a\u5c0f\u9a97\u5c40\uff0c\u8fd9\u4e2a 30 \u5c81\u7684\u7cbe\u795e\u5d29\u6e83\u7684\u5e74\u8f7b\u4eba\u51b3\u5b9a\u4e0d\u539f\u8c05\u3002\u91ce\u5fc3\u548c\u900d\u9065\u6cd5\u5916\u5931\u53bb\u4e86 Zwi Migdal\u3002\u4ed6\u9047\u5230\u4e86\u4e00\u4f4d\u538c\u5026\u9a9a\u6270\u7684\u575a\u5b9a\u5973\u6027\u3001\u4e00\u4f4d\u6709\u539f\u5219\u7684\u4e13\u5458\u548c\u4e00\u4f4d\u6ca1\u6709\u9677\u5165\u8d2a\u6c61\u8bf1\u60d1\u7684\u6cd5\u5b98\u3002<br \/><br \/>Raquel \u548c\u5176\u4ed6\u6ce2\u5170\u5973\u5b69\u7684\u547d\u8fd0\u4e00\u6837\uff1a\u628a\u81ea\u5df1\u7684\u9752\u6625\u732e\u7ed9\u4e86\u75de\u5b50\u548c\u5ba2\u6237\uff0c\u8fc7\u65e9\u5730\u53d8\u8001\uff0c\u5bf9\u751f\u6d3b\u611f\u5230\u538c\u5026\uff0c\u88ab\u4e00\u4e2a\u66f4\u5e74\u8f7b\u7684\u4eba\u53d6\u4ee3\uff0c\u4e5f\u8bb8\u53ea\u6bd4\u5979\u5c0f\u4e94\u5c81\uff0c\u4f46\u6ca1\u6709\u660e\u663e\u7684\u78e8\u635f\u548c\u6cea\u6c34\u3002\uff0c\u4ed6\u7684\u8138\u4e0a\u6ca1\u6709\u5931\u8d25\u7684\u76b1\u7eb9\uff0c\u4ed6\u7684\u8eab\u4f53\u6ca1\u6709\u5265\u524a\u7684\u75d5\u8ff9\u3002<\/p>\n\n\n\n<p class=\"wp-block-paragraph\">\u90a3\u4e2a\u5973\u4eba\u7d22\u8981\u4e86\u5979\u7684\u94b1\u3002\u90a3\u7b14\u94b1\u5c31\u662f\u4ed6\u7684\u72ec\u7acb\u6027\u3002\u77db\u76fe\u7684\u662f\uff0c\u5979\u8bbe\u6cd5\u7ed3\u675f\u4e86\u5730\u75de\u6d41\u6c13\u7ec4\u7ec7\uff0c\u5e76\u60f3\u7528\u5979\u7684\u79ef\u84c4\u81ea\u5df1\u6210\u4e3a\u4e00\u540d\u592b\u4eba\u3002\u4ed6\u4eec\u6ca1\u6709\u542c\u5230\u4ed6\u4eec\u7684\u8981\u6c42\u3002\u65e0\u8bba\u662f\u5979\u7684\u524d\u592b\u79d1\u6069\uff0c\u8fd8\u662f\u5979\u53bb\u7684 Zwi Migdal \u7684\u8463\u4e8b\u3002\u7136\u540e\u5979\u8c34\u8d23\u4e86\u8fd9\u4e2a\u9a97\u5c40\uff0c\u4f46\u6ca1\u6709\u4eba\u76f8\u4fe1\u6cd5\u5b98\u4f1a\u542c\u5979\u7684\u8bdd\u3002\u8c01\u4f1a\u6ce8\u610f\u4e00\u4e2a\u6ce2\u5170\u5993\u5973\uff1f\u4ec0\u4e48\u6837\u7684\u8c03\u67e5\u4e0d\u80fd\u53ca\u65f6\u884c\u8d3f\uff1f<br \/>\u4ee5\u5ec9\u6d01\u7740\u79f0\u7684\u9053\u5fb7\u5bb6\u80e1\u91cc\u5965\u00b7\u963f\u5c14\u7d22\u52a0\u96f7 (Julio Alsogaray) \u4e13\u5458\u542c\u4e86\u62c9\u594e\u5c14\u7684\u8bdd\u5e76\u5f00\u59cb\u884c\u52a8\uff1a\u4ed6\u591a\u5e74\u6765\u4e00\u76f4\u652f\u6301\u8be5\u7ec4\u7ec7\uff0c\u5e76\u4e14\u603b\u662f\u649e\u4e0a\u6c89\u9ed8\u548c\u540c\u8c0b\u7684\u5899\u3002 Alsogaray \u9ad8\u8d35\u5730\u8b66\u544a Raquel \u6279\u51c6\u5979\u7684\u8c34\u8d23\u7684\u98ce\u9669\u3002\u62c9\u594e\u5c14\u9009\u62e9\u7ee7\u7eed\u524d\u8fdb\u3002\u5b83\u5728\u4e00\u4f4d\u8bda\u5b9e\u7684\u6cd5\u5b98\u3001\u5730\u65b9\u6cd5\u5b98\u66fc\u52aa\u57c3\u5c14\u00b7\u7f57\u5fb7\u91cc\u683c\u65af\u00b7\u5965\u574e\u6ce2 (Manuel Rodr\u00edguez Ocampo) \u8eab\u4e0a\u5f97\u5230\u4e86\u56de\u5e94\u3002<\/p>\n\n\n\n<p class=\"wp-block-paragraph\">\u4e3a\u4e86\u6210\u529f\u6295\u8bc9\uff0c\u62c9\u594e\u5c14\u8c0e\u62a5\u4e86\u5979\u7684\u51fa\u8eab\u3002\u4ed6\u60f3\u4fdd\u62a4\u4ed6\u7684\u5b69\u5b50\u3002\u4ed6\u53ea\u662f\u6309\u7167\u4f20\u8bf4\u7684\u5267\u672c\u8d70\u3002\u5979\u8bf4\u5979\u662f\u88ab\u4e00\u4e2a\u9a97\u4eba\u7684\u6c42\u5a5a\u5f15\u8bf1\u65c5\u884c\u7684\uff0c\u5f53\u5979\u5728\u6e2f\u53e3\u4e0b\u8239\u65f6\u88ab\u7ed1\u67b6\u5e76\u88ab\u8feb\u5356\u6deb\u3002<\/p>\n\n\n\n<p class=\"wp-block-paragraph\">Como escribi\u00f3 Jorge Luis Borges sobre su Emma Zunz: \u00abLa historia era incre\u00edble, en efecto, pero se impuso a todos, porque sustancialmente era cierta. Verdadero era el tono, verdadero el pudor, verdadero el odio. Verdadero tambi\u00e9n era el ultraje que hab\u00eda padecido; solo eran falsas las circunstancias, la hora y uno o dos nombres propios.\u00bb<br \/><br \/>Raquel, que comenz\u00f3 solo reclamando su deuda, termin\u00f3 denunciando y describiendo el funcionamiento de la red criminal. La Zwi Migdal no pudo resistir el embate. El juez orden\u00f3 108 detenciones. La justicia de aquella \u00e9poca -en las v\u00edsperas de la llamada \u00abd\u00e9cada infame\u00bb-, a trav\u00e9s de la C\u00e1mara de Apelaciones, finalmente dej\u00f3 bajo el r\u00e9gimen de prisi\u00f3n preventiva a solamente tres miembros secundarios de la organizaci\u00f3n. Todos los dem\u00e1s, fueron liberados. Pero las circunstancias hicieron que el emporio de los rufianes fuera demolido.<br \/><br \/>\u516c\u4f17\u8206\u8bba\u53d8\u5f97\u66f4\u52a0\u9053\u5fb7\u5316\uff081936 \u5e74\u5356\u6deb\u88ab\u53d6\u7f14\uff1aRaquel \u4ece\u672a\u89c1\u8fc7\u4ed6\uff0c\u5979\u5728\u524d\u4e00\u5e74\u53bb\u4e16\u4e86\uff09\u3002\u65b0\u95fb\u548c\u54d7\u4f17\u53d6\u5ba0\u7684\u51b2\u51fb\u7ed9\u4e86\u5b83\u5f88\u5927\u7684\u51b2\u51fb\uff0c\u53cd\u72b9\u56e0\u7d20\u4e5f\u8d77\u5230\u4e86\u4e00\u5b9a\u7684\u4f5c\u7528\u3002\u66f4\u5927\u548c\u66f4\u6210\u719f\u7684\u5356\u6deb\u7f51\u7edc\u88ab\u7ed5\u8fc7\uff0c\u56e0\u4e3a\u5b83\u4eec\u5c5e\u4e8e\u5176\u4ed6\u793e\u533a\u3002<br \/>Raquel \u7684\u62b1\u6028\u5bfc\u81f4\u4e86 Zwi Migdal \u7684\u57ae\u53f0\u3002\u8fd9\u662f\u4e00\u4e2a\u610f\u60f3\u4e0d\u5230\u7684\u7ed3\u679c\u3002\u591a\u5e74\u6765\uff0c\u65c5\u884c\u7684\u6545\u4e8b\u3001\u6b3a\u8bc8\u5a5a\u59fb\u7684\u6545\u4e8b\u3001\u8ba9\u4ed6\u8f7b\u4fe1\u7684\u9a97\u5c40\u4e00\u518d\u91cd\u590d\u3002<\/p>\n\n\n\n<p class=\"wp-block-paragraph\">\u6709\u4e00\u6b21\uff0c\u62c9\u594e\u5c14\u4e0e\u5979\u7684\u5b69\u5b50\u4eec\u91cd\u65b0\u56e2\u805a\uff0c\u5e76\u5728\u5e03\u5b9c\u8bfa\u65af\u827e\u5229\u65af\u591a\u4f4f\u4e86\u51e0\u5e74\u3002\u636e\u8bf4\u4ed6\u60f3\u62ff\u5230\u62a4\u7167\u8fd4\u56de\u534e\u6c99\uff0c\u4f46\u6ce2\u5170\u4e4b\u884c\u4e00\u76f4\u6ca1\u6709\u6210\u884c\u3002\u51e0\u4e2a\u6708\u540e\uff0c\u5373 1935 \u5e74 4 \u6708 7 \u65e5\uff0c\u5979\u88ab\u9001\u5f80 Cosme Argerich \u533b\u9662\uff0c\u5e76\u5728\u90a3\u91cc\u53bb\u4e16\u3002<br \/>\u81ea\u90a3\u6b21\u62b5\u8fbe\u5e03\u5b9c\u8bfa\u65af\u827e\u5229\u65af\u4ee5\u6765\uff0c\u5df2\u7ecf\u8fc7\u53bb\u4e86\u5341\u4e09\u5e74\u3002\u5982\u679c\u8fd4\u56de\u534e\u6c99\u6ca1\u6709\u5931\u8d25\uff0c\u4f55\u585e\u548c\u83ab\u4f0a\u585e\u65af\u5c31\u4f1a\u843d\u5165\u7eb3\u7cb9\u4e3b\u4e49\u7684\u9b54\u722a\uff0c\u7eb3\u7cb9\u4e3b\u4e49\u5df2\u7ecf\u5728\u5fb7\u56fd\uff0c\u5c24\u5176\u662f\u6ce2\u5170\u4e0a\u7a7a\u76d8\u65cb\u3002<\/p>\n\n\n\n<p class=\"wp-block-paragraph\">\u5b69\u5b50\u4eec\u53ea\u6709\u51e0\u5f20\u6bcd\u4eb2\u7684\u7167\u7247\uff0c\u5979\u5f88\u5f00\u5fc3\u3002<br \/>\u8fd9\u4f4d\u5728\u6ce2\u5170\u6446\u8131\u8d2b\u56f0\u5e76\u6ee1\u6000\u5e0c\u671b\u524d\u5f80\u963f\u6839\u5ef7\u5bfb\u627e\u673a\u4f1a\u7684\u5987\u5973\uff0c\u5728\u8fd9\u91cc\u9047\u5230\u4e86\u6b7b\u4ea1\u3001\u75db\u82e6\u3001\u8650\u5f85\u548c\u5265\u524a\u3002\u7136\u800c\uff0c\u4ee5\u5979\u81ea\u5df1\u7684\u65b9\u5f0f\uff0c\u72ec\u81ea\u4e00\u4eba\uff0c\u5bf9\u6297\u6574\u4e2a\u65f6\u4ee3\uff0c\u5979\u88ab\u9f13\u52b1\u53bb\u6218\u6597\uff0c\u4e3a\u5c5e\u4e8e\u5979\u7684\u4e1c\u897f\u800c\u6218\u3002\u8fd9\u662f\u4ed6\u7684\u9057\u4ea7\uff0c\u5c3d\u7ba1\u4e0d\u5e78\u7684\u662f\u4ed6\u4e0d\u4f1a\u53d1\u73b0\u4ed6\u4f5c\u4e3a\u79cd\u5b50\u7684\u56fd\u5bb6\u9884\u9632\u6cd5\u3002<br \/><br \/>En 2015, cuando se cumplieron 80 a\u00f1os de su muerte, colocaron una placa en su honor en el cementerio de Avellaneda. Durante la D\u00e9cada Infame se dec\u00eda que ese era \u00abel lugar para enterrar prostitutas y proxenetas\u00bb. No se sabe d\u00f3nde est\u00e1 su tumba porque los libros de las parcelas est\u00e1n en Israel. Pero s\u00ed que est\u00e1 junto a Iacoov.<br \/><br \/>Su historia de valent\u00eda trascendi\u00f3 en el tiempo. Se escribieron otros libros sobre la Polaca. La Subsecretar\u00eda de Derechos Humanos y Pluralismo Cultural de la ciudad de Buenos Aires entrega cada a\u00f1o el \u00ab<strong>\u62c9\u594e\u5c14\u5229\u4f2f\u66fc\u5956<\/strong>\u00bb a todas las personas y organizaciones no gubernamentales comprometidas con la protecci\u00f3n y\/o promoci\u00f3n de los derechos de las mujeres sobrevivientes de situaciones de violencia\u00bb, seg\u00fan dice la p\u00e1gina oficial de la Ciudad.<\/p>\n\n\n\n<p class=\"wp-block-paragraph\">\u63d0\u4ea4\u7ed9\u5e03\u5b9c\u8bfa\u65af\u827e\u5229\u65af\u7acb\u6cd5\u673a\u5173\u7684\u4e00\u4e2a\u9879\u76ee\u8981\u6c42\u5c06 <strong>\u96f7\u5207\u5c14\u5229\u4f2f\u66fc<\/strong> a la estaci\u00f3n Callao de la l\u00ednea D. La autora del proyecto, la legisladora de UCR-Evoluci\u00f3n Patricia Vischi dijo que \u00abnos pareci\u00f3 muy importante que fuera esta estaci\u00f3n del subte D porque la vida de <strong>\u96f7\u5207\u5c14\u5229\u4f2f\u66fc<\/strong> se desarroll\u00f3 en esta zona, donde ella fue victimizada, pero tambi\u00e9n donde, cuando pudo recuperarse, pudo poner un comercio con mucho sacrificio para criar a sus hijos\u00bb.<br \/><br \/>\u6587\u672c\u6c47\u7f16\u6765\u81ea\uff1aInfobae\uff0cLa Naci\u00f3n\u3002\u4e0e\u65b0\u95fb\u4eba\u4e00\u8d77\uff0cJos\u00e9 Luis Scarsi \u56fd\u5bb6\u56fe\u4e66\u9986\u7814\u7a76\u5458\u3002 Myrtha Schalom \u5728\u5979\u7684\u4e66 La Polaca \u4e2d\u901a\u8fc7\u4e00\u9879\u8270\u5de8\u7684\u7814\u7a76\u5de5\u4f5c\u63a8\u7ffb\u4e86\u6240\u6709\u8fd9\u4e9b\u4f20\u8bf4\u3002<\/p>","protected":false},"featured_media":76188,"template":"","blog-categoria":[43],"class_list":["post-76187","blog","type-blog","status-publish","has-post-thumbnail","hentry","blog-categoria-historia-e-historias"],"yoast_head":"<!-- This site is optimized with the Yoast SEO plugin v28.4 - https:\/\/yoast.com\/product\/yoast-seo-wordpress\/ -->\n<title>Raquel Liberman: Historia de una mujer s\u00edmbolo de la lucha contra la trata<\/title>\n<meta name=\"description\" content=\"La polaca Raquel Liberman: La ca\u00edda de la Zwi Migdal. V\u00edctima de trata que se rehus\u00f3, se rebel\u00f3 y con coraje se plant\u00f3 ante sus explotadores.\" \/>\n<meta name=\"robots\" content=\"noindex, follow, max-snippet:-1, max-image-preview:large, max-video-preview:-1\" \/>\n<meta property=\"og:locale\" content=\"zh_CN\" \/>\n<meta property=\"og:type\" content=\"article\" \/>\n<meta property=\"og:title\" content=\"Raquel Liberman: Historia de una mujer s\u00edmbolo de la lucha contra la trata\" \/>\n<meta property=\"og:description\" content=\"La polaca Raquel Liberman: La ca\u00edda de la Zwi Migdal. V\u00edctima de trata que se rehus\u00f3, se rebel\u00f3 y con coraje se plant\u00f3 ante sus explotadores.\" \/>\n<meta property=\"og:url\" content=\"https:\/\/blog.argxp.com\/zh\/\u535a\u5ba2\/raquel-liberman-historia-de-una-mujer-que-fue-simbolo-de-la-lucha-contra-la-trata\/\" \/>\n<meta property=\"og:site_name\" content=\"Blog\" \/>\n<meta name=\"twitter:card\" content=\"summary_large_image\" \/>\n<meta name=\"twitter:label1\" content=\"\u9884\u8ba1\u9605\u8bfb\u65f6\u95f4\" \/>\n\t<meta name=\"twitter:data1\" content=\"8 \u5206\" \/>\n<script type=\"application\/ld+json\" class=\"yoast-schema-graph\">{\"@context\":\"https:\\\/\\\/schema.org\",\"@graph\":[{\"@type\":\"WebPage\",\"@id\":\"https:\\\/\\\/blog.argxp.com\\\/zh\\\/%e5%8d%9a%e5%ae%a2\\\/raquel-liberman-historia-de-una-mujer-que-fue-simbolo-de-la-lucha-contra-la-trata\\\/\",\"url\":\"https:\\\/\\\/blog.argxp.com\\\/zh\\\/%e5%8d%9a%e5%ae%a2\\\/raquel-liberman-historia-de-una-mujer-que-fue-simbolo-de-la-lucha-contra-la-trata\\\/\",\"name\":\"Raquel Liberman: Historia de una mujer s\u00edmbolo de la lucha contra la trata\",\"isPartOf\":{\"@id\":\"http:\\\/\\\/blog.argxp.com\\\/#website\"},\"primaryImageOfPage\":{\"@id\":\"https:\\\/\\\/blog.argxp.com\\\/zh\\\/%e5%8d%9a%e5%ae%a2\\\/raquel-liberman-historia-de-una-mujer-que-fue-simbolo-de-la-lucha-contra-la-trata\\\/#primaryimage\"},\"image\":{\"@id\":\"https:\\\/\\\/blog.argxp.com\\\/zh\\\/%e5%8d%9a%e5%ae%a2\\\/raquel-liberman-historia-de-una-mujer-que-fue-simbolo-de-la-lucha-contra-la-trata\\\/#primaryimage\"},\"thumbnailUrl\":\"\",\"datePublished\":\"2022-03-21T12:21:56+00:00\",\"description\":\"La polaca Raquel Liberman: La ca\u00edda de la Zwi Migdal. V\u00edctima de trata que se rehus\u00f3, se rebel\u00f3 y con coraje se plant\u00f3 ante sus explotadores.\",\"breadcrumb\":{\"@id\":\"https:\\\/\\\/blog.argxp.com\\\/zh\\\/%e5%8d%9a%e5%ae%a2\\\/raquel-liberman-historia-de-una-mujer-que-fue-simbolo-de-la-lucha-contra-la-trata\\\/#breadcrumb\"},\"inLanguage\":\"zh-Hans\",\"potentialAction\":[{\"@type\":\"ReadAction\",\"target\":[\"https:\\\/\\\/blog.argxp.com\\\/zh\\\/%e5%8d%9a%e5%ae%a2\\\/raquel-liberman-historia-de-una-mujer-que-fue-simbolo-de-la-lucha-contra-la-trata\\\/\"]}]},{\"@type\":\"ImageObject\",\"inLanguage\":\"zh-Hans\",\"@id\":\"https:\\\/\\\/blog.argxp.com\\\/zh\\\/%e5%8d%9a%e5%ae%a2\\\/raquel-liberman-historia-de-una-mujer-que-fue-simbolo-de-la-lucha-contra-la-trata\\\/#primaryimage\",\"url\":\"\",\"contentUrl\":\"\"},{\"@type\":\"BreadcrumbList\",\"@id\":\"https:\\\/\\\/blog.argxp.com\\\/zh\\\/%e5%8d%9a%e5%ae%a2\\\/raquel-liberman-historia-de-una-mujer-que-fue-simbolo-de-la-lucha-contra-la-trata\\\/#breadcrumb\",\"itemListElement\":[{\"@type\":\"ListItem\",\"position\":1,\"name\":\"Portada\",\"item\":\"http:\\\/\\\/blog.argxp.com\\\/\"},{\"@type\":\"ListItem\",\"position\":2,\"name\":\"Raquel Liberman: Historia de una mujer que fue s\u00edmbolo de la lucha contra la trata\"}]},{\"@type\":\"WebSite\",\"@id\":\"http:\\\/\\\/blog.argxp.com\\\/#website\",\"url\":\"http:\\\/\\\/blog.argxp.com\\\/\",\"name\":\"Blog\",\"description\":\"\",\"potentialAction\":[{\"@type\":\"SearchAction\",\"target\":{\"@type\":\"EntryPoint\",\"urlTemplate\":\"http:\\\/\\\/blog.argxp.com\\\/?s={search_term_string}\"},\"query-input\":{\"@type\":\"PropertyValueSpecification\",\"valueRequired\":true,\"valueName\":\"search_term_string\"}}],\"inLanguage\":\"zh-Hans\"}]}<\/script>\n<!-- \/ Yoast SEO plugin. -->","yoast_head_json":{"title":"\u62c9\u594e\u5c14\u00b7\u5229\u4f2f\u66fc (Raquel Liberman)\uff1a\u4e00\u4e2a\u8c61\u5f81\u6253\u51fb\u4eba\u53e3\u8d29\u8fd0\u7684\u5973\u6027\u7684\u6545\u4e8b","description":"\u6ce2\u5170\u4eba Raquel Liberman\uff1aZwi Migdal \u7684\u57ae\u53f0\u3002\u62d2\u7edd\u3001\u53cd\u6297\u5e76\u52c7\u6562\u5730\u53cd\u6297\u5265\u524a\u8005\u7684\u8d29\u8fd0\u53d7\u5bb3\u8005\u3002","robots":{"index":"noindex","follow":"follow","max-snippet":"max-snippet:-1","max-image-preview":"max-image-preview:large","max-video-preview":"max-video-preview:-1"},"og_locale":"zh_CN","og_type":"article","og_title":"Raquel Liberman: Historia de una mujer s\u00edmbolo de la lucha contra la trata","og_description":"La polaca Raquel Liberman: La ca\u00edda de la Zwi Migdal. V\u00edctima de trata que se rehus\u00f3, se rebel\u00f3 y con coraje se plant\u00f3 ante sus explotadores.","og_url":"https:\/\/blog.argxp.com\/zh\/\u535a\u5ba2\/raquel-liberman-historia-de-una-mujer-que-fue-simbolo-de-la-lucha-contra-la-trata\/","og_site_name":"Blog","twitter_card":"summary_large_image","twitter_misc":{"\u9884\u8ba1\u9605\u8bfb\u65f6\u95f4":"8 \u5206"},"schema":{"@context":"https:\/\/schema.org","@graph":[{"@type":"WebPage","@id":"https:\/\/blog.argxp.com\/zh\/%e5%8d%9a%e5%ae%a2\/raquel-liberman-historia-de-una-mujer-que-fue-simbolo-de-la-lucha-contra-la-trata\/","url":"https:\/\/blog.argxp.com\/zh\/%e5%8d%9a%e5%ae%a2\/raquel-liberman-historia-de-una-mujer-que-fue-simbolo-de-la-lucha-contra-la-trata\/","name":"\u62c9\u594e\u5c14\u00b7\u5229\u4f2f\u66fc (Raquel Liberman)\uff1a\u4e00\u4e2a\u8c61\u5f81\u6253\u51fb\u4eba\u53e3\u8d29\u8fd0\u7684\u5973\u6027\u7684\u6545\u4e8b","isPartOf":{"@id":"http:\/\/blog.argxp.com\/#website"},"primaryImageOfPage":{"@id":"https:\/\/blog.argxp.com\/zh\/%e5%8d%9a%e5%ae%a2\/raquel-liberman-historia-de-una-mujer-que-fue-simbolo-de-la-lucha-contra-la-trata\/#primaryimage"},"image":{"@id":"https:\/\/blog.argxp.com\/zh\/%e5%8d%9a%e5%ae%a2\/raquel-liberman-historia-de-una-mujer-que-fue-simbolo-de-la-lucha-contra-la-trata\/#primaryimage"},"thumbnailUrl":"","datePublished":"2022-03-21T12:21:56+00:00","description":"\u6ce2\u5170\u4eba Raquel Liberman\uff1aZwi Migdal \u7684\u57ae\u53f0\u3002\u62d2\u7edd\u3001\u53cd\u6297\u5e76\u52c7\u6562\u5730\u53cd\u6297\u5265\u524a\u8005\u7684\u8d29\u8fd0\u53d7\u5bb3\u8005\u3002","breadcrumb":{"@id":"https:\/\/blog.argxp.com\/zh\/%e5%8d%9a%e5%ae%a2\/raquel-liberman-historia-de-una-mujer-que-fue-simbolo-de-la-lucha-contra-la-trata\/#breadcrumb"},"inLanguage":"zh-Hans","potentialAction":[{"@type":"ReadAction","target":["https:\/\/blog.argxp.com\/zh\/%e5%8d%9a%e5%ae%a2\/raquel-liberman-historia-de-una-mujer-que-fue-simbolo-de-la-lucha-contra-la-trata\/"]}]},{"@type":"ImageObject","inLanguage":"zh-Hans","@id":"https:\/\/blog.argxp.com\/zh\/%e5%8d%9a%e5%ae%a2\/raquel-liberman-historia-de-una-mujer-que-fue-simbolo-de-la-lucha-contra-la-trata\/#primaryimage","url":"","contentUrl":""},{"@type":"BreadcrumbList","@id":"https:\/\/blog.argxp.com\/zh\/%e5%8d%9a%e5%ae%a2\/raquel-liberman-historia-de-una-mujer-que-fue-simbolo-de-la-lucha-contra-la-trata\/#breadcrumb","itemListElement":[{"@type":"ListItem","position":1,"name":"Portada","item":"http:\/\/blog.argxp.com\/"},{"@type":"ListItem","position":2,"name":"Raquel Liberman: Historia de una mujer que fue s\u00edmbolo de la lucha contra la trata"}]},{"@type":"WebSite","@id":"http:\/\/blog.argxp.com\/#website","url":"http:\/\/blog.argxp.com\/","name":"\u535a\u5ba2","description":"","potentialAction":[{"@type":"SearchAction","target":{"@type":"EntryPoint","urlTemplate":"http:\/\/blog.argxp.com\/?s={search_term_string}"},"query-input":{"@type":"PropertyValueSpecification","valueRequired":true,"valueName":"search_term_string"}}],"inLanguage":"zh-Hans"}]}},"_links":{"self":[{"href":"https:\/\/blog.argxp.com\/zh\/wp-json\/wp\/v2\/blog\/76187","targetHints":{"allow":["GET"]}}],"collection":[{"href":"https:\/\/blog.argxp.com\/zh\/wp-json\/wp\/v2\/blog"}],"about":[{"href":"https:\/\/blog.argxp.com\/zh\/wp-json\/wp\/v2\/types\/blog"}],"wp:attachment":[{"href":"https:\/\/blog.argxp.com\/zh\/wp-json\/wp\/v2\/media?parent=76187"}],"wp:term":[{"taxonomy":"blog-categoria","embeddable":true,"href":"https:\/\/blog.argxp.com\/zh\/wp-json\/wp\/v2\/blog-categoria?post=76187"}],"curies":[{"name":"wp","href":"https:\/\/api.w.org\/{rel}","templated":true}]}}